{"id":1137,"date":"2018-11-22T15:20:09","date_gmt":"2018-11-22T17:20:09","guid":{"rendered":"http:\/\/revidigital.com.br\/?p=1137"},"modified":"2018-11-22T15:20:09","modified_gmt":"2018-11-22T17:20:09","slug":"podcast-discute-relacao-entre-arte-e-politica","status":"publish","type":"post","link":"https:\/\/revidigital.ielusc.br\/index.php\/2018\/11\/22\/podcast-discute-relacao-entre-arte-e-politica\/","title":{"rendered":"Podcast  discute rela\u00e7\u00e3o entre arte e pol\u00edtica"},"content":{"rendered":"<p>A passagem de <strong>Roger Waters<\/strong> (ex-l\u00edder do Pink Floyd) pelo Brasil, em plena campanha eleitoral, reacendeu uma antiga discuss\u00e3o sobre a rela\u00e7\u00e3o entre arte e pol\u00edtica. <strong>Cultura Livre<\/strong>, o primeiro epis\u00f3dio do <strong>podcast<\/strong> <strong>Primeira Pauta<\/strong>, traz mais reflex\u00f5es sobre esse tema.<\/p>\n<p>O podcast \u00e9 produzido pelos alunos da quarta fase de Jornalismo, na disciplina de Radiojornalismo 2, com orienta\u00e7\u00e3o da professora Solange Engelmann. \u00a0O Cultura Livre foi produzido pelos estudantes Roger Caetano, J\u00falia Venturi, Juliana Mews e Samantha Reinert.<\/p>\n<p>Entre os entrevistados est\u00e3o o jornalista Rubens Herbst (Orelhada), o escritor Jura Arruda e a professora Patr\u00edcia Villar. Ou\u00e7a agora mesmo o <a href=\"https:\/\/soundcloud.com\/user-614882189\/podcast-primeira-pauta-episodio-cultura-livre_tema-arte-e-politica\">Cultura Livre.<\/a><\/p>\n","protected":false},"excerpt":{"rendered":"<p>A passagem de Roger Waters (ex-l\u00edder do Pink Floyd) pelo Brasil, em plena campanha eleitoral, reacendeu uma antiga discuss\u00e3o sobre a rela\u00e7\u00e3o entre arte e pol\u00edtica. Cultura Livre, o primeiro epis\u00f3dio do podcast Primeira Pauta, traz mais reflex\u00f5es sobre esse tema. O podcast \u00e9 produzido pelos alunos da quarta fase de Jornalismo, na disciplina de [&hellip;]<\/p>\n","protected":false},"author":5,"featured_media":1139,"comment_status":"open","ping_status":"open","sticky":false,"template":"","format":"standard","meta":{"footnotes":""},"categories":[14,20,24,26],"tags":[269,90,25,185,298],"_links":{"self":[{"href":"https:\/\/revidigital.ielusc.br\/index.php\/wp-json\/wp\/v2\/posts\/1137"}],"collection":[{"href":"https:\/\/revidigital.ielusc.br\/index.php\/wp-json\/wp\/v2\/posts"}],"about":[{"href":"https:\/\/revidigital.ielusc.br\/index.php\/wp-json\/wp\/v2\/types\/post"}],"author":[{"embeddable":true,"href":"https:\/\/revidigital.ielusc.br\/index.php\/wp-json\/wp\/v2\/users\/5"}],"replies":[{"embeddable":true,"href":"https:\/\/revidigital.ielusc.br\/index.php\/wp-json\/wp\/v2\/comments?post=1137"}],"version-history":[{"count":0,"href":"https:\/\/revidigital.ielusc.br\/index.php\/wp-json\/wp\/v2\/posts\/1137\/revisions"}],"wp:featuredmedia":[{"embeddable":true,"href":"https:\/\/revidigital.ielusc.br\/index.php\/wp-json\/"}],"wp:attachment":[{"href":"https:\/\/revidigital.ielusc.br\/index.php\/wp-json\/wp\/v2\/media?parent=1137"}],"wp:term":[{"taxonomy":"category","embeddable":true,"href":"https:\/\/revidigital.ielusc.br\/index.php\/wp-json\/wp\/v2\/categories?post=1137"},{"taxonomy":"post_tag","embeddable":true,"href":"https:\/\/revidigital.ielusc.br\/index.php\/wp-json\/wp\/v2\/tags?post=1137"}],"curies":[{"name":"wp","href":"https:\/\/api.w.org\/{rel}","templated":true}]}}