{"id":1161,"date":"2018-11-27T15:17:00","date_gmt":"2018-11-27T17:17:00","guid":{"rendered":"http:\/\/revidigital.com.br\/?p=1161"},"modified":"2018-11-27T15:17:00","modified_gmt":"2018-11-27T17:17:00","slug":"unidos-pela-diversidade-escolhe-rainha-da-bateria","status":"publish","type":"post","link":"https:\/\/revidigital.ielusc.br\/index.php\/2018\/11\/27\/unidos-pela-diversidade-escolhe-rainha-da-bateria\/","title":{"rendered":"Unidos pela Diversidade escolhe rainha da bateria"},"content":{"rendered":"<p>Est\u00e1 definido o \u201creinado\u201d da <strong>Unidos pela Diversidade<\/strong> para os pr\u00f3ximos dois anos. A escolha da rainha e madrinha da <strong>bateria<\/strong>, musa e princesas da escola de samba ocorreu no s\u00e1bado, na Liga de Sociedades. Tamb\u00e9m foi noite de coroa\u00e7\u00e3o da nova <strong>Rainha<\/strong> da Escola, Sabrina Lima, a \u201cBina\u201d, que at\u00e9 ent\u00e3o reinava na bateria dos Gladiadores, como s\u00e3o chamados os ritmistas da agremia\u00e7\u00e3o.<\/p>\n<p>Oito candidatas disputaram os t\u00edtulos mediante notas para cinco quesitos: beleza, simpatia, figurino, samba no p\u00e9 e esp\u00edrito carnavalesco. Veja abaixo as escolhidas.<\/p>\n<p><img decoding=\"async\" loading=\"lazy\" class=\"alignnone size-full wp-image-1162\" src=\"http:\/\/revidigital.com.br\/wp-content\/uploads\/2018\/11\/Corte-Div.jpg\" alt=\"\" width=\"654\" height=\"663\" \/><\/p>\n<p>A Unidos pela Diversidade foi oficialmente fundada como escola de <strong>samba<\/strong> em 1\u00ba de abril de 2011. Antes disso, desfilava como bloco. \u201cSomos uma entidade legalizada, com estatuto, assembleia, e isso possibilita a participa\u00e7\u00e3o em projetos, como Simdec, mecenato\u201d, explica a presidente In\u00eas Gon\u00e7alves. A escola tamb\u00e9m realiza eventos, como sua tradicional feijoada, que costuma atrair p\u00fablico de 700 pessoas.<\/p>\n<p>No ano passado, a Diversidade reuniu 680 componentes e tamb\u00e9m fez um protesto na avenida. A <strong>bateria<\/strong> parou por alguns instantes e todos cantaram \u201cn\u00e3o deixe o samba morrer, n\u00e3o deixe o samba acabar\u201d, em sinal de apelo para que o munic\u00edpio apoie essa manifesta\u00e7\u00e3o cultural brasileira.<\/p>\n<p>Durante a escolha da corte da Diversidade, houve apresenta\u00e7\u00e3o da passista Elaine Ribeiro, que j\u00e1 foi musa da Escola Porto da Pedra (Rio de Janeiro).<\/p>\n<div style=\"position: relative; height: 0; padding-bottom: 75.0%;\"><iframe loading=\"lazy\" style=\"position: absolute; width: 100%; height: 100%; left: 0;\" src=\"https:\/\/www.youtube.com\/embed\/4T0qCdg6fqg?ecver=2\" width=\"480\" height=\"360\" frameborder=\"0\" allowfullscreen=\"allowfullscreen\"><\/iframe><\/div>\n<p>&nbsp;<\/p>\n<h3><strong>Tempo de reorganiza\u00e7\u00e3o<\/strong><\/h3>\n<p>In\u00eas conta que as escolas de samba de Joinville passam por um momento de reorganiza\u00e7\u00e3o. \u201cDiante de algumas tristezas, da desvaloriza\u00e7\u00e3o cultural que vem se espalhando pelo pa\u00eds, n\u00f3s estamos reestruturando a Liga das Escolas, com nova diretoria. Cada escola tem dois representantes\u201d, afirma. A inten\u00e7\u00e3o \u00e9 conquistar apoio da iniciativa privada, a fim de fortalecer o <strong>Carnaval<\/strong> de Joinville e evitar a depend\u00eancia de recursos p\u00fablicos.<\/p>\n<p>Ainda n\u00e3o h\u00e1 defini\u00e7\u00f5es de parcerias para 2019, mas os contatos com empresas j\u00e1 iniciaram. \u201cQueremos chegar ao ponto de ver todas as escolas com igualdade de condi\u00e7\u00f5es, afinal se o Carnaval j\u00e1 leva de 30 a 35 mil pessoas pra avenida, n\u00e3o tem como dizer que o povo n\u00e3o gosta de Carnaval, o que falta \u00e9 estruturar melhor\u201d, defende In\u00eas.<\/p>\n<figure id=\"attachment_1164\" aria-describedby=\"caption-attachment-1164\" style=\"width: 1232px\" class=\"wp-caption alignnone\"><img decoding=\"async\" loading=\"lazy\" class=\"wp-image-1164 size-full\" src=\"http:\/\/revidigital.com.br\/wp-content\/uploads\/2018\/11\/Equipe.jpeg\" alt=\"\" width=\"1232\" height=\"816\" \/><figcaption id=\"caption-attachment-1164\" class=\"wp-caption-text\">Integrantes da Unidos pela Diversidade unem esfor\u00e7os para manter vivo o Carnaval<\/figcaption><\/figure>\n<p>Em anos anteriores, prefeitos receberam orienta\u00e7\u00e3o dos \u00f3rg\u00e3os de controle de contas p\u00fablicas recomendando n\u00e3o destinar recursos financeiros para o Carnaval, sob alega\u00e7\u00e3o de que o dinheiro deveria ser investido em outras \u00e1reas, como sa\u00fade, por exemplo. \u201cAs pessoas acatam facilmente essa ideia de que n\u00e3o \u00e9 para investir em cultura. Escolas de samba n\u00e3o podem levar uma culpa que n\u00e3o \u00e9 delas, afinal cultura tamb\u00e9m \u00e9 um direito da popula\u00e7\u00e3o\u201d, afirma a presidente da Diversidade. Por conta de todos esses entraves \u00e9 que as escolas querem se reestruturar e construir novas parcerias.<\/p>\n<p>Das seis escolas de samba de Joinville, quatro s\u00e3o presididas por mulheres. Mesmo com poucos recursos, a tradi\u00e7\u00e3o do Carnaval vem crescendo no munic\u00edpio. In\u00eas destaca a iniciativa dos fundadores da Unidos pela Diversidade: Jackson de Oliveira, Rog\u00e9rio de Sousa Junior, Windsor Rodrigues Prado de Morais e Iara Vieira. \u201cEles come\u00e7aram um trabalho muito bonito que hoje agrega uma equipe sempre disposta a colaborar\u201d, afirma. O carnavalesco Jean Val\u00e9rio \u00e9 o atual vice-presidente da escola.<\/p>\n<figure id=\"attachment_1163\" aria-describedby=\"caption-attachment-1163\" style=\"width: 1232px\" class=\"wp-caption alignnone\"><img decoding=\"async\" loading=\"lazy\" class=\"wp-image-1163 size-full\" src=\"http:\/\/revidigital.com.br\/wp-content\/uploads\/2018\/11\/In\u00eas.jpeg\" alt=\"\" width=\"1232\" height=\"816\" \/><figcaption id=\"caption-attachment-1163\" class=\"wp-caption-text\">Presidente In\u00eas, passista Elaine Ribeiro e o carnavalesco Jean Val\u00e9rio\/ Fotos: divulga\u00e7\u00e3o<\/figcaption><\/figure>\n","protected":false},"excerpt":{"rendered":"<p>Est\u00e1 definido o \u201creinado\u201d da Unidos pela Diversidade para os pr\u00f3ximos dois anos. A escolha da rainha e madrinha da bateria, musa e princesas da escola de samba ocorreu no s\u00e1bado, na Liga de Sociedades. Tamb\u00e9m foi noite de coroa\u00e7\u00e3o da nova Rainha da Escola, Sabrina Lima, a \u201cBina\u201d, que at\u00e9 ent\u00e3o reinava na bateria [&hellip;]<\/p>\n","protected":false},"author":5,"featured_media":1165,"comment_status":"open","ping_status":"open","sticky":false,"template":"","format":"standard","meta":{"footnotes":""},"categories":[14,20],"tags":[308,309,310,311],"_links":{"self":[{"href":"https:\/\/revidigital.ielusc.br\/index.php\/wp-json\/wp\/v2\/posts\/1161"}],"collection":[{"href":"https:\/\/revidigital.ielusc.br\/index.php\/wp-json\/wp\/v2\/posts"}],"about":[{"href":"https:\/\/revidigital.ielusc.br\/index.php\/wp-json\/wp\/v2\/types\/post"}],"author":[{"embeddable":true,"href":"https:\/\/revidigital.ielusc.br\/index.php\/wp-json\/wp\/v2\/users\/5"}],"replies":[{"embeddable":true,"href":"https:\/\/revidigital.ielusc.br\/index.php\/wp-json\/wp\/v2\/comments?post=1161"}],"version-history":[{"count":0,"href":"https:\/\/revidigital.ielusc.br\/index.php\/wp-json\/wp\/v2\/posts\/1161\/revisions"}],"wp:featuredmedia":[{"embeddable":true,"href":"https:\/\/revidigital.ielusc.br\/index.php\/wp-json\/"}],"wp:attachment":[{"href":"https:\/\/revidigital.ielusc.br\/index.php\/wp-json\/wp\/v2\/media?parent=1161"}],"wp:term":[{"taxonomy":"category","embeddable":true,"href":"https:\/\/revidigital.ielusc.br\/index.php\/wp-json\/wp\/v2\/categories?post=1161"},{"taxonomy":"post_tag","embeddable":true,"href":"https:\/\/revidigital.ielusc.br\/index.php\/wp-json\/wp\/v2\/tags?post=1161"}],"curies":[{"name":"wp","href":"https:\/\/api.w.org\/{rel}","templated":true}]}}