{"id":1172,"date":"2018-11-27T17:39:59","date_gmt":"2018-11-27T19:39:59","guid":{"rendered":"http:\/\/revidigital.com.br\/?p=1172"},"modified":"2018-11-27T17:39:59","modified_gmt":"2018-11-27T19:39:59","slug":"fotorreportagem-alegria-feita-de-croche","status":"publish","type":"post","link":"https:\/\/revidigital.ielusc.br\/index.php\/2018\/11\/27\/fotorreportagem-alegria-feita-de-croche\/","title":{"rendered":"Fotorreportagem: Alegria feita de croch\u00ea"},"content":{"rendered":"<p>Esta fotorreportagem foi produzida para a disciplina de Fotojornalismo II, sob a orienta\u00e7\u00e3o da professora Luiza Martin, pela acad\u00eamica J\u00e9ssica Horr.<\/p>\n<p><img decoding=\"async\" loading=\"lazy\" class=\"alignnone size-full wp-image-1173\" src=\"http:\/\/revidigital.com.br\/wp-content\/uploads\/2018\/11\/DSC_0113.png\" alt=\"\" width=\"2511\" height=\"1669\" \/><\/p>\n<p><img decoding=\"async\" loading=\"lazy\" class=\"alignnone size-full wp-image-1174\" src=\"http:\/\/revidigital.com.br\/wp-content\/uploads\/2018\/11\/foto-1.jpg\" alt=\"\" width=\"6016\" height=\"4832\" \/><\/p>\n<p><img decoding=\"async\" loading=\"lazy\" class=\"alignnone size-full wp-image-1175\" src=\"http:\/\/revidigital.com.br\/wp-content\/uploads\/2018\/11\/Foto-2.jpg\" alt=\"\" width=\"6016\" height=\"4000\" \/><\/p>\n<p><img decoding=\"async\" loading=\"lazy\" class=\"alignnone size-full wp-image-1177\" src=\"http:\/\/revidigital.com.br\/wp-content\/uploads\/2018\/11\/Foto-3.jpg\" alt=\"\" width=\"6016\" height=\"4000\" \/><\/p>\n<p><img decoding=\"async\" loading=\"lazy\" class=\"alignnone size-full wp-image-1176\" src=\"http:\/\/revidigital.com.br\/wp-content\/uploads\/2018\/11\/foto-4.jpg\" alt=\"\" width=\"6016\" height=\"4480\" \/><\/p>\n<p><img decoding=\"async\" loading=\"lazy\" class=\"alignnone size-full wp-image-1178\" src=\"http:\/\/revidigital.com.br\/wp-content\/uploads\/2018\/11\/foto-5.jpg\" alt=\"\" width=\"6016\" height=\"4400\" \/><\/p>\n<p><img decoding=\"async\" loading=\"lazy\" class=\"alignnone size-full wp-image-1179\" src=\"http:\/\/revidigital.com.br\/wp-content\/uploads\/2018\/11\/Foto-6.jpg\" alt=\"\" width=\"6016\" height=\"4000\" \/><\/p>\n<p><img decoding=\"async\" loading=\"lazy\" class=\"alignnone size-full wp-image-1180\" src=\"http:\/\/revidigital.com.br\/wp-content\/uploads\/2018\/11\/Foto-7.jpg\" alt=\"\" width=\"6016\" height=\"4000\" \/><\/p>\n<p><img decoding=\"async\" loading=\"lazy\" class=\"alignnone size-full wp-image-1181\" src=\"http:\/\/revidigital.com.br\/wp-content\/uploads\/2018\/11\/Foto-8.jpg\" alt=\"\" width=\"6016\" height=\"4400\" \/><\/p>\n<p><img decoding=\"async\" loading=\"lazy\" class=\"alignnone size-full wp-image-1182\" src=\"http:\/\/revidigital.com.br\/wp-content\/uploads\/2018\/11\/Foto-9.jpg\" alt=\"\" width=\"6016\" height=\"4464\" \/><\/p>\n<p><img decoding=\"async\" loading=\"lazy\" class=\"alignnone size-full wp-image-1183\" src=\"http:\/\/revidigital.com.br\/wp-content\/uploads\/2018\/11\/Foto-10.jpg\" alt=\"\" width=\"6016\" height=\"4000\" \/><\/p>\n<p><img decoding=\"async\" loading=\"lazy\" class=\"alignnone size-full wp-image-1184\" src=\"http:\/\/revidigital.com.br\/wp-content\/uploads\/2018\/11\/Foto-11.jpg\" alt=\"\" width=\"6016\" height=\"4000\" \/><\/p>\n<p><img decoding=\"async\" loading=\"lazy\" class=\"alignnone size-full wp-image-1185\" src=\"http:\/\/revidigital.com.br\/wp-content\/uploads\/2018\/11\/Foto-12.jpg\" alt=\"\" width=\"6016\" height=\"4480\" \/><\/p>\n<p><img decoding=\"async\" loading=\"lazy\" class=\"alignnone size-full wp-image-1186\" src=\"http:\/\/revidigital.com.br\/wp-content\/uploads\/2018\/11\/Foto-13.jpg\" alt=\"\" width=\"6016\" height=\"4000\" \/><\/p>\n","protected":false},"excerpt":{"rendered":"<p>Esta fotorreportagem foi produzida para a disciplina de Fotojornalismo II, sob a orienta\u00e7\u00e3o da professora Luiza Martin, pela acad\u00eamica J\u00e9ssica Horr.<\/p>\n","protected":false},"author":2,"featured_media":1173,"comment_status":"open","ping_status":"open","sticky":false,"template":"","format":"standard","meta":{"footnotes":""},"categories":[8,97,17,11],"tags":[111,312,313,171,314,5],"_links":{"self":[{"href":"https:\/\/revidigital.ielusc.br\/index.php\/wp-json\/wp\/v2\/posts\/1172"}],"collection":[{"href":"https:\/\/revidigital.ielusc.br\/index.php\/wp-json\/wp\/v2\/posts"}],"about":[{"href":"https:\/\/revidigital.ielusc.br\/index.php\/wp-json\/wp\/v2\/types\/post"}],"author":[{"embeddable":true,"href":"https:\/\/revidigital.ielusc.br\/index.php\/wp-json\/wp\/v2\/users\/2"}],"replies":[{"embeddable":true,"href":"https:\/\/revidigital.ielusc.br\/index.php\/wp-json\/wp\/v2\/comments?post=1172"}],"version-history":[{"count":0,"href":"https:\/\/revidigital.ielusc.br\/index.php\/wp-json\/wp\/v2\/posts\/1172\/revisions"}],"wp:featuredmedia":[{"embeddable":true,"href":"https:\/\/revidigital.ielusc.br\/index.php\/wp-json\/"}],"wp:attachment":[{"href":"https:\/\/revidigital.ielusc.br\/index.php\/wp-json\/wp\/v2\/media?parent=1172"}],"wp:term":[{"taxonomy":"category","embeddable":true,"href":"https:\/\/revidigital.ielusc.br\/index.php\/wp-json\/wp\/v2\/categories?post=1172"},{"taxonomy":"post_tag","embeddable":true,"href":"https:\/\/revidigital.ielusc.br\/index.php\/wp-json\/wp\/v2\/tags?post=1172"}],"curies":[{"name":"wp","href":"https:\/\/api.w.org\/{rel}","templated":true}]}}