{"id":1189,"date":"2018-11-28T14:33:58","date_gmt":"2018-11-28T16:33:58","guid":{"rendered":"http:\/\/revidigital.com.br\/?p=1189"},"modified":"2018-11-28T14:33:58","modified_gmt":"2018-11-28T16:33:58","slug":"publicidade-e-propaganda-inicia-bancas-de-tcc-na-sexta-feira","status":"publish","type":"post","link":"https:\/\/revidigital.ielusc.br\/index.php\/2018\/11\/28\/publicidade-e-propaganda-inicia-bancas-de-tcc-na-sexta-feira\/","title":{"rendered":"Publicidade e Propaganda inicia bancas de TCC na sexta-feira"},"content":{"rendered":"<p>Na noite de sexta-feira, come\u00e7am as bancas dos trabalhos de conclus\u00e3o de curso de Publicidade e Propaganda, que v\u00e3o at\u00e9 o dia 6 de dezembro. Ser\u00e3o 16 projetos apresentados ao todo pelos alunos da oitava fase. Professores e profissionais do mercado avaliam as produ\u00e7\u00f5es dos estudantes. A coordena\u00e7\u00e3o do curso recomenda que os acad\u00eamicos das outras fases assistam \u00e0s apresenta\u00e7\u00f5es dos colegas.<\/p>\n<p><img decoding=\"async\" loading=\"lazy\" class=\"alignnone size-full wp-image-1193\" src=\"http:\/\/revidigital.com.br\/wp-content\/uploads\/2018\/11\/Bancas-PP.png\" alt=\"\" width=\"714\" height=\"1065\" \/><\/p>\n","protected":false},"excerpt":{"rendered":"<p>Na noite de sexta-feira, come\u00e7am as bancas dos trabalhos de conclus\u00e3o de curso de Publicidade e Propaganda, que v\u00e3o at\u00e9 o dia 6 de dezembro. Ser\u00e3o 16 projetos apresentados ao todo pelos alunos da oitava fase. Professores e profissionais do mercado avaliam as produ\u00e7\u00f5es dos estudantes. A coordena\u00e7\u00e3o do curso recomenda que os acad\u00eamicos das [&hellip;]<\/p>\n","protected":false},"author":3,"featured_media":1192,"comment_status":"open","ping_status":"open","sticky":false,"template":"","format":"standard","meta":{"footnotes":""},"categories":[20,24,26,1],"tags":[315,103,130],"_links":{"self":[{"href":"https:\/\/revidigital.ielusc.br\/index.php\/wp-json\/wp\/v2\/posts\/1189"}],"collection":[{"href":"https:\/\/revidigital.ielusc.br\/index.php\/wp-json\/wp\/v2\/posts"}],"about":[{"href":"https:\/\/revidigital.ielusc.br\/index.php\/wp-json\/wp\/v2\/types\/post"}],"author":[{"embeddable":true,"href":"https:\/\/revidigital.ielusc.br\/index.php\/wp-json\/wp\/v2\/users\/3"}],"replies":[{"embeddable":true,"href":"https:\/\/revidigital.ielusc.br\/index.php\/wp-json\/wp\/v2\/comments?post=1189"}],"version-history":[{"count":0,"href":"https:\/\/revidigital.ielusc.br\/index.php\/wp-json\/wp\/v2\/posts\/1189\/revisions"}],"wp:featuredmedia":[{"embeddable":true,"href":"https:\/\/revidigital.ielusc.br\/index.php\/wp-json\/"}],"wp:attachment":[{"href":"https:\/\/revidigital.ielusc.br\/index.php\/wp-json\/wp\/v2\/media?parent=1189"}],"wp:term":[{"taxonomy":"category","embeddable":true,"href":"https:\/\/revidigital.ielusc.br\/index.php\/wp-json\/wp\/v2\/categories?post=1189"},{"taxonomy":"post_tag","embeddable":true,"href":"https:\/\/revidigital.ielusc.br\/index.php\/wp-json\/wp\/v2\/tags?post=1189"}],"curies":[{"name":"wp","href":"https:\/\/api.w.org\/{rel}","templated":true}]}}