{"id":1210,"date":"2018-11-30T17:53:19","date_gmt":"2018-11-30T19:53:19","guid":{"rendered":"http:\/\/revidigital.com.br\/?p=1210"},"modified":"2018-11-30T17:53:19","modified_gmt":"2018-11-30T19:53:19","slug":"sistemas-para-internet-comemora-conceito-forte-do-mec","status":"publish","type":"post","link":"https:\/\/revidigital.ielusc.br\/index.php\/2018\/11\/30\/sistemas-para-internet-comemora-conceito-forte-do-mec\/","title":{"rendered":"Sistemas para Internet comemora conceito forte do MEC"},"content":{"rendered":"<p>A quinta-feira foi de comemora\u00e7\u00e3o para acad\u00eamicos e professores de <strong>Sistemas para Internet<\/strong>. Depois de receber a visita de avaliadores do INEP &#8211; Instituto Nacional de Estudos e Pesquisas Educacionais An\u00edsio Teixeira (na segunda-feira), o curso obteve reconhecimento do Minist\u00e9rio da Educa\u00e7\u00e3o com nota 4, numa escala que vai de 1 a 5. O <strong>conceito forte<\/strong> atesta a boa qualidade de ensino da <strong>Faculdade Ielusc<\/strong>.<\/p>\n<p>O m\u00e9todo de avalia\u00e7\u00e3o utilizado pelo MEC divide-se em tr\u00eas pilares: Projeto do Curso, ou seja, verifica o que \u00e9 ensinado;\u00a0 corpo docente e infraestrutura oferecida para ensinar. S\u00e3o avaliados mais de 60 itens.<\/p>\n<p>&nbsp;<\/p>\n<figure id=\"attachment_1215\" aria-describedby=\"caption-attachment-1215\" style=\"width: 960px\" class=\"wp-caption alignnone\"><img decoding=\"async\" loading=\"lazy\" class=\"wp-image-1215 size-full\" src=\"http:\/\/revidigital.com.br\/wp-content\/uploads\/2018\/11\/alunos.jpg\" alt=\"\" width=\"960\" height=\"640\" \/><figcaption id=\"caption-attachment-1215\" class=\"wp-caption-text\">Confraterniza\u00e7\u00e3o no espa\u00e7o de conviv\u00eancia reuniu alunos, professores e diretores<\/figcaption><\/figure>\n<p>Para o Diretor Geral, Silvio Iung,\u00a0 a nota quatro representa mais uma garantia de que os estudantes t\u00eam uma forma\u00e7\u00e3o de qualidade, o que os diferencia no mercado de trabalho. &#8220;Esse \u00e9 o nosso compromisso com os alunos&#8221;, afirma. Ele tamb\u00e9m destacou que um dos objetivos da Faculdade Ielusc \u00e9 sempre contribuir para o desenvolvimento de Joinville e regi\u00e3o e formar bons profissionais para atuar na \u00e1rea tecnol\u00f3gica, mas sem deixar de lado a forma\u00e7\u00e3o humana, \u00e9 uma das necessidades do munic\u00edpio.<\/p>\n<p>O diretor de Ensino Superior, Paulo Aires, agradeceu o empenho de toda a comunidade acad\u00eamica e relembrou os primeiros passos para a implanta\u00e7\u00e3o do curso. O coordenador Jean\u00a0Schultz atribuiu o bom resultado ao\u00a0corpo docente qualificado e aos acad\u00eamicos comprometidos e destacou que todos os estudantes do curso j\u00e1 atuam na \u00e1rea, o que tamb\u00e9m prova o reconhecimento do mercado de trabalho.<\/p>\n<p>Para Gustavo Rieper, acad\u00eamico da quarta fase de Sistemas, essa nota se deve ao esfor\u00e7o, tanto dos alunos quanto dos professores. &#8220;Agrade\u00e7o aos professores, pois t\u00eam uma bagagem muito grande de conhecimento para passar&#8221;, diz Gustavo.<\/p>\n<p>&nbsp;<\/p>\n<p>&nbsp;<\/p>\n","protected":false},"excerpt":{"rendered":"<p>A quinta-feira foi de comemora\u00e7\u00e3o para acad\u00eamicos e professores de Sistemas para Internet. Depois de receber a visita de avaliadores do INEP &#8211; Instituto Nacional de Estudos e Pesquisas Educacionais An\u00edsio Teixeira (na segunda-feira), o curso obteve reconhecimento do Minist\u00e9rio da Educa\u00e7\u00e3o com nota 4, numa escala que vai de 1 a 5. O conceito [&hellip;]<\/p>\n","protected":false},"author":6,"featured_media":1220,"comment_status":"open","ping_status":"open","sticky":false,"template":"","format":"standard","meta":{"footnotes":""},"categories":[20,4,24],"tags":[324,325,179],"_links":{"self":[{"href":"https:\/\/revidigital.ielusc.br\/index.php\/wp-json\/wp\/v2\/posts\/1210"}],"collection":[{"href":"https:\/\/revidigital.ielusc.br\/index.php\/wp-json\/wp\/v2\/posts"}],"about":[{"href":"https:\/\/revidigital.ielusc.br\/index.php\/wp-json\/wp\/v2\/types\/post"}],"author":[{"embeddable":true,"href":"https:\/\/revidigital.ielusc.br\/index.php\/wp-json\/wp\/v2\/users\/6"}],"replies":[{"embeddable":true,"href":"https:\/\/revidigital.ielusc.br\/index.php\/wp-json\/wp\/v2\/comments?post=1210"}],"version-history":[{"count":0,"href":"https:\/\/revidigital.ielusc.br\/index.php\/wp-json\/wp\/v2\/posts\/1210\/revisions"}],"wp:featuredmedia":[{"embeddable":true,"href":"https:\/\/revidigital.ielusc.br\/index.php\/wp-json\/"}],"wp:attachment":[{"href":"https:\/\/revidigital.ielusc.br\/index.php\/wp-json\/wp\/v2\/media?parent=1210"}],"wp:term":[{"taxonomy":"category","embeddable":true,"href":"https:\/\/revidigital.ielusc.br\/index.php\/wp-json\/wp\/v2\/categories?post=1210"},{"taxonomy":"post_tag","embeddable":true,"href":"https:\/\/revidigital.ielusc.br\/index.php\/wp-json\/wp\/v2\/tags?post=1210"}],"curies":[{"name":"wp","href":"https:\/\/api.w.org\/{rel}","templated":true}]}}