{"id":13700,"date":"2022-10-03T16:33:54","date_gmt":"2022-10-03T19:33:54","guid":{"rendered":"https:\/\/revidigital.ielusc.br\/?p=13700"},"modified":"2024-03-01T20:56:00","modified_gmt":"2024-03-01T23:56:00","slug":"eleicoes-2022-lula-e-bolsonaro-vao-para-segundo-turno","status":"publish","type":"post","link":"https:\/\/revidigital.ielusc.br\/index.php\/2022\/10\/03\/eleicoes-2022-lula-e-bolsonaro-vao-para-segundo-turno\/","title":{"rendered":"Elei\u00e7\u00f5es 2022: Lula e Bolsonaro v\u00e3o para segundo turno"},"content":{"rendered":"\n<p><strong><em>Por: Leonardo Budal e Diogo de Oliveira<\/em><\/strong><\/p>\n\n\n\n<p>Neste domingo (02) os brasileiros foram \u00e0s urnas para escolher seus representantes. Depois de uma apura\u00e7\u00e3o marcada por viradas, Lula (PT) e Bolsonaro (PL) v\u00e3o ao segundo turno. O candidato do PT obteve 48,43% dos votos, enquanto que o do PL conseguiu 43,20%. Em Santa Catarina, o cargo de governador tamb\u00e9m ser\u00e1 decidido no segundo turno, com Jorginho Mello, do PL, e D\u00e9cio Lima, do PT, na disputa.<\/p>\n\n\n\n<p>Al\u00e9m de Lula e Bolsonaro, mais nove candidatos concorreram ao cargo mais importante do pa\u00eds. Estas foram as porcentagens das demais candidaturas:<\/p>\n\n\n\n<ul>\n<li>Simone Tebet (MDB): 4,16%<\/li>\n\n\n\n<li>Ciro Gomes (PDT): 3,04%<\/li>\n\n\n\n<li>Soraya Thronicke (UNI\u00c3O): 0,51%<\/li>\n\n\n\n<li>Felipe D\u2019avila (NOVO): 0,47%<\/li>\n\n\n\n<li>Padre Kelmon (PTB): 0,07%<\/li>\n\n\n\n<li>L\u00e9o P\u00e9ricles (UP): 0,05%<\/li>\n\n\n\n<li>Sofia Manzano (PCB): 0,04%<\/li>\n\n\n\n<li>Vera (PSTU): 0,02%<\/li>\n\n\n\n<li>Constituinte Eymael (DC): 0,01%<\/li>\n<\/ul>\n\n\n\n<p>O estado de Santa Catarina, desde 2018, \u00e9 conhecido por seu forte apoio a Jair Bolsonaro. Os resultados das urnas n\u00e3o foram diferentes do esperado, o atual presidente recebeu 62,21% dos votos, enquanto que Lula apenas 29,54%. A surpresa veio na elei\u00e7\u00e3o para o governo do estado. Mois\u00e9s (REPUBLICANOS), atual governador, que liderava as pesquisas, n\u00e3o foi nem para o segundo turno. Os dois candidatos que disputar\u00e3o o cargo s\u00e3o Jorginho Mello (PL), que obteve 38,61%, e D\u00e9cio Lima (PT), que obteve 17,42%. Mois\u00e9s chegou um pouco atr\u00e1s de D\u00e9cio, com 16,99% dos votos.<\/p>\n\n\n\n<p>J\u00e1 no senado, o candidato, Jorge Seif, do PL, conquistou um total de 39,79%<\/p>\n\n\n\n<p>&nbsp;dos votos v\u00e1lidos, sendo assim eleito. Raimundo Colombo, do PSD, foi o segundo colocado, com 16,30%. O resultado do restante dos candidatos foram:<\/p>\n\n\n\n<ul>\n<li>D\u00e1rio (PSB): 16,23%<\/li>\n\n\n\n<li>Kennedy Nunes (PTB): 11,89%<\/li>\n\n\n\n<li>Celso Maldaner (MDB): 8,17%<\/li>\n\n\n\n<li>Afr\u00e2nio Boppr\u00e9 (PSOL): 3,11%<\/li>\n\n\n\n<li>Luiz Barbosa (NOVO): 2,66%<\/li>\n\n\n\n<li>Hilda Deola (PTB): 1,78%<\/li>\n\n\n\n<li>Gilmar Salgado (PSTU): 0,07%<\/li>\n<\/ul>\n\n\n\n<p>Nas elei\u00e7\u00f5es para deputados federais e estaduais, <a href=\"https:\/\/resultados.tse.jus.br\/oficial\/app\/index.html#\/eleicao;e=e544;uf=sc;ufbu=sc\/resultados\/cargo\/6\">16 deputados federais<\/a> e <a href=\"https:\/\/resultados.tse.jus.br\/oficial\/app\/index.html#\/eleicao;e=e544;uf=sc;ufbu=sc\/resultados\/cargo\/7\">40 estaduais<\/a> foram eleitos, com o PL ocupando seis cadeiras no n\u00edvel federal e dez no estadual. Joinville conseguiu eleger apenas um Deputado Federal, Z\u00e9 Trov\u00e3o (PL) foi <a href=\"https:\/\/www.nsctotal.com.br\/noticias\/ze-trovao-e-o-deputado-federal-mais-votado-em-joinville\">o mais votado e o \u00fanico da cidade<\/a> a ocupar uma cadeira na C\u00e2mara. Estes s\u00e3o os cinco candidatos mais votados em cada uma das c\u00e2maras citadas:<\/p>\n\n\n\n<p><strong><\/strong><strong>Federal<\/strong><\/p>\n\n\n\n<ul>\n<li>Carol de Toni (PL) &#8211; 173.531 votos<\/li>\n\n\n\n<li>Professor Pedro Uczai (PT) &#8211; 173.531 votos<\/li>\n\n\n\n<li>Jorge Goetten (PL) &#8211; 159.339 votos<\/li>\n\n\n\n<li>Ana Paula lima (PT) &#8211; 148.781 votos<\/li>\n\n\n\n<li>Carmen zanotto (CIDADANIA) &#8211; 130.138 votos<\/li>\n<\/ul>\n\n\n\n<p><strong>Estadual<\/strong><\/p>\n\n\n\n<ul>\n<li>Ana Campagnolo (PL) &#8211; 196.571 votos<\/li>\n\n\n\n<li>Luciane Carminatti (PT) &#8211; 92.478 votos<\/li>\n\n\n\n<li>Ant\u00eddio Lunelli (MDB) &#8211; 74.500 votos<\/li>\n\n\n\n<li>Sargento Lima (PL) &#8211; 71.185 votos<\/li>\n\n\n\n<li>Mauro de Nadal (MDB) &#8211; 67.065 votos<\/li>\n<\/ul>\n\n\n\n<p>As urnas foram apuradas ontem pelo Tribunal Superior Eleitoral (TSE), e os <a href=\"https:\/\/resultados.tse.jus.br\/oficial\/app\/index.html#\/eleicao;e=e544;uf=sc;ufbu=sc\/resultados\">resultados<\/a> divulgados ainda ontem, em seu site oficial. A data para o segundo turno est\u00e1 marcada para o pr\u00f3ximo dia 30.<\/p>\n","protected":false},"excerpt":{"rendered":"<p>Por: Leonardo Budal e Diogo de Oliveira Neste domingo (02) os brasileiros foram \u00e0s urnas para escolher seus representantes. Depois de uma apura\u00e7\u00e3o marcada por viradas, Lula (PT) e Bolsonaro (PL) v\u00e3o ao segundo turno. O candidato do PT obteve 48,43% dos votos, enquanto que o do PL conseguiu 43,20%. Em Santa Catarina, o cargo [&hellip;]<\/p>\n","protected":false},"author":1,"featured_media":0,"comment_status":"open","ping_status":"open","sticky":false,"template":"","format":"standard","meta":{"footnotes":""},"categories":[97,188],"tags":[489,1616,1615,1496,321,1613,1041,1614],"_links":{"self":[{"href":"https:\/\/revidigital.ielusc.br\/index.php\/wp-json\/wp\/v2\/posts\/13700"}],"collection":[{"href":"https:\/\/revidigital.ielusc.br\/index.php\/wp-json\/wp\/v2\/posts"}],"about":[{"href":"https:\/\/revidigital.ielusc.br\/index.php\/wp-json\/wp\/v2\/types\/post"}],"author":[{"embeddable":true,"href":"https:\/\/revidigital.ielusc.br\/index.php\/wp-json\/wp\/v2\/users\/1"}],"replies":[{"embeddable":true,"href":"https:\/\/revidigital.ielusc.br\/index.php\/wp-json\/wp\/v2\/comments?post=13700"}],"version-history":[{"count":2,"href":"https:\/\/revidigital.ielusc.br\/index.php\/wp-json\/wp\/v2\/posts\/13700\/revisions"}],"predecessor-version":[{"id":15064,"href":"https:\/\/revidigital.ielusc.br\/index.php\/wp-json\/wp\/v2\/posts\/13700\/revisions\/15064"}],"wp:attachment":[{"href":"https:\/\/revidigital.ielusc.br\/index.php\/wp-json\/wp\/v2\/media?parent=13700"}],"wp:term":[{"taxonomy":"category","embeddable":true,"href":"https:\/\/revidigital.ielusc.br\/index.php\/wp-json\/wp\/v2\/categories?post=13700"},{"taxonomy":"post_tag","embeddable":true,"href":"https:\/\/revidigital.ielusc.br\/index.php\/wp-json\/wp\/v2\/tags?post=13700"}],"curies":[{"name":"wp","href":"https:\/\/api.w.org\/{rel}","templated":true}]}}