{"id":13737,"date":"2022-10-18T16:35:39","date_gmt":"2022-10-18T19:35:39","guid":{"rendered":"https:\/\/revidigital.ielusc.br\/?p=13737"},"modified":"2022-10-24T16:04:55","modified_gmt":"2022-10-24T19:04:55","slug":"bem-vindo-ao-fervo-de-floripa","status":"publish","type":"post","link":"https:\/\/revidigital.ielusc.br\/index.php\/2022\/10\/18\/bem-vindo-ao-fervo-de-floripa\/","title":{"rendered":"Bem-vindo ao Fervo de Floripa"},"content":{"rendered":"\n<p><strong><em>Por: Fagner Ramos<\/em><\/strong><\/p>\n\n\n\n<p>O Festival Fervo Sarav\u00e1 que ocorreu no \u00faltimo dia 24\/09 em Florian\u00f3polis, teve a miss\u00e3o de apresentar ao p\u00fablico v\u00e1rias caras da nova m\u00fasica nacional. Vertentes do Hype ao consagrado, passando do experimental ao pop, do rock com cara de novos baianos, ao rock com cara de curitibanos, do psicodelismo ao ativismo, tudo isso em cinco nomes bem diversos.&nbsp;<\/p>\n\n\n\n<p>Vale mencionar a qualidade na produ\u00e7\u00e3o do evento, desde as infras b\u00e1sicas (alimenta\u00e7\u00e3o, banheiros e seguran\u00e7a) at\u00e9 a qualidade do som, tudo funcionou bem. Um Line Up montado com muita coragem e qualidade, junto com interven\u00e7\u00f5es art\u00edsticas e DJ\u00b4s, abrilhantaram todo o evento, que se merece uma cr\u00edtica, foi n\u00e3o fazer o headliner do festival&nbsp; fechar a noite, mesmo que tenha ocorrido um acordo entre produ\u00e7\u00e3o e a banda.&nbsp;<\/p>\n\n\n\n<p>As bandas Mulamba, Maglore, Met\u00e1 Met\u00e1, Jovem Dion\u00edsio e Bike, fizeram shows nesta ordem com v\u00e1rios destaques, independente de qual seja.&nbsp;<\/p>\n\n\n\n<h2 class=\"wp-block-heading\"><strong>Mulamba<\/strong><\/h2>\n\n\n<div class=\"wp-block-image\">\n<figure class=\"aligncenter size-full is-resized\"><img decoding=\"async\" loading=\"lazy\" src=\"https:\/\/revidigital.ielusc.br\/wp-content\/uploads\/2022\/10\/IMG_8253_REVI_MULAMBA-scaled.jpg\" alt=\"\" class=\"wp-image-13738\" width=\"751\" height=\"501\" srcset=\"https:\/\/revidigital.ielusc.br\/wp-content\/uploads\/2022\/10\/IMG_8253_REVI_MULAMBA-scaled.jpg 2560w, https:\/\/revidigital.ielusc.br\/wp-content\/uploads\/2022\/10\/IMG_8253_REVI_MULAMBA-1536x1024.jpg 1536w, https:\/\/revidigital.ielusc.br\/wp-content\/uploads\/2022\/10\/IMG_8253_REVI_MULAMBA-2048x1365.jpg 2048w\" sizes=\"(max-width: 751px) 100vw, 751px\" \/><figcaption>Banda Mulamba. Cr\u00e9ditos: Fagner Ramos<\/figcaption><\/figure><\/div>\n\n\n<p>Banda curitibana s\u00f3 de mulheres, formada em 2015, com letras fortes e contundentes no ativismo feminino e nas pautas LGBTQIA +, iniciou os shows com um pequeno p\u00fablico que foi aumentando durante a apresenta\u00e7\u00e3o da banda,&nbsp; tendo uma boa resposta enquanto o festival ia enchendo. Divulgando o mais recente disco, <a href=\"https:\/\/open.spotify.com\/album\/4rDkMr3eOwRcfeXDTojMTq\"><em>Ser\u00e1 S\u00f3 aos Ares<\/em><\/a>, a banda fez um passeio pelos seus trabalhos com muita qualidade musical de todas as integrantes, inclusive da Baixista Gabi Savian, que conforme falado pela Amanda, uma de suas vocalistas, ensaiou dois dias para estrear no palco e dar sequ\u00eancia aos demais compromissos.&nbsp;<\/p>\n\n\n\n<p>O <a href=\"https:\/\/www.instagram.com\/mulambaoficial\/\">Mulamba<\/a> ainda tem em sua forma\u00e7\u00e3o, a Violoncelista Fer Kompe, que foi prejudicada um pouco pela t\u00e9cnica de som (fato raro no evento), que deixou quase que inaud\u00edvel o instrumento, e olha que eu estava colado ao palco. Destaque tamb\u00e9m para as duas vocalistas que cantam muito bem, e a todo momento interagem com o p\u00fablico, hora com carisma, hora com discursos ativistas, pontos que parecem fazer parte do show da banda.&nbsp;<\/p>\n\n\n\n<p>O Mulamba mistura v\u00e1rios estilos, indo do eletr\u00f4nico \u00e0 MPB. Mas, para mim, \u00e9 uma banda de rock. No geral, foi um bom show e uma bela entrada para o que viria a seguir.<\/p>\n\n\n\n<h2 class=\"wp-block-heading\"><strong>Maglore<\/strong><\/h2>\n\n\n<div class=\"wp-block-image\">\n<figure class=\"aligncenter size-full is-resized\"><img decoding=\"async\" loading=\"lazy\" src=\"https:\/\/revidigital.ielusc.br\/wp-content\/uploads\/2022\/10\/IMG_8313_REVI_MAGLORE-scaled.jpg\" alt=\"\" class=\"wp-image-13739\" width=\"758\" height=\"505\" srcset=\"https:\/\/revidigital.ielusc.br\/wp-content\/uploads\/2022\/10\/IMG_8313_REVI_MAGLORE-scaled.jpg 2560w, https:\/\/revidigital.ielusc.br\/wp-content\/uploads\/2022\/10\/IMG_8313_REVI_MAGLORE-1536x1024.jpg 1536w, https:\/\/revidigital.ielusc.br\/wp-content\/uploads\/2022\/10\/IMG_8313_REVI_MAGLORE-2048x1365.jpg 2048w\" sizes=\"(max-width: 758px) 100vw, 758px\" \/><figcaption>Banda Maglore. Cr\u00e9ditos: Fagner Ramos<\/figcaption><\/figure><\/div>\n\n\n<p>Esta banda baiana, j\u00e1 com cinco discos lan\u00e7ados, m\u00fasicas tocadas nas r\u00e1dios, um compositor consagrado e gravado por artistas como Erasmo Carlos e Gal Costa, cumpriu com minha expectativa, fazendo um belo show.<\/p>\n\n\n\n<p>A banda est\u00e1 divulgando o novo disco intitulado V (cinco), que pelo nome dispensa maiores explica\u00e7\u00f5es, e come\u00e7ou o show com a primeira do \u00e1lbum, <em>A Vida \u00e9 uma Aventura<\/em>, que na introdu\u00e7\u00e3o me lembra a banda Black Rio. Do mesmo trabalho, foram <em>Esp\u00edrito Selvagem<\/em>, a melhor do disco na minha opini\u00e3o <em>Eles<\/em>, <em>Transicional<\/em>, entre outras.<\/p>\n\n\n\n<blockquote class=\"wp-block-quote\"><p>Internamente para nosso p\u00fablico, a recep\u00e7\u00e3o est\u00e1 muito boa. H\u00e1 um m\u00eas que lan\u00e7amos e j\u00e1 conseguimos mover algumas m\u00fasicas para o repert\u00f3rio do show, inicio, meio. Pra mim tem sido uma surpresa massa ver o p\u00fablico cantando<\/p><p><\/p><cite><strong><em>Teago Oliveira<\/em><\/strong>.<\/cite><\/blockquote>\n\n\n\n<p>Em uma breve conversa nos bastidores com Teago Oliveira, o principal compositor da banda, falei que esse disco tinha muitas influ\u00eancias que iam de Lulu Santos a George Harrison, passando pela black music brasileira dos anos 70. O artista concordou em termos.<\/p>\n\n\n\n<blockquote class=\"wp-block-quote\"><p>Essas coisas est\u00e3o no nosso radar, rock cl\u00e1ssico, m\u00fasica brasileira. Est\u00e1 bem anos 70 com m\u00fasica atual.<\/p><cite><strong><em>Teago Oliveira<\/em><\/strong>.<\/cite><\/blockquote>\n\n\n\n<p>Com o tempo curto de apresenta\u00e7\u00e3o em festival, <a href=\"https:\/\/www.instagram.com\/magloreoficial\/\">a banda<\/a> foi enfileirando com muita compet\u00eancia um apanhado de can\u00e7\u00f5es de toda a carreira, sem tempo para muitas firulas e intera\u00e7\u00f5es. Salvo quando era para agradecimentos ou entoar jingle de campanha de um dos candidatos \u00e0 Presid\u00eancia da Rep\u00fablica, prontamente aceito e lembrando uma micareta.<\/p>\n\n\n\n<p>Fiquei esperando uma m\u00fasica que foi hit em S\u00e3o Paulo, <em>Me Deixa Legal<\/em>, que eles tiraram do set, mas tocando o grande sucesso <strong>Mantra<\/strong>. Sem sombra de d\u00favida, um dos melhores shows da noite.<\/p>\n\n\n\n<h2 class=\"wp-block-heading\"><strong>Met\u00e1 Met\u00e1<\/strong><\/h2>\n\n\n<div class=\"wp-block-image\">\n<figure class=\"aligncenter size-full is-resized\"><img decoding=\"async\" loading=\"lazy\" src=\"https:\/\/revidigital.ielusc.br\/wp-content\/uploads\/2022\/10\/IMG_8362_REVI_METAMETA-scaled.jpg\" alt=\"\" class=\"wp-image-13740\" width=\"779\" height=\"519\" srcset=\"https:\/\/revidigital.ielusc.br\/wp-content\/uploads\/2022\/10\/IMG_8362_REVI_METAMETA-scaled.jpg 2560w, https:\/\/revidigital.ielusc.br\/wp-content\/uploads\/2022\/10\/IMG_8362_REVI_METAMETA-1536x1024.jpg 1536w, https:\/\/revidigital.ielusc.br\/wp-content\/uploads\/2022\/10\/IMG_8362_REVI_METAMETA-2048x1365.jpg 2048w\" sizes=\"(max-width: 779px) 100vw, 779px\" \/><figcaption>Banda Met\u00e1 Met\u00e1. Cr\u00e9ditos: Fagner Ramos<\/figcaption><\/figure><\/div>\n\n\n<p>Uma for\u00e7a da natureza. \u00c9 com esta sensa\u00e7\u00e3o que fiquei ap\u00f3s o show dos paulistanos <a href=\"https:\/\/open.spotify.com\/artist\/2JmW0VFQ6nJ8eMc3HKPeiF\">Met\u00e1 Met\u00e1<\/a>.&nbsp;<\/p>\n\n\n\n<p>Sabe quando voc\u00ea v\u00ea um filme, uma pe\u00e7a de teatro, ou algo que te toca e voc\u00ea fica se questionando inconformado e atordoado? Como nunca vi um show deles? Por que nunca parei para dar aten\u00e7\u00e3o? O que foi isso? Foi exatamente assim que sa\u00ed depois de ver o show.<\/p>\n\n\n\n<p>Confesso que achei que n\u00e3o funcionaria para esse festival, uma banda com uma forma\u00e7\u00e3o incomum, (viol\u00e3o, saxofone e voz). Subestimei o p\u00fablico, subestimei a banda, subestimei o evento. E como foi bom isso acontecer!<\/p>\n\n\n\n<p>A banda com mais de 15 anos de estrada, conta com m\u00fasicos consagrados, um som peculiar, letras desafiadoras e performances arrasadoras.<\/p>\n\n\n\n<p>Kiko Dinucci no viol\u00e3o e back\u00b4s; Thiago Fran\u00e7a tocando saxofone com uma maestria, que faz do instrumento a veia condutora da banda; um sax fazendo um papel da guitarra, e a mestre de cerim\u00f4nia, fazendo um qu\u00ea de guerreira negra com sua mais poderosa arma, voz e lideran\u00e7a, Ju\u00e7ara Mar\u00e7al.<\/p>\n\n\n\n<p>Ju\u00e7ara que por sinal foi indicada ao Grammy latino com seu \u00faltimo disco solo <a href=\"https:\/\/open.spotify.com\/album\/1JNwZSetaPRsgU7SYEMHvC\">Delta Est\u00e1cio Blues<\/a>.<\/p>\n\n\n\n<p>Num palco \u00e0 meia luz, os tr\u00eas comandaram o povo, hipnotizando com as melodias, fazendo as vezes at\u00e9 as pessoas pularem como se fosse num show de hardcore, entoando c\u00e2nticos africanos, deixando v\u00e1rios que ali estavam em transe. N\u00e3o tinha como ficar indiferente ao show.<\/p>\n\n\n\n<p>Um setlist com quase 15 m\u00fasicas, em pouco mais de 1 hora de show, com direito a bis, o que parecia n\u00e3o estar programado pela banda e pela produ\u00e7\u00e3o. N\u00e3o h\u00e1 como n\u00e3o dizer que esse foi o melhor show da noite, e que ficaria dif\u00edcil para qualquer artista que se apresentasse na sequ\u00eancia, tamanha qualidade e imposi\u00e7\u00e3o de palco.<\/p>\n\n\n\n<p>Sem d\u00favidas, o melhor show do festival.<\/p>\n\n\n\n<h2 class=\"wp-block-heading\"><strong>Jovem Dion\u00edsio<\/strong><\/h2>\n\n\n<div class=\"wp-block-image\">\n<figure class=\"aligncenter size-full is-resized\"><img decoding=\"async\" loading=\"lazy\" src=\"https:\/\/revidigital.ielusc.br\/wp-content\/uploads\/2022\/10\/IMG_8403_REVI_JOVEMDIONISIO-scaled.jpg\" alt=\"\" class=\"wp-image-13741\" width=\"766\" height=\"511\" srcset=\"https:\/\/revidigital.ielusc.br\/wp-content\/uploads\/2022\/10\/IMG_8403_REVI_JOVEMDIONISIO-scaled.jpg 2560w, https:\/\/revidigital.ielusc.br\/wp-content\/uploads\/2022\/10\/IMG_8403_REVI_JOVEMDIONISIO-1536x1024.jpg 1536w, https:\/\/revidigital.ielusc.br\/wp-content\/uploads\/2022\/10\/IMG_8403_REVI_JOVEMDIONISIO-2048x1365.jpg 2048w\" sizes=\"(max-width: 766px) 100vw, 766px\" \/><figcaption>Banda Jovem Din\u00edsio. Cr\u00e9ditos: Fagner Ramos<\/figcaption><\/figure><\/div>\n\n\n<p>Da nov\u00edssima safra de artistas e dentro do panorama viralizador da internet, a <a href=\"https:\/\/www.instagram.com\/jovemdionisio\/\">banda Curitibana<\/a> formada em 2019 chega com status de Headliners, mesmo n\u00e3o fechando o festival.<\/p>\n\n\n\n<p>Uma semana antes, estavam em um dos palcos do Rock In Rio, fazendo um dos shows mais disputados daquele dia e carregando o super hit viral Acorda Pedrinho, virando um trunfo pro show que viria na sequ\u00eancia. Mas, o entretenimento nem sempre anda de m\u00e3os dadas com a arte.<\/p>\n\n\n\n<p>Visivelmente cansados da louca agenda que a banda vem fazendo, foram anunciados aos gritos e come\u00e7aram com o som dos sintetizadores tocando a m\u00fasica Risco, cantado a plenos pulm\u00f5es por quase todos os presentes.&nbsp;<\/p>\n\n\n\n<p>Dali em diante engataram marcha e seguiram em linha reta, c\u00f4moda e sem curvas, fazendo o que se esperavam deles. At\u00e9 que em um determinado momento, e talvez pela minha surpresa, mas n\u00e3o pela dos presentes, o show virou Standup. Como assim?<\/p>\n\n\n\n<p>A banda protagonizou um concurso de dan\u00e7a entre os integrantes, para del\u00edrio do p\u00fablico. Por\u00e9m, pra mim, confesso, foi brochante. Passando da meia noite, depois de uma sequ\u00eancia crescente de bons shows, foi dif\u00edcil achar gra\u00e7a naquilo, at\u00e9 porque, eu n\u00e3o estava preparado para isso. Foram quase 10 minutos.<\/p>\n\n\n\n<p>At\u00e9 que Bernardo, o vocalista, anuncia que estavam muito tristes por ter um tempo reduzido em festivais, justificando o show pregui\u00e7oso e que infelizmente (ser\u00e1?) seria a \u00faltima da noite. Confesso que compartilhei da mesma sensa\u00e7\u00e3o que o p\u00fablico, por motivos diferentes claro.&nbsp;<\/p>\n\n\n\n<p>Deixaram a melhor para aquele momento, segundo eles, e de novo, para o p\u00fablico tamb\u00e9m. Tocaram o hit Acorda Pedrinho. Mais uma que fez a maioria ali delirar, pular, gritar, chorar e ir embora depois, mesmo tendo mais uma banda para se apresentar.<\/p>\n\n\n\n<h2 class=\"wp-block-heading\"><strong>Bike<\/strong><\/h2>\n\n\n<div class=\"wp-block-image\">\n<figure class=\"aligncenter size-full is-resized\"><img decoding=\"async\" loading=\"lazy\" src=\"https:\/\/revidigital.ielusc.br\/wp-content\/uploads\/2022\/10\/IMG_8463_REVI_BIKE-scaled.jpg\" alt=\"\" class=\"wp-image-13742\" width=\"759\" height=\"506\" srcset=\"https:\/\/revidigital.ielusc.br\/wp-content\/uploads\/2022\/10\/IMG_8463_REVI_BIKE-scaled.jpg 2560w, https:\/\/revidigital.ielusc.br\/wp-content\/uploads\/2022\/10\/IMG_8463_REVI_BIKE-1536x1024.jpg 1536w, https:\/\/revidigital.ielusc.br\/wp-content\/uploads\/2022\/10\/IMG_8463_REVI_BIKE-2048x1365.jpg 2048w\" sizes=\"(max-width: 759px) 100vw, 759px\" \/><figcaption>Banda Bike. Cr\u00e9ditos: Fagner Ramos<\/figcaption><\/figure><\/div>\n\n\n<p>A banda certa, na hora errada. De S\u00e3o Jos\u00e9 dos Campos, do Vale do Para\u00edba Paulista, vindo da safra do neo psicodelismo brasileiro, com \u00f3timos discos, ben\u00e7\u00e3o de Danger Mouse, turn\u00eas internacionais, por\u00e9m pouco conhecido e reconhecido em sua terra natal, o Bike deu azar de fechar a noite ap\u00f3s o hypado Jovem Dion\u00edsio. Sem d\u00favida, 90% do p\u00fablico foi embora, e acho que isso contagiou a apresenta\u00e7\u00e3o da banda.<\/p>\n\n\n\n<p>Talvez a banda mais Do It Yourself das presentes, pois entraram no palco antes de ser apresentado para montar seus equipamentos, e serem anunciados posteriormente, a banda come\u00e7ou o show com a sensa\u00e7\u00e3o de que j\u00e1 que estavam ali, o psicodelismo cederia espa\u00e7o para o lado mais Sonic Youth dos caras.<\/p>\n\n\n\n<p>M\u00fasicas do Quarto Templo fizeram parte do set, \u00faltimo \u00e1lbum lan\u00e7ado pela banda, mas terminando quase todas com microfonias, dando a entender que seria s\u00f3 o come\u00e7o do noise que a banda viria a fazer.&nbsp;<\/p>\n\n\n\n<p>Me fez lembrar e reviver v\u00e1rias bandas dos anos 90, mas&nbsp; que seria diferente se a banda tivesse tocado antes. O psicodelismo Pink floydiano da d\u00e9cada de 60 apareceria mais.<\/p>\n\n\n\n<p>\u00d3timos m\u00fasicos, \u00f3tima banda, \u00f3timas can\u00e7\u00f5es e um bom show. Visceral, barulhento e, literalmente naquele dia, para poucos.<\/p>\n\n\n\n<p>A performance das bandas n\u00e3o depende da produ\u00e7\u00e3o do festival, que fez sua parte com maestria. Por\u00e9m, no geral, senti falta de apenas uma coisa do <a href=\"https:\/\/www.instagram.com\/festivalsarava\/\">Fervo Sarav\u00e1<\/a>. O espa\u00e7o para as bandas venderem seus produtos. Compraria f\u00e1cil produtos de todos ali.&nbsp;<\/p>\n\n\n\n<p>Vida longa ao Fervo e Sarav\u00e1.<\/p>\n\n\n\n<p><\/p>\n","protected":false},"excerpt":{"rendered":"<p>Por: Fagner Ramos O Festival Fervo Sarav\u00e1 que ocorreu no \u00faltimo dia 24\/09 em Florian\u00f3polis, teve a miss\u00e3o de apresentar ao p\u00fablico v\u00e1rias caras da nova m\u00fasica nacional. Vertentes do Hype ao consagrado, passando do experimental ao pop, do rock com cara de novos baianos, ao rock com cara de curitibanos, do psicodelismo ao ativismo, [&hellip;]<\/p>\n","protected":false},"author":1,"featured_media":13743,"comment_status":"open","ping_status":"open","sticky":false,"template":"","format":"standard","meta":{"footnotes":""},"categories":[97,88],"tags":[1635,1633,765,1634],"_links":{"self":[{"href":"https:\/\/revidigital.ielusc.br\/index.php\/wp-json\/wp\/v2\/posts\/13737"}],"collection":[{"href":"https:\/\/revidigital.ielusc.br\/index.php\/wp-json\/wp\/v2\/posts"}],"about":[{"href":"https:\/\/revidigital.ielusc.br\/index.php\/wp-json\/wp\/v2\/types\/post"}],"author":[{"embeddable":true,"href":"https:\/\/revidigital.ielusc.br\/index.php\/wp-json\/wp\/v2\/users\/1"}],"replies":[{"embeddable":true,"href":"https:\/\/revidigital.ielusc.br\/index.php\/wp-json\/wp\/v2\/comments?post=13737"}],"version-history":[{"count":6,"href":"https:\/\/revidigital.ielusc.br\/index.php\/wp-json\/wp\/v2\/posts\/13737\/revisions"}],"predecessor-version":[{"id":13771,"href":"https:\/\/revidigital.ielusc.br\/index.php\/wp-json\/wp\/v2\/posts\/13737\/revisions\/13771"}],"wp:featuredmedia":[{"embeddable":true,"href":"https:\/\/revidigital.ielusc.br\/index.php\/wp-json\/wp\/v2\/media\/13743"}],"wp:attachment":[{"href":"https:\/\/revidigital.ielusc.br\/index.php\/wp-json\/wp\/v2\/media?parent=13737"}],"wp:term":[{"taxonomy":"category","embeddable":true,"href":"https:\/\/revidigital.ielusc.br\/index.php\/wp-json\/wp\/v2\/categories?post=13737"},{"taxonomy":"post_tag","embeddable":true,"href":"https:\/\/revidigital.ielusc.br\/index.php\/wp-json\/wp\/v2\/tags?post=13737"}],"curies":[{"name":"wp","href":"https:\/\/api.w.org\/{rel}","templated":true}]}}