{"id":13773,"date":"2022-10-24T17:41:09","date_gmt":"2022-10-24T20:41:09","guid":{"rendered":"https:\/\/revidigital.ielusc.br\/?p=13773"},"modified":"2024-03-18T15:32:06","modified_gmt":"2024-03-18T18:32:06","slug":"a-um-mes-da-estreia-o-que-esperar-do-brasil-na-copa-do-mundo","status":"publish","type":"post","link":"https:\/\/revidigital.ielusc.br\/index.php\/2022\/10\/24\/a-um-mes-da-estreia-o-que-esperar-do-brasil-na-copa-do-mundo\/","title":{"rendered":"A um m\u00eas da estreia, o que esperar do Brasil na Copa do Mundo?"},"content":{"rendered":"\n<p>Est\u00e1 marcado para o dia 24\/11 a estreia do Brasil na Copa do Mundo do Qatar. 20 anos ap\u00f3s o \u00faltimo t\u00edtulo, estaria a sele\u00e7\u00e3o brasileira apta a exorcizar seus fantasmas e conquistar o hexacampeonato mundial? A apenas um m\u00eas de dist\u00e2ncia do primeiro jogo, o sonho brasileiro s\u00f3 fica cada vez mais perto de acontecer.<\/p>\n\n\n\n<p>A estreia do Brasil na Copa do Mundo ser\u00e1 contra a S\u00e9rvia, sele\u00e7\u00e3o europeia sem muita express\u00e3o no cen\u00e1rio futebol\u00edstico. O grupo da sele\u00e7\u00e3o \u00e9 o grupo \u201cG\u201d, que n\u00e3o \u00e9 f\u00e1cil, mas tamb\u00e9m n\u00e3o \u00e9 um grande desafio se comparado a outros grupos com pa\u00edses mais fortes. O esperado \u00e9 que sejam nove pontos conquistados com uma primeira coloca\u00e7\u00e3o tranquila, e depois lutar na fase eliminat\u00f3ria. Ap\u00f3s o jogo contra os s\u00e9rvios, a sele\u00e7\u00e3o joga contra, respectivamente, Su\u00ed\u00e7a e Camar\u00f5es.<\/p>\n\n\n\n<p>A sele\u00e7\u00e3o brasileira possui um elenco forte, entrosado e com um coletivo que pode abalar as estruturas de qualquer outra sele\u00e7\u00e3o. Esse tamb\u00e9m \u00e9 o sexto ano da era Tite, outro fator que refor\u00e7a o favoritismo e que \u00e9 de suma import\u00e2ncia para manter o entrosamento com o elenco. Por isso, muitos analistas observam com otimismo o cen\u00e1rio e a expectativa \u00e9 que o Brasil finalmente conquiste o hexa em 2022.<\/p>\n\n\n\n<p><strong>Sele\u00e7\u00f5es para se preocupar<\/strong><\/p>\n\n\n\n<p>\u00c9 claro que todos esperam o t\u00edtulo, mas \u00e9 sempre bom analisar o cen\u00e1rio com um pouco de realismo. N\u00e3o \u00e9 novidade que a Copa do Mundo re\u00fane as principais sele\u00e7\u00f5es com os principais jogadores do mundo. Tamb\u00e9m \u00e9 conhecido pelo grande p\u00fablico que para&nbsp; chegar ao auge, que \u00e9 a conquista do t\u00edtulo, \u00e9 preciso e inevit\u00e1vel que grandes nomes do futebol mundial cruzem caminhos com o Brasil. Dito isso, para mim, h\u00e1 tr\u00eas pa\u00edses que geram preocupa\u00e7\u00e3o e que podem dar dor de cabe\u00e7a para os brasileiros, s\u00e3o eles: <strong>Argentina, Fran\u00e7a e B\u00e9lgica<\/strong>. H\u00e1 tamb\u00e9m outras fortes sele\u00e7\u00f5es, tais como Inglaterra, Alemanha, Espanha, Holanda e Portugal; mas, ao meu ver, n\u00e3o entram no top 3.<\/p>\n\n\n\n<p>Essa formula\u00e7\u00e3o de top 3 se deve a alguns fatores:<\/p>\n\n\n\n<ul>\n<li><strong>Argentina:<\/strong> \u00daltima Copa de Messi, que sonha em trazer esse t\u00edtulo para os argentinos. Tamb\u00e9m tem um elenco muito entrosado e que ano passado conquistou a Copa Am\u00e9rica em cima do Brasil em pleno Maracan\u00e3.&nbsp;<\/li>\n\n\n\n<li><strong>Fran\u00e7a:<\/strong> Atual campe\u00e3 do mundo. Possui nomes muito fortes como Mbapp\u00e9, Pogba, Lloris e Benzema <a href=\"https:\/\/ge.globo.com\/futebol\/futebol-internacional\/noticia\/2022\/10\/21\/bola-de-ouro-2022-ranking-de-votos-e-divulgado-benzema-ganhou-de-longe.ghtml\">(eleito melhor jogador do mundo pela revista France Football)<\/a>.&nbsp;<\/li>\n\n\n\n<li><strong>B\u00e9lgica:<\/strong> Eliminou o Brasil na \u00faltima copa e fez um jogo muito disputado contra a Fran\u00e7a, campe\u00e3 da Copa na mesma edi\u00e7\u00e3o. Tamb\u00e9m possui fortes jogadores em grande fase, como \u00e9 o caso de Courtois, <a href=\"https:\/\/ge.globo.com\/futebol\/futebol-internacional\/noticia\/2022\/10\/17\/courtois-leva-o-trofeu-yashin-de-melhor-goleiro-do-mundo-em-202223.ghtml\">eleito o melhor goleiro do mundo pela revista France Football<\/a>, e De Bruyne, que vem fazendo belos jogos pelo Manchester City.<\/li>\n<\/ul>\n\n\n\n<p><strong>O porqu\u00ea do Brasil ser favorito<\/strong><\/p>\n\n\n\n<p>Elenco entrosado e nomes j\u00e1 conhecidos pelos torcedores brasileiros ganhando destaque no cen\u00e1rio internacional s\u00e3o dois grandes fatores para esse favoritismo. Por\u00e9m, acredito que o principal fator que pode levar a sele\u00e7\u00e3o canarinho \u00e0 conquista do hexa \u00e9 a supera\u00e7\u00e3o da <strong>&#8220;neymardepend\u00eancia\u201d<\/strong>. Desde que Neymar se firmou como a principal pe\u00e7a da sele\u00e7\u00e3o, o grupo se tornou muito dependente dele, fazendo com que sua aus\u00eancia deixasse um buraco enorme no sistema t\u00e1tico brasileiro.<\/p>\n\n\n\n<p>Essa depend\u00eancia pode ser vista nos desempenhos do Brasil em competi\u00e7\u00f5es disputadas na \u00faltima d\u00e9cada, tais como a campanha na Copa Am\u00e9rica de 2015 e 2016 e Copa do Mundo de 2014, onde Neymar sofreu uma les\u00e3o na coluna e em seguida a sele\u00e7\u00e3o sofreu o maior vexame da hist\u00f3ria do futebol mundial. Sem citar a \u00faltima copa, em que Neymar teve um desempenho abaixo do esperado e fomos eliminados para a incr\u00edvel gera\u00e7\u00e3o belga nas quartas de final.<\/p>\n\n\n\n<p>A principal causa do baixo desempenho de Neymar era justamente esta depend\u00eancia. As aten\u00e7\u00f5es dos advers\u00e1rios eram sempre muito focadas no jogador do PSG, fazendo com que Neymar fosse anulado, e como o Brasil era muito dependente de sua atua\u00e7\u00e3o, o elenco inteiro sofria com isso.&nbsp;<\/p>\n\n\n\n<p>Por\u00e9m, nos \u00faltimos anos grandes nomes como Vin\u00edcius J\u00fanior, que figurou no top 8 dos melhores jogadores do mundo da <a href=\"https:\/\/ge.globo.com\/futebol\/futebol-internacional\/noticia\/2022\/10\/21\/bola-de-ouro-2022-ranking-de-votos-e-divulgado-benzema-ganhou-de-longe.ghtml\">revista France Football<\/a>, Raphinha, Lucas Paquet\u00e1, Antony, Richarlison, entre outros craques, surgiram para dividir os holofotes com Neymar. Se os advers\u00e1rios tentarem anular Neymar, a sele\u00e7\u00e3o ainda conta com muitos outros talentos individuais, que podem muito bem decidir partidas importantes. Se tentarem anular um dos outros jogadores citados, Neymar tamb\u00e9m fica livre para desempenhar seu melhor futebol.<\/p>\n\n\n\n<p>Portanto, os torcedores brasileiros podem ficar mais tranquilos, pois nesta edi\u00e7\u00e3o contamos com nomes de peso com muito talento individual e que, no coletivo, se completam. Para finalizar, obviamente que precisamos saber quem ser\u00e3o os 26 jogadores que representar\u00e3o o Brasil no Qatar. Com isso, trago minhas previs\u00f5es e tamb\u00e9m minha vis\u00e3o da convoca\u00e7\u00e3o e da escala\u00e7\u00e3o ideal para a disputa do mundial.<\/p>\n\n\n\n<p><strong>Minha convoca\u00e7\u00e3o:<\/strong><\/p>\n\n\n\n<p><strong>Goleiros: <\/strong>Alisson, Ederson e Weverton<\/p>\n\n\n\n<p><strong>Laterais: <\/strong>Alex Sandro, Alex Telles e Danilo<\/p>\n\n\n\n<p><strong>Zagueiros: <\/strong>Thiago Silva, Marquinhos, \u00c9der Milit\u00e3o, Gabriel Magalh\u00e3es e Bremer<\/p>\n\n\n\n<p><strong>Meio-campistas: <\/strong>Lucas<strong> <\/strong>Paquet\u00e1<strong>*<\/strong>, Fred, Casemiro, Fabinho, Coutinho e Bruno Guimar\u00e3es<\/p>\n\n\n\n<p><strong>Atacantes: <\/strong>Neymar, Vin\u00edcius J\u00fanior, Richarlison<strong>*<\/strong>, Pedro, Raphinha, Antony, Rodrygo, Gabriel Jesus e Firmino.<\/p>\n\n\n\n<p><strong>Meus 11 iniciais:<\/strong><\/p>\n\n\n\n<p><strong>Goleiro:<\/strong> Alisson<\/p>\n\n\n\n<p><strong>Zagueiros:<\/strong> Marquinhos <strong>\u00a9<\/strong> e Thiago Silva<\/p>\n\n\n\n<p><strong>Laterais:<\/strong> Danilo e Alex Telles<\/p>\n\n\n\n<p><strong>Meio-campo: <\/strong>Casemiro, Lucas Paquet\u00e1<strong>*<\/strong> e Neymar<\/p>\n\n\n\n<p><strong>Atacantes:<\/strong> Vin\u00edcius J\u00fanior, Richarlison<strong>*<\/strong> e Raphinha<\/p>\n\n\n\n<p>Os jogadores que s\u00e3o d\u00favidas <strong>(*) <\/strong>s\u00e3o Lucas Paquet\u00e1 e Richarlison. Os dois sofreram les\u00f5es recentes disputando partidas por seus clubes. Segundo a <a href=\"https:\/\/www.espn.com.br\/futebol\/selecao-brasileira\/artigo\/_\/id\/11113236\/medico-selecao-ira-inglaterra-fazer-avaliacao-richarlison-paqueta-pode-definir-convocacao-copa\">ESPN<\/a>, o m\u00e9dico da sele\u00e7\u00e3o brasileira, Rodrigo Lasmar, ir\u00e1 \u00e0 Inglaterra, pa\u00eds em que os jogadores atuam por seus clubes, entre os dias 2 e 3 de novembro, para avaliar a situa\u00e7\u00e3o dos jogadores. A expectativa \u00e9 que ambos fiquem afastados dos gramados por duas semanas e se recuperem a tempo de disputar o mundial.<\/p>\n\n\n\n<p>Caso um dos dois ou ambos n\u00e3o se recuperem a tempo, eu convocaria Gabriel Martinelli no lugar de Richarlison, e Renato Augusto no lugar de Lucas Paquet\u00e1. Acredito que Tite faria o mesmo em rela\u00e7\u00e3o a Richarlison, mas em rela\u00e7\u00e3o a Paquet\u00e1, creio que convocaria Everton Ribeiro para substitu\u00ed-lo.<\/p>\n\n\n\n<p><strong>Prov\u00e1vel convoca\u00e7\u00e3o de Tite:<\/strong><\/p>\n\n\n\n<p>Conhecendo o Tite e vendo seus \u00faltimos testes em suas \u00faltimas convoca\u00e7\u00f5es, acredito que haver\u00e1 apenas uma mudan\u00e7a em sua convoca\u00e7\u00e3o em rela\u00e7\u00e3o \u00e0 minha. Essa mudan\u00e7a seria convocar Daniel Alves no lugar de Bremer, convocando assim quatro laterais e quatro zagueiros.<\/p>\n\n\n\n<p>Os 11 iniciais de Tite n\u00e3o devem ser muito diferentes aos meus, tendo, segundo minhas expectativas, apenas uma mudan\u00e7a: Alex Sandro no lugar de Alex Telles. Por\u00e9m, como dito anteriormente, Lucas Paquet\u00e1 e Richarlison s\u00e3o inc\u00f3gnitas devido a suas respectivas les\u00f5es. Com uma poss\u00edvel aus\u00eancia dos dois, minha escala\u00e7\u00e3o ideal teria uma dr\u00e1stica mudan\u00e7a.<\/p>\n\n\n\n<p><strong>Goleiro:<\/strong> Alisson<\/p>\n\n\n\n<p><strong>Zagueiros:<\/strong> Marquinhos \u00a9 e Thiago Silva<\/p>\n\n\n\n<p><strong>Laterais:<\/strong> Danilo e Alex Telles<\/p>\n\n\n\n<p><strong>Meio-campo:<\/strong> Casemiro, Coutinho e Fred<\/p>\n\n\n\n<p><strong>Atacantes:<\/strong> Vin\u00edcius J\u00fanior, Neymar (Falso 9) e Raphinha<\/p>\n\n\n\n<p>A miss\u00e3o que fica agora \u00e9 decifrar a escala\u00e7\u00e3o de Tite com a n\u00e3o ida dos dois jogadores \u00e0 copa. A zaga obviamente continuar\u00e1 a mesma, mas do meio para frente, acredito que Tite escalar\u00e1 da seguinte maneira:<\/p>\n\n\n\n<p><strong>Meio-campo: <\/strong>Casemiro, Fred e Neymar<\/p>\n\n\n\n<p><strong>Atacantes:<\/strong> Vin\u00edcius J\u00fanior, Gabriel Jesus e Raphinha<\/p>\n","protected":false},"excerpt":{"rendered":"<p>Est\u00e1 marcado para o dia 24\/11 a estreia do Brasil na Copa do Mundo do Qatar. 20 anos ap\u00f3s o \u00faltimo t\u00edtulo, estaria a sele\u00e7\u00e3o brasileira apta a exorcizar seus fantasmas e conquistar o hexacampeonato mundial? A apenas um m\u00eas de dist\u00e2ncia do primeiro jogo, o sonho brasileiro s\u00f3 fica cada vez mais perto de [&hellip;]<\/p>\n","protected":false},"author":25,"featured_media":0,"comment_status":"open","ping_status":"open","sticky":false,"template":"","format":"standard","meta":{"footnotes":""},"categories":[1588,1580],"tags":[319,1583,1581,1649,1648],"_links":{"self":[{"href":"https:\/\/revidigital.ielusc.br\/index.php\/wp-json\/wp\/v2\/posts\/13773"}],"collection":[{"href":"https:\/\/revidigital.ielusc.br\/index.php\/wp-json\/wp\/v2\/posts"}],"about":[{"href":"https:\/\/revidigital.ielusc.br\/index.php\/wp-json\/wp\/v2\/types\/post"}],"author":[{"embeddable":true,"href":"https:\/\/revidigital.ielusc.br\/index.php\/wp-json\/wp\/v2\/users\/25"}],"replies":[{"embeddable":true,"href":"https:\/\/revidigital.ielusc.br\/index.php\/wp-json\/wp\/v2\/comments?post=13773"}],"version-history":[{"count":3,"href":"https:\/\/revidigital.ielusc.br\/index.php\/wp-json\/wp\/v2\/posts\/13773\/revisions"}],"predecessor-version":[{"id":15093,"href":"https:\/\/revidigital.ielusc.br\/index.php\/wp-json\/wp\/v2\/posts\/13773\/revisions\/15093"}],"wp:attachment":[{"href":"https:\/\/revidigital.ielusc.br\/index.php\/wp-json\/wp\/v2\/media?parent=13773"}],"wp:term":[{"taxonomy":"category","embeddable":true,"href":"https:\/\/revidigital.ielusc.br\/index.php\/wp-json\/wp\/v2\/categories?post=13773"},{"taxonomy":"post_tag","embeddable":true,"href":"https:\/\/revidigital.ielusc.br\/index.php\/wp-json\/wp\/v2\/tags?post=13773"}],"curies":[{"name":"wp","href":"https:\/\/api.w.org\/{rel}","templated":true}]}}