{"id":13823,"date":"2022-11-04T16:53:14","date_gmt":"2022-11-04T19:53:14","guid":{"rendered":"https:\/\/revidigital.ielusc.br\/?p=13823"},"modified":"2022-11-04T16:53:16","modified_gmt":"2022-11-04T19:53:16","slug":"programa-fala-sobre-climaterio-e-temas-cotidianos-relacionados-com-o-assunto-em-sao-bento-do-sul","status":"publish","type":"post","link":"https:\/\/revidigital.ielusc.br\/index.php\/2022\/11\/04\/programa-fala-sobre-climaterio-e-temas-cotidianos-relacionados-com-o-assunto-em-sao-bento-do-sul\/","title":{"rendered":"Programa fala sobre climat\u00e9rio e temas cotidianos relacionados com o assunto em S\u00e3o Bento do Sul"},"content":{"rendered":"\n<p><strong><em>Por: Larissa Mayara Hirt da Maia<\/em><\/strong><\/p>\n\n\n\n<p>O \u201cDe bem com a vida\u201d tem como objetivo trazer melhorias na sa\u00fade da popula\u00e7\u00e3o, especificamente, das mulheres que atingiram a fase do climat\u00e9rio. Os encontros acontecem uma vez por m\u00eas, na C\u00e2mara de Vereadores de S\u00e3o Bento do Sul. As palestrantes convidadas buscam uma conversa com as participantes, sobre temas que permeiam esse ciclo. E auxiliando como podem, j\u00e1 que n\u00e3o existem tratamentos espec\u00edficos para esse per\u00edodo, no Sistema \u00danico de Sa\u00fade (SUS).<\/p>\n\n\n\n<p>O programa \u201cDe bem com a vida-climat\u00e9rio\u201d, surge com a inten\u00e7\u00e3o de levar conhecimento e apoio \u00e0s mulheres que est\u00e3o nessa fase, pois \u00e9 um per\u00edodo biol\u00f3gico que traz influ\u00eancias no contexto sociocultural. O projeto, exercido pela Secretaria de Sa\u00fade de S\u00e3o Bento do Sul, est\u00e1 em funcionamento h\u00e1 mais de 10 anos, passando por diversas coordena\u00e7\u00f5es e dificuldades de sa\u00fade do munic\u00edpio. Atualmente, quem coordena \u00e9 a assistente social, Maria Luiza Keiser Grossl, que comentou que \u201co programa, tem objetivo de continuarmos em melhorias na sa\u00fade das pessoas que acompanham este programa todo m\u00eas\u201d.<\/p>\n\n\n\n<p>Novas consequ\u00eancias do climat\u00e9rio est\u00e3o sendo descobertas. A Universidade Federal de Ouro Preto realizou um estudo focado nos sintomas geniturin\u00e1rios, o resultado revelou que \u201c80% das amostras de mulheres entre 45 e 60 anos tinham a microbiota vaginal doente e a microbiota intestinal empobrecida\u201d. Novas descobertas s\u00e3o imprescind\u00edveis para novos tratamentos. Mulheres de todas as classes sociais podem ter sintomas mais aflorados, cujos tratamentos muitas vezes n\u00e3o existem no Sistema \u00danico de Sa\u00fade, como a terapia hormonal, que pode tamb\u00e9m diminuir os riscos ligados ao aparelho circulat\u00f3rio.<\/p>\n\n\n\n<figure class=\"wp-block-image size-full is-resized\"><img decoding=\"async\" loading=\"lazy\" src=\"https:\/\/revidigital.ielusc.br\/wp-content\/uploads\/2022\/11\/foto-pessos-sentadas-em-reuniao-de-bem-com-a-vida.jpeg\" alt=\"Pessoas sentadas em reuni\u00e3o.\" class=\"wp-image-13826\" width=\"511\" height=\"383\" srcset=\"https:\/\/revidigital.ielusc.br\/wp-content\/uploads\/2022\/11\/foto-pessos-sentadas-em-reuniao-de-bem-com-a-vida.jpeg 1600w, https:\/\/revidigital.ielusc.br\/wp-content\/uploads\/2022\/11\/foto-pessos-sentadas-em-reuniao-de-bem-com-a-vida-1536x1152.jpeg 1536w\" sizes=\"(max-width: 511px) 100vw, 511px\" \/><figcaption>P\u00fablico do encontro &#8220;De bem com a vida&#8221;. Cr\u00e9ditos: Larissa Mayara Hirt.<\/figcaption><\/figure>\n\n\n\n<p>Programas sobre o climat\u00e9rio podem auxiliar na divulga\u00e7\u00e3o do assunto. No \u00faltimo dia 31, aconteceu a primeira edi\u00e7\u00e3o do programa depois de ficar parado por dois anos, por conta da pandemia. De acordo com a participante dos encontros, Leonira Hubl, \u201cacho muito legal que voltou, pelo menos sai um pouco de casa, a gente fica muito acomodado quando n\u00e3o tem o que fazer. A gente se isola de tudo, isso n\u00e3o \u00e9 bom\u201d. A aposentada disse tamb\u00e9m que o evento \u201ctem muita import\u00e2ncia\u201d.<\/p>\n\n\n\n<p>O climat\u00e9rio traz influ\u00eancias na qualidade de vida feminina, n\u00e3o s\u00f3 na sa\u00fade, mas tamb\u00e9m em contextos cotidianos, felicidade, casamento, fam\u00edlia e bem estar. O evento conta com v\u00e1rios temas nas palestras, autocuidado no climat\u00e9rio e felicidade, por exemplo, foram comentados no \u00faltimo encontro. Leonira comentou tamb\u00e9m que al\u00e9m de trazer conhecimentos, o projeto faz com que as amizades sejam reencontradas e os assuntos colocados em dia. \u201cFaz bem n\u00e9, a gente tem que se cuidar depois de certa idade, e tamb\u00e9m \u00e9 dia de reencontrar as amigas, as irm\u00e3s.\u201d<\/p>\n\n\n\n<p>A enfermeira Beatriz Hortz Liebl, que j\u00e1 palestrou no programa, comentou um pouco sobre o autocuidado. Disse que \u201ccada mulher vai ter um jeito de enfrentar essa frase\u201d, e que a equipe busca auxiliar nessa ajuda. J\u00e1 a psic\u00f3loga L\u00edvia dos Santos Paula, falou sobre como a felicidade impacta na vida, \u201cningu\u00e9m pode ser respons\u00e1vel pela nossa felicidade, s\u00f3 n\u00f3s sabemos o que nos faz feliz\u201d. Frisou a import\u00e2ncia de estar de bem \u201ccom n\u00f3s mesmas\u201d, pois \u00e9 um momento que merece aten\u00e7\u00e3o e cuidado. Esses foram os temas centrais do \u00faltimo encontro.<\/p>\n\n\n\n<p>Durante o evento, o secret\u00e1rio de sa\u00fade do munic\u00edpio, Marcelo Marques estava presente, deixando suas falas sobre o evento. \u201cO objetivo \u00e9 proporcionar \u00e0s mulheres, conhecimentos e tamb\u00e9m promover a sa\u00fade com informa\u00e7\u00f5es importantes sobre a fase do climat\u00e9rio. Agora, com a retomada do programa, ser\u00e1 poss\u00edvel realizar cada vez mais encontros abordando assuntos importantes relacionados ao tema.\u201d<\/p>\n\n\n\n<p>A data do pr\u00f3ximo encontro j\u00e1 foi definida. Dia 28 de setembro, Andreia Knapik, convidada para palestrar, falar\u00e1 sobre a quest\u00e3o da sa\u00fade mental no climat\u00e9rio. Como disse a t\u00e9cnica em enfermagem do SAMU de S\u00e3o Bento do Sul, \u201ca sa\u00fade mental \u00e9 tudo, nossa sa\u00fade f\u00edsica depende dela, ainda mais nessa fase da vida feminina\u201d.<\/p>\n","protected":false},"excerpt":{"rendered":"<p>Por: Larissa Mayara Hirt da Maia O \u201cDe bem com a vida\u201d tem como objetivo trazer melhorias na sa\u00fade da popula\u00e7\u00e3o, especificamente, das mulheres que atingiram a fase do climat\u00e9rio. Os encontros acontecem uma vez por m\u00eas, na C\u00e2mara de Vereadores de S\u00e3o Bento do Sul. As palestrantes convidadas buscam uma conversa com as participantes, [&hellip;]<\/p>\n","protected":false},"author":1,"featured_media":13824,"comment_status":"open","ping_status":"open","sticky":false,"template":"","format":"standard","meta":{"footnotes":""},"categories":[97,17],"tags":[1663,1664,1665,1667],"_links":{"self":[{"href":"https:\/\/revidigital.ielusc.br\/index.php\/wp-json\/wp\/v2\/posts\/13823"}],"collection":[{"href":"https:\/\/revidigital.ielusc.br\/index.php\/wp-json\/wp\/v2\/posts"}],"about":[{"href":"https:\/\/revidigital.ielusc.br\/index.php\/wp-json\/wp\/v2\/types\/post"}],"author":[{"embeddable":true,"href":"https:\/\/revidigital.ielusc.br\/index.php\/wp-json\/wp\/v2\/users\/1"}],"replies":[{"embeddable":true,"href":"https:\/\/revidigital.ielusc.br\/index.php\/wp-json\/wp\/v2\/comments?post=13823"}],"version-history":[{"count":2,"href":"https:\/\/revidigital.ielusc.br\/index.php\/wp-json\/wp\/v2\/posts\/13823\/revisions"}],"predecessor-version":[{"id":13827,"href":"https:\/\/revidigital.ielusc.br\/index.php\/wp-json\/wp\/v2\/posts\/13823\/revisions\/13827"}],"wp:featuredmedia":[{"embeddable":true,"href":"https:\/\/revidigital.ielusc.br\/index.php\/wp-json\/wp\/v2\/media\/13824"}],"wp:attachment":[{"href":"https:\/\/revidigital.ielusc.br\/index.php\/wp-json\/wp\/v2\/media?parent=13823"}],"wp:term":[{"taxonomy":"category","embeddable":true,"href":"https:\/\/revidigital.ielusc.br\/index.php\/wp-json\/wp\/v2\/categories?post=13823"},{"taxonomy":"post_tag","embeddable":true,"href":"https:\/\/revidigital.ielusc.br\/index.php\/wp-json\/wp\/v2\/tags?post=13823"}],"curies":[{"name":"wp","href":"https:\/\/api.w.org\/{rel}","templated":true}]}}