{"id":13829,"date":"2022-11-07T16:42:13","date_gmt":"2022-11-07T19:42:13","guid":{"rendered":"https:\/\/revidigital.ielusc.br\/?p=13829"},"modified":"2022-11-07T16:42:15","modified_gmt":"2022-11-07T19:42:15","slug":"convocacao-da-selecao-brasileira-para-a-copa-do-mundo-no-catar","status":"publish","type":"post","link":"https:\/\/revidigital.ielusc.br\/index.php\/2022\/11\/07\/convocacao-da-selecao-brasileira-para-a-copa-do-mundo-no-catar\/","title":{"rendered":"Convoca\u00e7\u00e3o da Sele\u00e7\u00e3o Brasileira para a Copa do Mundo no Catar"},"content":{"rendered":"\n<p><em>Veja os 26 atletas escolhidos para representar o Brasil no torneio mundial de futebol da Fifa, que inicia no pr\u00f3ximo dia 20<\/em><\/p>\n\n\n\n<p>Nesta segunda-feira (7), \u00e0s 13h, a <a href=\"https:\/\/www.cbf.com.br\/\">Confedera\u00e7\u00e3o Brasileira de Futebol (CBF)<\/a> realizou a <strong>convoca\u00e7\u00e3o da sele\u00e7\u00e3o brasileira<\/strong> para a <a href=\"https:\/\/revidigital.ielusc.br\/index.php\/category\/copa-do-mundo-2022\/\">Copa do Mundo 2022 no Catar<\/a>. Foram convocados 26 atletas que atuam em diferentes ligas de futebol profissional pelo mundo. Veja quem s\u00e3o os escolhidos apresentados pelo t\u00e9cnico Tite:<\/p>\n\n\n\n<figure class=\"wp-block-embed aligncenter is-type-video is-provider-youtube wp-block-embed-youtube wp-embed-aspect-16-9 wp-has-aspect-ratio\"><div class=\"wp-block-embed__wrapper\">\n<iframe loading=\"lazy\" title=\"Convoca\u00e7\u00e3o da Sele\u00e7\u00e3o Brasileira para a Copa do Mundo FIFA Catar 2022\" width=\"800\" height=\"450\" src=\"https:\/\/www.youtube.com\/embed\/qjH2OtxVJ-E?feature=oembed\" frameborder=\"0\" allow=\"accelerometer; autoplay; clipboard-write; encrypted-media; gyroscope; picture-in-picture\" allowfullscreen><\/iframe>\n<\/div><figcaption>Convoca\u00e7\u00e3o da sele\u00e7\u00e3o brasileira para a disputa da Copa do Mundo no Catar.<\/figcaption><\/figure>\n\n\n\n<h2 class=\"wp-block-heading\">Lista dos convocados da sele\u00e7\u00e3o brasileira para a Copa do Mundo no Catar:<\/h2>\n\n\n\n<p><strong>Goleiros:<\/strong><\/p>\n\n\n\n<ul><li>Alisson Becker (Liverpool)<\/li><li>Ederson (Man. City)<\/li><li>Weverton (Palmeiras)<\/li><\/ul>\n\n\n\n<p><strong>Zagueiros:<\/strong><\/p>\n\n\n\n<ul><li>Thiago Silva (Chelsea)<\/li><li>Marquinhos (PSG)<\/li><li>\u00c9der Milit\u00e3o (Real Madrid)<\/li><li>Bremer (Juventus)<\/li><\/ul>\n\n\n\n<p><strong>Laterais:<\/strong><\/p>\n\n\n\n<ul><li>Daniel Alves (Pumas)<\/li><li>Danilo (Juventus)<\/li><li>Alex Sandro (Juventus)<\/li><li>Alex Telles (Sevilla)<\/li><\/ul>\n\n\n\n<p><strong>Meio-campistas:<\/strong><\/p>\n\n\n\n<ul><li>Casemiro (Man. United)<\/li><li>Fred (Man. United)<\/li><li>Lucas Paquet\u00e1 (West Ham)<\/li><li>Bruno Guimar\u00e3es (Newcastle)<\/li><li>Fabinho (Liverpool)<\/li><li>\u00c9verton Ribeiro (Flamengo)<\/li><\/ul>\n\n\n\n<p><strong>Atacantes:<\/strong><\/p>\n\n\n\n<ul><li>Neymar Jr. (PSG)<\/li><li>Richarlison (Tottenham)<\/li><li>Gabriel Jesus (Arsenal)<\/li><li>Gabriel Martinelli (Arsenal)<\/li><li>Antony (Man. United)<\/li><li>Vin\u00edcius Jr. (Real Madrid)<\/li><li>Rodrygo (Real Madrid)<\/li><li>Raphinha (Barcelona)<\/li><li>Pedro (Flamengo)<\/li><\/ul>\n\n\n\n<p>O elenco se re\u00fane no dia 14 em Turim, na It\u00e1lia, para cinco dias de treino e prepara\u00e7\u00e3o antes do in\u00edcio da competi\u00e7\u00e3o. A equipe utilizar\u00e1 as instala\u00e7\u00f5es da Juventus, tradicional clube italiano, conforme acordo feito em junho. Depois, viajar\u00e1 para Doha, cidade onde acontecer\u00e1 a estreia da sele\u00e7\u00e3o canarinho.<\/p>\n\n\n\n<p>Em suas redes sociais, alguns jogadores j\u00e1 se manifestaram ap\u00f3s o an\u00fancio da convoca\u00e7\u00e3o:<\/p>\n\n\n\n<figure class=\"wp-block-embed aligncenter is-type-rich is-provider-twitter wp-block-embed-twitter\"><div class=\"wp-block-embed__wrapper\">\n<blockquote class=\"twitter-tweet\" data-width=\"550\" data-dnt=\"true\"><p lang=\"pt\" dir=\"ltr\">Chegou\u2026 \ud83d\udcab DEUS \u00e9 t\u00e3o bom comigo. RUMO AO HEXA \ud83c\udde7\ud83c\uddf7\ud83c\udde7\ud83c\uddf7\ud83c\udde7\ud83c\uddf7\ud83c\udde7\ud83c\uddf7\ud83c\udde7\ud83c\uddf7\ud83c\udf1f <a href=\"https:\/\/t.co\/nugaEAdfhX\">pic.twitter.com\/nugaEAdfhX<\/a><\/p>&mdash; Rodrygo Goes (@RodrygoGoes) <a href=\"https:\/\/twitter.com\/RodrygoGoes\/status\/1589664449828225025?ref_src=twsrc%5Etfw\">November 7, 2022<\/a><\/blockquote><script async src=\"https:\/\/platform.twitter.com\/widgets.js\" charset=\"utf-8\"><\/script>\n<\/div><figcaption>Rodrygo, convocado para a Copa do Mundo, via Twitter.<\/figcaption><\/figure>\n\n\n\n<figure class=\"wp-block-embed aligncenter is-type-rich is-provider-twitter wp-block-embed-twitter\"><div class=\"wp-block-embed__wrapper\">\n<blockquote class=\"twitter-tweet\" data-width=\"550\" data-dnt=\"true\"><p lang=\"pt\" dir=\"ltr\">E j\u00e1 come\u00e7amos a sentir o clima da copa! Que momento maravilhoso! Vamos juntos em busca do hexa e da alegria pro nosso povo \ud83c\udde7\ud83c\uddf7\ud83c\udfc6\ud83c\udf1f<\/p>&mdash; Vini Jr. (@vinijr) <a href=\"https:\/\/twitter.com\/vinijr\/status\/1589661181484339200?ref_src=twsrc%5Etfw\">November 7, 2022<\/a><\/blockquote><script async src=\"https:\/\/platform.twitter.com\/widgets.js\" charset=\"utf-8\"><\/script>\n<\/div><figcaption>Vin\u00edcius Jr, convocado para a Copa do Mundo, via Twitter.<\/figcaption><\/figure>\n\n\n\n<figure class=\"wp-block-embed aligncenter is-type-rich is-provider-twitter wp-block-embed-twitter\"><div class=\"wp-block-embed__wrapper\">\n<blockquote class=\"twitter-tweet\" data-width=\"550\" data-dnt=\"true\"><p lang=\"pt\" dir=\"ltr\">Deus de milagres! Obrigado, Jesus! \ud83c\udde7\ud83c\uddf7<a href=\"https:\/\/twitter.com\/CBF_Futebol?ref_src=twsrc%5Etfw\">@CBF_Futebol<\/a> <a href=\"https:\/\/t.co\/DDXVIoV08h\">pic.twitter.com\/DDXVIoV08h<\/a><\/p>&mdash; P9 (@Pedro9oficial) <a href=\"https:\/\/twitter.com\/Pedro9oficial\/status\/1589659201739292674?ref_src=twsrc%5Etfw\">November 7, 2022<\/a><\/blockquote><script async src=\"https:\/\/platform.twitter.com\/widgets.js\" charset=\"utf-8\"><\/script>\n<\/div><figcaption>Pedro, convocado para a Copa do Mundo, via Twitter.<\/figcaption><\/figure>\n\n\n\n<p>O que tem causado discuss\u00f5es na internet e em programas esportivos \u00e9 a convoca\u00e7\u00e3o de Daniel Alves, de 39 anos de idade. Reconhecido como <strong>o maior vencedor da hist\u00f3ria do futebol com 43 t\u00edtulos conquistados<\/strong>, o atleta atua pelo Pumas, clube que est\u00e1 entre os \u00faltimos colocados da liga mexicana de futebol. A explica\u00e7\u00e3o do t\u00e9cnico Tite para a decis\u00e3o de lev\u00e1-lo \u00e9 de que, com jogadores ocupando as pontas, n\u00e3o \u00e9 necess\u00e1rio utilizar laterais ofensivos, mas, sim, construtores. \u201cA qualidade t\u00e9cnica que o Dani Alves empresta neste quesito \u00e9 impressionante\u201d, complementa.<\/p>\n\n\n\n<figure class=\"wp-block-embed aligncenter is-type-rich is-provider-twitter wp-block-embed-twitter\"><div class=\"wp-block-embed__wrapper\">\n<blockquote class=\"twitter-tweet\" data-width=\"550\" data-dnt=\"true\"><p lang=\"und\" dir=\"ltr\">kkkkkkkkkkkkkkkkkkkkkkkkkkkkkkkkk <a href=\"https:\/\/t.co\/qBHYimaQjp\">pic.twitter.com\/qBHYimaQjp<\/a><\/p>&mdash; out of context brasileir\u00e3o (@oocbrsao) <a href=\"https:\/\/twitter.com\/oocbrsao\/status\/1589657268018368512?ref_src=twsrc%5Etfw\">November 7, 2022<\/a><\/blockquote><script async src=\"https:\/\/platform.twitter.com\/widgets.js\" charset=\"utf-8\"><\/script>\n<\/div><\/figure>\n\n\n\n<figure class=\"wp-block-embed aligncenter is-type-rich is-provider-twitter wp-block-embed-twitter\"><div class=\"wp-block-embed__wrapper\">\n<blockquote class=\"twitter-tweet\" data-width=\"550\" data-dnt=\"true\"><p lang=\"pt\" dir=\"ltr\">*Daniel Alves convocado para a Sele\u00e7\u00e3o Brasileira \ud83c\udde7\ud83c\uddf7*<br><br>eu: <a href=\"https:\/\/t.co\/qMs59pItvv\">pic.twitter.com\/qMs59pItvv<\/a><\/p>&mdash; La Tribonera @ IEM Rio Major (@latriboneragg) <a href=\"https:\/\/twitter.com\/latriboneragg\/status\/1589652808051339265?ref_src=twsrc%5Etfw\">November 7, 2022<\/a><\/blockquote><script async src=\"https:\/\/platform.twitter.com\/widgets.js\" charset=\"utf-8\"><\/script>\n<\/div><figcaption>Daniel Alves, convocado para a Copa do Mundo, via Twitter.<\/figcaption><\/figure>\n\n\n\n<h2 class=\"wp-block-heading\">Copa do Mundo 2022 no Catar: quando e onde assistir<\/h2>\n\n\n\n<p>&nbsp;O torneio come\u00e7a no pr\u00f3ximo dia 20, \u00e0s 13h. A partida de abertura ser\u00e1 disputada por Catar e Equador. Os jogos da sele\u00e7\u00e3o brasileira ocorrer\u00e3o nas seguintes datas:<\/p>\n\n\n\n<ul><li>24\/11 &#8211; 16h. Brasil e S\u00e9rvia. Est\u00e1dio Lusail, Doha;<\/li><li>28\/11 &#8211; 13h. Brasil e Su\u00ed\u00e7a. Stadium 974, Doha;<\/li><li>02\/12 &#8211; 16h. Brasil e Camar\u00f5es. Est\u00e1dio Lusail, Doha.<\/li><\/ul>\n\n\n\n<p>A Globo det\u00e9m os direitos de transmiss\u00e3o dos jogos da Copa do Mundo 2022, tendo exclusividade na TV aberta e na TV fechada com os canais SporTV. Al\u00e9m da emissora, o influenciador digital Casimiro tamb\u00e9m transmitir\u00e1 os jogos do mundial, s\u00f3 que digitalmente, em seu canal na plataforma Twitch.<\/p>\n\n\n\n<p><\/p>\n","protected":false},"excerpt":{"rendered":"<p>Veja os 26 atletas escolhidos para representar o Brasil no torneio mundial de futebol da Fifa, que inicia no pr\u00f3ximo dia 20 Nesta segunda-feira (7), \u00e0s 13h, a Confedera\u00e7\u00e3o Brasileira de Futebol (CBF) realizou a convoca\u00e7\u00e3o da sele\u00e7\u00e3o brasileira para a Copa do Mundo 2022 no Catar. Foram convocados 26 atletas que atuam em diferentes [&hellip;]<\/p>\n","protected":false},"author":27,"featured_media":13830,"comment_status":"open","ping_status":"open","sticky":false,"template":"","format":"standard","meta":{"footnotes":""},"categories":[1588],"tags":[1583,1668,705,559],"_links":{"self":[{"href":"https:\/\/revidigital.ielusc.br\/index.php\/wp-json\/wp\/v2\/posts\/13829"}],"collection":[{"href":"https:\/\/revidigital.ielusc.br\/index.php\/wp-json\/wp\/v2\/posts"}],"about":[{"href":"https:\/\/revidigital.ielusc.br\/index.php\/wp-json\/wp\/v2\/types\/post"}],"author":[{"embeddable":true,"href":"https:\/\/revidigital.ielusc.br\/index.php\/wp-json\/wp\/v2\/users\/27"}],"replies":[{"embeddable":true,"href":"https:\/\/revidigital.ielusc.br\/index.php\/wp-json\/wp\/v2\/comments?post=13829"}],"version-history":[{"count":1,"href":"https:\/\/revidigital.ielusc.br\/index.php\/wp-json\/wp\/v2\/posts\/13829\/revisions"}],"predecessor-version":[{"id":13831,"href":"https:\/\/revidigital.ielusc.br\/index.php\/wp-json\/wp\/v2\/posts\/13829\/revisions\/13831"}],"wp:featuredmedia":[{"embeddable":true,"href":"https:\/\/revidigital.ielusc.br\/index.php\/wp-json\/wp\/v2\/media\/13830"}],"wp:attachment":[{"href":"https:\/\/revidigital.ielusc.br\/index.php\/wp-json\/wp\/v2\/media?parent=13829"}],"wp:term":[{"taxonomy":"category","embeddable":true,"href":"https:\/\/revidigital.ielusc.br\/index.php\/wp-json\/wp\/v2\/categories?post=13829"},{"taxonomy":"post_tag","embeddable":true,"href":"https:\/\/revidigital.ielusc.br\/index.php\/wp-json\/wp\/v2\/tags?post=13829"}],"curies":[{"name":"wp","href":"https:\/\/api.w.org\/{rel}","templated":true}]}}