{"id":13918,"date":"2022-11-18T16:38:54","date_gmt":"2022-11-18T19:38:54","guid":{"rendered":"https:\/\/revidigital.ielusc.br\/?p=13918"},"modified":"2022-12-20T16:21:07","modified_gmt":"2022-12-20T19:21:07","slug":"multiartista-traz-reflexoes-e-retrata-lutas-pessoais-e-politicas-em-seu-primeiro-disco","status":"publish","type":"post","link":"https:\/\/revidigital.ielusc.br\/index.php\/2022\/11\/18\/multiartista-traz-reflexoes-e-retrata-lutas-pessoais-e-politicas-em-seu-primeiro-disco\/","title":{"rendered":"Multiartista traz reflex\u00f5es e retrata lutas pessoais e pol\u00edticas em seu primeiro disco"},"content":{"rendered":"\n<p>No dia 29 de julho, o multiartista Edwin de Paula lan\u00e7ou o seu primeiro disco musical, intitulado de \u201cTelecorsa\u201d. Um dia ap\u00f3s o lan\u00e7amento oficial do \u00e1lbum em todas as plataformas digitais, Edwin realizou um show de lan\u00e7amento na Livraria O Sebo, no centro de Joinville. O m\u00fasico conta que tanto o disco quanto o show s\u00e3o marcos muito importantes em sua carreira.<\/p>\n\n\n\n<p>Edwin de Paula \u00e9 um cantor, compositor e m\u00fasico. Possuindo 13 faixas, Telecorsa, o primeiro disco do multiartista, \u00e9 um grande apanhado de experimenta\u00e7\u00f5es que misturam o sint\u00e9tico e o anal\u00f3gico, o passado e o futuro. Resultado de um trabalho de 4 anos de produ\u00e7\u00e3o, o \u00e1lbum \u00e9 um trabalho autoral, escrito e produzido inteiramente pelo cantor. Apesar de n\u00e3o parecer \u00e0 primeira vista, o disco tamb\u00e9m \u00e9 bem pol\u00edtico.<\/p>\n\n\n\n<blockquote class=\"wp-block-quote\"><p>Apesar da perspectiva eg\u00f3ica que permeia todo o disco, o foco est\u00e1 muito mais na rela\u00e7\u00e3o \u201cEu X mundo do que apenas no \u201cEu\u201d. Acho que isso fica mais evidente em \u201cManifesto\u201d, que \u00e9 uma m\u00fasica que eu escrevi pensando muito na classe art\u00edstica e nas diferentes lutas que fazem parte desta classe, que em sua maioria \u00e9 formada por artistas LGBTQIA+, racializados ou que de alguma forma fazem parte de uma minoria ou s\u00e3o marginalizados.<\/p><cite>relata Edwin.<\/cite><\/blockquote>\n\n\n\n<p>A m\u00fasica \u201cManifesto\u201d citada por Edwin \u00e9 apenas uma das 13 faixas que o disco possui. O cantor ainda ressalta que o disco referencia sua experi\u00eancia pessoal com o abandono da religi\u00e3o, algo que \u00e9 poss\u00edvel de se perceber no \u00faltimo verso de &#8220;Manifesto&#8221; e nas outras faixas do \u00e1lbum, como por exemplo &#8220;Outubro no. 2\u201d, que \u00e9 uma m\u00fasica que Edwin escreveu durante as elei\u00e7\u00f5es de 2018. Confira abaixo a <em>tracklist <\/em>completa do disco Telecorsa:<\/p>\n\n\n<div class=\"wp-block-image\">\n<figure class=\"aligncenter size-full is-resized\"><img decoding=\"async\" loading=\"lazy\" src=\"https:\/\/revidigital.ielusc.br\/wp-content\/uploads\/2022\/11\/Contracapa-TELECORSA-1.png\" alt=\"\" class=\"wp-image-13920\" width=\"586\" height=\"586\" srcset=\"https:\/\/revidigital.ielusc.br\/wp-content\/uploads\/2022\/11\/Contracapa-TELECORSA-1.png 1417w, https:\/\/revidigital.ielusc.br\/wp-content\/uploads\/2022\/11\/Contracapa-TELECORSA-1-150x150.png 150w\" sizes=\"(max-width: 586px) 100vw, 586px\" \/><figcaption>Contracapa do disco Telecorsa, introduzindo as 13 faixas do \u00e1lbum. Cr\u00e9ditos: Edwin de Paula.<br><\/figcaption><\/figure><\/div>\n\n\n<p><strong>Mais sobre a mensagem do disco<\/strong><\/p>\n\n\n\n<p>Al\u00e9m da abordagem pol\u00edtica, as lutas pessoais de Edwin est\u00e3o muito presentes ao decorrer do disco. Telecorsa \u00e9 claramente uma grande reflex\u00e3o pand\u00eamica, um \u201cnovorritmo\u201d para um \u201cnovotempo\u201d, como gosta de dizer o multiartista a respeito do \u00e1lbum. Edwin de Paula conta e canta suas pr\u00f3prias hist\u00f3rias e dilemas atrav\u00e9s de um apanhado de composi\u00e7\u00f5es que escreveu nos \u00faltimos dez anos.&nbsp;<\/p>\n\n\n\n<p>\u201cSinceridade no. 3\u201d por exemplo, \u00e9 uma releitura da primeira m\u00fasica que escreveu, no ano de 2011. J\u00e1 \u201cAutorama\u201d, foi escrita h\u00e1 apenas quatro meses antes do lan\u00e7amento do disco. Ou seja, Telecorsa retrata muitas fases da vida pessoal de Edwin, com todos os elementos do \u00e1lbum tendo um significado dentro de sua hist\u00f3ria. Ao decorrer do disco, Edwin relata muitas de suas experi\u00eancias que fizeram ele ser quem \u00e9 hoje, como sua inf\u00e2ncia dentro da igreja m\u00f3rmon, da sua rela\u00e7\u00e3o com figuras de autoridade e das expectativas impostas sobre a sua exist\u00eancia e de como teve de romper com estes dogmas para ser ele mesmo. \u201cEu espero que o Telecorsa inspire as pessoas a n\u00e3o cederem \u00e0 covardia de n\u00e3o ser elas mesmas, a abra\u00e7arem-se com sua luz e com sua sombra. Minha m\u00e3e sempre me disse para nunca me igualar aos outros, eu s\u00f3 estou repassando a mensagem\u201d, diz o multiartista sobre a mensagem do disco.<\/p>\n\n\n\n<p><strong>Sobre o show de lan\u00e7amento<\/strong><\/p>\n\n\n\n<p>Um dia ap\u00f3s o lan\u00e7amento em todas as plataformas digitais, Edwin de Paula realizou um show para comemorar o lan\u00e7amento de seu primeiro disco. O evento ocorreu na Livraria O Sebo, no centro de Joinville. O show foi um sucesso e lotou a livraria. O multiartista conta que o evento foi a experi\u00eancia mais gratificante que a m\u00fasica j\u00e1 lhe proporcionou.<\/p>\n\n\n\n<blockquote class=\"wp-block-quote\"><p>O espa\u00e7o da Livraria O Sebo \u00e9 hist\u00f3rico e tem minha admira\u00e7\u00e3o desde que cheguei na cidade, em 2015. O evento foi tamb\u00e9m uma constru\u00e7\u00e3o coletiva, o que \u00e9 incomum para mim, que sou acostumado a fazer tudo sozinho, ent\u00e3o fazer algo com outras pessoas foi de aquecer o cora\u00e7\u00e3o. N\u00f3s lotamos os dois pisos do espa\u00e7o, n\u00e3o tenho o n\u00famero exato mas estipulo umas 110 pessoas. Uma coisa que me chamou a aten\u00e7\u00e3o foi a diversidade et\u00e1ria na plateia. Havia crian\u00e7as e idosos assistindo. Me enche de alegria lembrar desse dia, foi uma experi\u00eancia imersiva em que eu pude compartilhar um pouco do que \u00e9 essa ideia complexa do telecorsa com v\u00e1rias pessoas e pude dar espa\u00e7o para outras pessoas se expressarem. Tem uma foto de todos que fizeram parte da organiza\u00e7\u00e3o do show, oito pessoas, e metade deles s\u00e3o negros, algo que eu s\u00f3 fui perceber olhando para as fotos depois. Tenho muito orgulho disso ter acontecido numa cidade como Joinville.<\/p><cite>relatou o multiartista.<\/cite><\/blockquote>\n\n\n\n<p>Durante o show, v\u00e1rios artistas estavam presentes. Foram tocadas todas as m\u00fasicas do disco, com a \u201cAnuncia\u00e7\u00e3o\u201d de Alceu Valen\u00e7a e \u201cDivina Com\u00e9dia\u201d de Belchior. A abertura da m\u00fasica \u201cFalando Com Surdos!\u201d, foi feita pela poeta Alice Frozz. Victor Sarmanho, vocalista da banda Four Fellas, se juntou a Edwin no palco para recitar um poema autoral ao fim da m\u00fasica \u201cDi\u00e1rio da Sobriedade\u201d, e Zalu Amorim, organizador do Slam Guar\u00e1, abriu a m\u00fasica \u201cOutubro no. 2\u201d. Al\u00e9m de tudo isso, Alyne do Utopic Analogic, fez uma exposi\u00e7\u00e3o fotogr\u00e1fica no andar superior da livraria com fotos feitas para a divulga\u00e7\u00e3o do disco.<\/p>\n\n\n<div class=\"wp-block-image\">\n<figure class=\"aligncenter size-full is-resized\"><img decoding=\"async\" loading=\"lazy\" src=\"https:\/\/revidigital.ielusc.br\/wp-content\/uploads\/2022\/11\/DSC00654-1-scaled.jpg\" alt=\"\" class=\"wp-image-13921\" width=\"745\" height=\"496\" srcset=\"https:\/\/revidigital.ielusc.br\/wp-content\/uploads\/2022\/11\/DSC00654-1-scaled.jpg 2560w, https:\/\/revidigital.ielusc.br\/wp-content\/uploads\/2022\/11\/DSC00654-1-1536x1024.jpg 1536w, https:\/\/revidigital.ielusc.br\/wp-content\/uploads\/2022\/11\/DSC00654-1-2048x1365.jpg 2048w\" sizes=\"(max-width: 745px) 100vw, 745px\" \/><figcaption>Foto capturada durante o show de lan\u00e7amento do disco Telecorsa. Cr\u00e9ditos: Miguel de Borba \/ @livinginsavana<\/figcaption><\/figure><\/div>\n\n\n<p>Para acompanhar o trabalho de Edwin de Paula, o multiartista est\u00e1 presente no <a href=\"https:\/\/www.instagram.com\/edwindepaula\/\">Instagram<\/a>, al\u00e9m de que seu disco pode ser encontrado em todas as plataformas digitais, como o <a href=\"https:\/\/open.spotify.com\/artist\/2ijiHOm96FoQPWCPAEnwQo?si=8GkUgf2jRE6BIfe5B0VChQ\">Spotify<\/a> e o <a href=\"https:\/\/deezer.page.link\/VWF5qyZnEFcTHJ1T7\">Deezer<\/a>.<\/p>\n","protected":false},"excerpt":{"rendered":"<p>No dia 29 de julho, o multiartista Edwin de Paula lan\u00e7ou o seu primeiro disco musical, intitulado de \u201cTelecorsa\u201d. Um dia ap\u00f3s o lan\u00e7amento oficial do \u00e1lbum em todas as plataformas digitais, Edwin realizou um show de lan\u00e7amento na Livraria O Sebo, no centro de Joinville. O m\u00fasico conta que tanto o disco quanto o [&hellip;]<\/p>\n","protected":false},"author":25,"featured_media":13922,"comment_status":"open","ping_status":"open","sticky":false,"template":"","format":"standard","meta":{"footnotes":""},"categories":[88],"tags":[1688,1689,143,360],"_links":{"self":[{"href":"https:\/\/revidigital.ielusc.br\/index.php\/wp-json\/wp\/v2\/posts\/13918"}],"collection":[{"href":"https:\/\/revidigital.ielusc.br\/index.php\/wp-json\/wp\/v2\/posts"}],"about":[{"href":"https:\/\/revidigital.ielusc.br\/index.php\/wp-json\/wp\/v2\/types\/post"}],"author":[{"embeddable":true,"href":"https:\/\/revidigital.ielusc.br\/index.php\/wp-json\/wp\/v2\/users\/25"}],"replies":[{"embeddable":true,"href":"https:\/\/revidigital.ielusc.br\/index.php\/wp-json\/wp\/v2\/comments?post=13918"}],"version-history":[{"count":5,"href":"https:\/\/revidigital.ielusc.br\/index.php\/wp-json\/wp\/v2\/posts\/13918\/revisions"}],"predecessor-version":[{"id":14128,"href":"https:\/\/revidigital.ielusc.br\/index.php\/wp-json\/wp\/v2\/posts\/13918\/revisions\/14128"}],"wp:featuredmedia":[{"embeddable":true,"href":"https:\/\/revidigital.ielusc.br\/index.php\/wp-json\/wp\/v2\/media\/13922"}],"wp:attachment":[{"href":"https:\/\/revidigital.ielusc.br\/index.php\/wp-json\/wp\/v2\/media?parent=13918"}],"wp:term":[{"taxonomy":"category","embeddable":true,"href":"https:\/\/revidigital.ielusc.br\/index.php\/wp-json\/wp\/v2\/categories?post=13918"},{"taxonomy":"post_tag","embeddable":true,"href":"https:\/\/revidigital.ielusc.br\/index.php\/wp-json\/wp\/v2\/tags?post=13918"}],"curies":[{"name":"wp","href":"https:\/\/api.w.org\/{rel}","templated":true}]}}