{"id":14009,"date":"2022-11-28T21:35:41","date_gmt":"2022-11-29T00:35:41","guid":{"rendered":"https:\/\/revidigital.ielusc.br\/?p=14009"},"modified":"2024-03-18T15:08:46","modified_gmt":"2024-03-18T18:08:46","slug":"brasil-classificado-para-as-oitavas-da-copa-do-mundo","status":"publish","type":"post","link":"https:\/\/revidigital.ielusc.br\/index.php\/2022\/11\/28\/brasil-classificado-para-as-oitavas-da-copa-do-mundo\/","title":{"rendered":"Brasil classificado para as oitavas da Copa do Mundo"},"content":{"rendered":"\n<p><em>Ainda na segunda rodada da fase de grupos, sele\u00e7\u00e3o brasileira garante vaga nas finais<\/em><\/p>\n\n\n\n<p>Com a vit\u00f3ria por 1 a 0 contra a Su\u00ed\u00e7a nesta segunda-feira (28), a sele\u00e7\u00e3o brasileira se classificou para as oitavas de final da <strong>Copa do Mundo 2022 no Catar<\/strong>. O gol da vit\u00f3ria veio pelos p\u00e9s do meio-campista Casemiro. O advers\u00e1rio do Brasil, que deve ser uma equipe do grupo H, ainda n\u00e3o foi definido.<\/p>\n\n\n\n<p>Em posse de bola, o confronto desta segunda rodada foi equilibrado: 54% de dom\u00ednio brasileiro e 46% su\u00ed\u00e7o. Em oportunidades de gol, no entanto, o cen\u00e1rio \u00e9 diferente. A sele\u00e7\u00e3o brasileira teve 13 chances, sendo 5 em dire\u00e7\u00e3o ao gol. A Su\u00ed\u00e7a teve 6 oportunidades, mas nenhuma foi em dire\u00e7\u00e3o \u00e0 marca. Em passes, a sele\u00e7\u00e3o canarinho tamb\u00e9m foi mais preponderante: 550 passes brasileiros contra 482 su\u00ed\u00e7os. Quando a partida parecia correr em dire\u00e7\u00e3o a um empate, um lance de Casemiro aos 82 minutos fez a equipe mudar de roteiro.<\/p>\n\n\n\n<figure class=\"wp-block-embed is-type-video is-provider-youtube wp-block-embed-youtube wp-embed-aspect-16-9 wp-has-aspect-ratio\"><div class=\"wp-block-embed__wrapper\">\n<iframe loading=\"lazy\" title=\"BRASIL 1 X 0 SU\u00cd\u00c7A | MELHORES MOMENTOS | 2\u00aa RODADA | FASE DE GRUPOS | COPA DO MUNDO 2022\" width=\"800\" height=\"450\" src=\"https:\/\/www.youtube.com\/embed\/QjND0_vLK-A?feature=oembed\" frameborder=\"0\" allow=\"accelerometer; autoplay; clipboard-write; encrypted-media; gyroscope; picture-in-picture\" allowfullscreen><\/iframe>\n<\/div><figcaption class=\"wp-element-caption\">Melhores momentos da partida entre Brasil e Su\u00ed\u00e7a pela segunda rodada da fase de grupos.<\/figcaption><\/figure>\n\n\n\n<p>Al\u00e9m do mais, o jogo teve diversas pausas. Foram 17 faltas da sele\u00e7\u00e3o su\u00ed\u00e7a e 10 da brasileira. Um cart\u00e3o amarelo foi dado para cada lado: Fred, pelo Brasil, e Rieder, pela Su\u00ed\u00e7a.<\/p>\n\n\n\n<p>Historicamente, Brasil e Su\u00ed\u00e7a j\u00e1 haviam se enfrentado outras duas vezes em mundiais. Uma vez em 1950, quando o torneio era sediado no Brasil, e outra em 2018, na R\u00fassia. Em ambas as ocasi\u00f5es, a partida terminou empatada. Esta \u00e9 a primeira vez que a sele\u00e7\u00e3o brasileira consegue superar a Su\u00ed\u00e7a em Copas do Mundo.<\/p>\n\n\n\n<p>Com esse resultado, <strong>o Brasil foi o segundo pa\u00eds a obter a vaga nas finais<\/strong>. O primeiro foi a Fran\u00e7a, que garantiu o acesso ap\u00f3s vencer a Dinamarca por 2 a 1 no s\u00e1bado (26). Depois do Brasil, Portugal tamb\u00e9m se classificou para as oitavas, vencendo o Uruguai por 2 a 0. O pr\u00f3ximo confronto da sele\u00e7\u00e3o brasileira ser\u00e1 contra Camar\u00f5es na pr\u00f3xima sexta-feira, dia 2. Caso ven\u00e7a, o Brasil encontrar\u00e1 nas oitavas o segundo colocado do grupo H.<\/p>\n\n\n\n<p>Quer receber mais not\u00edcias e conte\u00fados sobre a Copa do Mundo 2022 no Catar? <a href=\"https:\/\/www.instagram.com\/revidigital.ielusc\/\">Acompanhe-nos em suas redes sociais<\/a>! Tamb\u00e9m estamos nas plataformas de streaming de \u00e1udio! <strong>Escute nosso podcast Domina e Copa<\/strong>!<\/p>\n\n\n\n<figure class=\"wp-block-embed is-type-rich is-provider-spotify wp-block-embed-spotify wp-embed-aspect-21-9 wp-has-aspect-ratio\"><div class=\"wp-block-embed__wrapper\">\n<iframe title=\"Spotify Embed: Domina &amp; Copa #02: Brasil vence e convence, mas les\u00f5es preocupam\" style=\"border-radius: 12px\" width=\"100%\" height=\"152\" frameborder=\"0\" allowfullscreen allow=\"autoplay; clipboard-write; encrypted-media; fullscreen; picture-in-picture\" loading=\"lazy\" src=\"https:\/\/open.spotify.com\/embed\/episode\/0nbAoCZTRzm26uX1betnUY?si=e38b5665a75a4a36&#038;utm_source=oembed\"><\/iframe>\n<\/div><\/figure>\n","protected":false},"excerpt":{"rendered":"<p>Ainda na segunda rodada da fase de grupos, sele\u00e7\u00e3o brasileira garante vaga nas finais Com a vit\u00f3ria por 1 a 0 contra a Su\u00ed\u00e7a nesta segunda-feira (28), a sele\u00e7\u00e3o brasileira se classificou para as oitavas de final da Copa do Mundo 2022 no Catar. O gol da vit\u00f3ria veio pelos p\u00e9s do meio-campista Casemiro. O [&hellip;]<\/p>\n","protected":false},"author":27,"featured_media":0,"comment_status":"open","ping_status":"open","sticky":false,"template":"","format":"standard","meta":{"footnotes":""},"categories":[1588],"tags":[34],"_links":{"self":[{"href":"https:\/\/revidigital.ielusc.br\/index.php\/wp-json\/wp\/v2\/posts\/14009"}],"collection":[{"href":"https:\/\/revidigital.ielusc.br\/index.php\/wp-json\/wp\/v2\/posts"}],"about":[{"href":"https:\/\/revidigital.ielusc.br\/index.php\/wp-json\/wp\/v2\/types\/post"}],"author":[{"embeddable":true,"href":"https:\/\/revidigital.ielusc.br\/index.php\/wp-json\/wp\/v2\/users\/27"}],"replies":[{"embeddable":true,"href":"https:\/\/revidigital.ielusc.br\/index.php\/wp-json\/wp\/v2\/comments?post=14009"}],"version-history":[{"count":2,"href":"https:\/\/revidigital.ielusc.br\/index.php\/wp-json\/wp\/v2\/posts\/14009\/revisions"}],"predecessor-version":[{"id":15081,"href":"https:\/\/revidigital.ielusc.br\/index.php\/wp-json\/wp\/v2\/posts\/14009\/revisions\/15081"}],"wp:attachment":[{"href":"https:\/\/revidigital.ielusc.br\/index.php\/wp-json\/wp\/v2\/media?parent=14009"}],"wp:term":[{"taxonomy":"category","embeddable":true,"href":"https:\/\/revidigital.ielusc.br\/index.php\/wp-json\/wp\/v2\/categories?post=14009"},{"taxonomy":"post_tag","embeddable":true,"href":"https:\/\/revidigital.ielusc.br\/index.php\/wp-json\/wp\/v2\/tags?post=14009"}],"curies":[{"name":"wp","href":"https:\/\/api.w.org\/{rel}","templated":true}]}}