{"id":14045,"date":"2022-12-06T23:50:48","date_gmt":"2022-12-07T02:50:48","guid":{"rendered":"https:\/\/revidigital.ielusc.br\/?p=14045"},"modified":"2022-12-07T10:36:19","modified_gmt":"2022-12-07T13:36:19","slug":"brasil-vence-coreia-do-sul-garante-vaga-nas-quartas-de-finais","status":"publish","type":"post","link":"https:\/\/revidigital.ielusc.br\/index.php\/2022\/12\/06\/brasil-vence-coreia-do-sul-garante-vaga-nas-quartas-de-finais\/","title":{"rendered":"Brasil vence Coreia do Sul e garante vaga nas quartas"},"content":{"rendered":"\n<p><em>O sonho do hexacampeonato est\u00e1 a tr\u00eas jogos de dist\u00e2ncia<\/em><\/p>\n\n\n\n<p>Ap\u00f3s a vit\u00f3ria expressiva da sele\u00e7\u00e3o brasileira contra a Coreia do Sul pelo placar de 4 a 1, a sexta ta\u00e7a se aproximou ainda mais do Brasil. Agora, restam tr\u00eas jogos. Tr\u00eas partidas de mata-mata que separam os brasileiros do t\u00e3o sonhado hexacampeonato. O pr\u00f3ximo rival j\u00e1 confirmado \u00e9 a Cro\u00e1cia, vice-campe\u00e3 da \u00faltima edi\u00e7\u00e3o da <strong>Copa do Mundo<\/strong>. O jogo ocorre na sexta-feira (9), ao meio-dia.<\/p>\n\n\n\n<p>Para este confronto, a sele\u00e7\u00e3o brasileira chega mais confiante, tendo em vista o retorno do camisa 10, Neymar, e do lateral Danilo para os gramados. Ambos entraram como titulares na partida contra a Coreia do Sul. Neymar ainda chegou a marcar um gol de p\u00eanalti, ampliando o placar aos 12 minutos do primeiro tempo.<\/p>\n\n\n\n<figure class=\"wp-block-embed is-type-video is-provider-youtube wp-block-embed-youtube wp-embed-aspect-16-9 wp-has-aspect-ratio\"><div class=\"wp-block-embed__wrapper\">\nhttps:\/\/www.youtube.com\/watch?v=adjw21zOaFA\n<\/div><figcaption>Melhores momentos da partida entre Brasil e Coreia do Sul pelas oitavas de final da Copa do Mundo 2022.<\/figcaption><\/figure>\n\n\n\n<p>Todos os gols foram marcados ainda no primeiro tempo por Vin\u00edcius J\u00fanior, Neymar, Richarlison e Lucas Paquet\u00e1. Do lado coreano, quem marcou foi Paik Seung-Ho aos 76 minutos. O placar reflete o n\u00famero de oportunidades criadas por cada equipe. A sele\u00e7\u00e3o brasileira criou 18 chances, sendo 9 chutes em dire\u00e7\u00e3o ao gol, enquanto os coreanos criaram 8 chances, 6 em dire\u00e7\u00e3o \u00e0 marca. A posse de bola do Brasil tamb\u00e9m foi maior: 54% contra 46% da Coreia do Sul. Conforme an\u00e1lises da <a href=\"https:\/\/theanalyst.com\/eu\/\" data-type=\"URL\" data-id=\"https:\/\/theanalyst.com\/eu\/\">Opta Analyst<\/a>, a press\u00e3o coreana foi maior no segundo tempo, quando o Brasil passou a cadenciar mais o jogo e poupar energia.<\/p>\n\n\n\n<figure class=\"wp-block-image size-full\"><img decoding=\"async\" loading=\"lazy\" width=\"2560\" height=\"1611\" src=\"https:\/\/revidigital.ielusc.br\/wp-content\/uploads\/2022\/12\/FjPiBmWWYAc_tLa-scaled.jpeg\" alt=\"\" class=\"wp-image-14047\" srcset=\"https:\/\/revidigital.ielusc.br\/wp-content\/uploads\/2022\/12\/FjPiBmWWYAc_tLa-scaled.jpeg 2560w, https:\/\/revidigital.ielusc.br\/wp-content\/uploads\/2022\/12\/FjPiBmWWYAc_tLa-1536x967.jpeg 1536w, https:\/\/revidigital.ielusc.br\/wp-content\/uploads\/2022\/12\/FjPiBmWWYAc_tLa-2048x1289.jpeg 2048w, https:\/\/revidigital.ielusc.br\/wp-content\/uploads\/2022\/12\/FjPiBmWWYAc_tLa-136x86.jpeg 136w\" sizes=\"(max-width: 2560px) 100vw, 2560px\" \/><figcaption>Gr\u00e1fico desenvolvido pela Opta Analyst demonstra momentos de maior intensidade de cada equipe na partida.<\/figcaption><\/figure>\n\n\n\n<p>Um detalhe desta partida que tem causado discuss\u00f5es na internet e em programas esportivos \u00e9, mais uma vez, a cultura brasileira de comemorar gols com dancinhas. Em rede de televis\u00e3o brit\u00e2nica, o ex-jogador e comentarista irland\u00eas Roy Keane criticou o estilo das comemora\u00e7\u00f5es: \u201cN\u00e3o posso acreditar no que estou assistindo, realmente n\u00e3o posso. Acho que isso \u00e9 realmente desrespeitar a oposi\u00e7\u00e3o. N\u00e3o acho nada bom.\u201d<\/p>\n\n\n\n<figure class=\"wp-block-embed is-type-video is-provider-youtube wp-block-embed-youtube wp-embed-aspect-16-9 wp-has-aspect-ratio\"><div class=\"wp-block-embed__wrapper\">\n<iframe loading=\"lazy\" title=\"&#039;Like watching Strictly&#039;: Roy Keane criticises Brazil&#039;s World Cup goal celebrations\" width=\"800\" height=\"450\" src=\"https:\/\/www.youtube.com\/embed\/Nv5MHuTqF_g?feature=oembed\" frameborder=\"0\" allow=\"accelerometer; autoplay; clipboard-write; encrypted-media; gyroscope; picture-in-picture; web-share\" allowfullscreen><\/iframe>\n<\/div><figcaption>Roy Keane, ex-jogador e comentarista irland\u00eas, critica dancinhas da sele\u00e7\u00e3o brasileira em comemora\u00e7\u00f5es de gols.<\/figcaption><\/figure>\n\n\n\n<p>O coment\u00e1rio gerou grandes repercuss\u00f5es nas m\u00eddias. Usu\u00e1rios do Twitter expressaram sentimentos de indigna\u00e7\u00e3o, rebatendo as cr\u00edticas do comentarista com base no hist\u00f3rico do pr\u00f3prio ex-jogador dentro dos gramados. <\/p>\n\n\n\n<figure class=\"wp-block-embed is-type-rich is-provider-twitter wp-block-embed-twitter\"><div class=\"wp-block-embed__wrapper\">\n<blockquote class=\"twitter-tweet\" data-width=\"550\" data-dnt=\"true\"><p lang=\"pt\" dir=\"ltr\">roy keane: \u201cdan\u00e7ar \u00e9 desrespeitoso\u201d<br><br>o _respeitoso_ roy keane dentro de campo: DOZE CART\u00d5ES VERMELHOS por cravo da chuteira na panturrilha, soco na cara, simula\u00e7\u00e3o, porrada, carrinho criminoso, etc s\u00f3 faltou atentar contra a vida de algu\u00e9m em campo<br><br>vai se fude, ruim de bola <a href=\"https:\/\/t.co\/n53k0upZAf\">pic.twitter.com\/n53k0upZAf<\/a><\/p>&mdash; biondi \ud83c\uddfe\ud83c\uddea\ud83c\udf09\u2074\u2074 (@felipebiondi) <a href=\"https:\/\/twitter.com\/felipebiondi\/status\/1599877045609111552?ref_src=twsrc%5Etfw\">December 5, 2022<\/a><\/blockquote><script async src=\"https:\/\/platform.twitter.com\/widgets.js\" charset=\"utf-8\"><\/script>\n<\/div><\/figure>\n\n\n\n<figure class=\"wp-block-embed is-type-rich is-provider-twitter wp-block-embed-twitter\"><div class=\"wp-block-embed__wrapper\">\n<blockquote class=\"twitter-tweet\" data-width=\"550\" data-dnt=\"true\"><p lang=\"pt\" dir=\"ltr\">Roy Keane: \u201ccomemorar os gols com dancinha \u00e9 desrespeito ao advers\u00e1rio\u201d <br><br>Roy Keane quando era jogador \u201crespeitando\u201d o advers\u00e1rio: <a href=\"https:\/\/t.co\/aG1JUMzbEf\">pic.twitter.com\/aG1JUMzbEf<\/a><\/p>&mdash; Mamede Filho (@mamede_filho) <a href=\"https:\/\/twitter.com\/mamede_filho\/status\/1599891733805862913?ref_src=twsrc%5Etfw\">December 5, 2022<\/a><\/blockquote><script async src=\"https:\/\/platform.twitter.com\/widgets.js\" charset=\"utf-8\"><\/script>\n<\/div><\/figure>\n\n\n\n<h2 class=\"wp-block-heading\">Brasil e Cro\u00e1cia nas quartas de final<\/h2>\n\n\n\n<p><strong>O hist\u00f3rico de encontros entre as duas equipes favorece a brasileira<\/strong>. A Cro\u00e1cia nunca ganhou da sele\u00e7\u00e3o canarinho. Foram duas partidas disputadas em mundiais. Em ambas o Brasil levou a melhor. Houve tamb\u00e9m tr\u00eas jogos amistosos. Dois terminaram em empate e um com vit\u00f3ria para os brasileiros.<\/p>\n\n\n\n<ul><li>Brasil 1&#215;1 Cro\u00e1cia &#8211; 22\/5\/1996 &#8211; Amistoso;<\/li><li>Cro\u00e1cia 1&#215;1 Brasil &#8211; 17\/8\/2005 &#8211; Amistoso;<\/li><li>Brasil 1&#215;0 Cro\u00e1cia &#8211; 13\/6\/2006 &#8211; Copa do Mundo (1\u00aa rodada);<\/li><li>Brasil 3&#215;1 Cro\u00e1cia &#8211; 12\/6\/2014 &#8211; Copa do Mundo (1\u00aa rodada);<\/li><li>Brasil 2&#215;0 Cro\u00e1cia &#8211; 3\/6\/2018 &#8211; Amistoso.<\/li><\/ul>\n\n\n\n<p>Diante do hist\u00f3rico e do desempenho do Brasil at\u00e9 o momento, at\u00e9 o empate \u00e9 mais prov\u00e1vel que a vit\u00f3ria croata, conforme palpites em casas de apostas. Segundo o <a href=\"https:\/\/www.infomoney.com.br\/consumo\/brasil-tem-68-de-chance-de-vencer-a-croacia-nas-quartas-argentina-e-franca-tambem-sao-favoritas\/\">portal InfoMoney<\/a>, as odds de tr\u00eas casas de apostas observadas apontam 69% de probabilidade de vit\u00f3ria para a sele\u00e7\u00e3o brasileira, 20% de empate e prorroga\u00e7\u00e3o e 11% de vit\u00f3ria croata.<\/p>\n\n\n\n<p>Quer receber mais not\u00edcias e conte\u00fados sobre a Copa do Mundo 2022 no Catar? <a href=\"https:\/\/www.instagram.com\/revidigital.ielusc\/\">Acompanhe-nos em suas redes sociais<\/a>! Tamb\u00e9m estamos nas plataformas de streaming de \u00e1udio! <strong>Escute nosso podcast Domina e Copa<\/strong>!<\/p>\n\n\n\n<figure class=\"wp-block-embed is-type-rich is-provider-spotify wp-block-embed-spotify wp-embed-aspect-21-9 wp-has-aspect-ratio\"><div class=\"wp-block-embed__wrapper\">\n<iframe title=\"Spotify Embed: Domina &amp; Copa #03: Brasil garante vaga nas oitavas e sele\u00e7\u00f5es fortes se complicam\" style=\"border-radius: 12px\" width=\"100%\" height=\"152\" frameborder=\"0\" allowfullscreen allow=\"autoplay; clipboard-write; encrypted-media; fullscreen; picture-in-picture\" loading=\"lazy\" src=\"https:\/\/open.spotify.com\/embed\/episode\/5fZmnM4cl1G3rbpgkGWh0W?si=906d4f8894f542fb&#038;utm_source=oembed\"><\/iframe>\n<\/div><\/figure>\n","protected":false},"excerpt":{"rendered":"<p>O sonho do hexacampeonato est\u00e1 a tr\u00eas jogos de dist\u00e2ncia Ap\u00f3s a vit\u00f3ria expressiva da sele\u00e7\u00e3o brasileira contra a Coreia do Sul pelo placar de 4 a 1, a sexta ta\u00e7a se aproximou ainda mais do Brasil. Agora, restam tr\u00eas jogos. Tr\u00eas partidas de mata-mata que separam os brasileiros do t\u00e3o sonhado hexacampeonato. O pr\u00f3ximo [&hellip;]<\/p>\n","protected":false},"author":27,"featured_media":14046,"comment_status":"open","ping_status":"open","sticky":false,"template":"","format":"standard","meta":{"footnotes":""},"categories":[1588],"tags":[34],"_links":{"self":[{"href":"https:\/\/revidigital.ielusc.br\/index.php\/wp-json\/wp\/v2\/posts\/14045"}],"collection":[{"href":"https:\/\/revidigital.ielusc.br\/index.php\/wp-json\/wp\/v2\/posts"}],"about":[{"href":"https:\/\/revidigital.ielusc.br\/index.php\/wp-json\/wp\/v2\/types\/post"}],"author":[{"embeddable":true,"href":"https:\/\/revidigital.ielusc.br\/index.php\/wp-json\/wp\/v2\/users\/27"}],"replies":[{"embeddable":true,"href":"https:\/\/revidigital.ielusc.br\/index.php\/wp-json\/wp\/v2\/comments?post=14045"}],"version-history":[{"count":3,"href":"https:\/\/revidigital.ielusc.br\/index.php\/wp-json\/wp\/v2\/posts\/14045\/revisions"}],"predecessor-version":[{"id":14052,"href":"https:\/\/revidigital.ielusc.br\/index.php\/wp-json\/wp\/v2\/posts\/14045\/revisions\/14052"}],"wp:featuredmedia":[{"embeddable":true,"href":"https:\/\/revidigital.ielusc.br\/index.php\/wp-json\/wp\/v2\/media\/14046"}],"wp:attachment":[{"href":"https:\/\/revidigital.ielusc.br\/index.php\/wp-json\/wp\/v2\/media?parent=14045"}],"wp:term":[{"taxonomy":"category","embeddable":true,"href":"https:\/\/revidigital.ielusc.br\/index.php\/wp-json\/wp\/v2\/categories?post=14045"},{"taxonomy":"post_tag","embeddable":true,"href":"https:\/\/revidigital.ielusc.br\/index.php\/wp-json\/wp\/v2\/tags?post=14045"}],"curies":[{"name":"wp","href":"https:\/\/api.w.org\/{rel}","templated":true}]}}