{"id":14134,"date":"2023-03-08T15:34:00","date_gmt":"2023-03-08T18:34:00","guid":{"rendered":"https:\/\/revidigital.ielusc.br\/?p=14134"},"modified":"2024-03-18T16:16:42","modified_gmt":"2024-03-18T19:16:42","slug":"jornalistas-da-faculdade-ielusc-vencem-premio-aci-ocesc-de-jornalismo-universitario","status":"publish","type":"post","link":"https:\/\/revidigital.ielusc.br\/index.php\/2023\/03\/08\/jornalistas-da-faculdade-ielusc-vencem-premio-aci-ocesc-de-jornalismo-universitario\/","title":{"rendered":"Jornalistas da Faculdade Ielusc vencem Pr\u00eamio ACI\/Ocesc de Jornalismo Universit\u00e1rio"},"content":{"rendered":"\n<p>O webdocument\u00e1rio Vivemos Aqui foi o <strong>vencedor do Pr\u00eamio ACI\/Ocesc de Jornalismo <\/strong>na categoria Jornalismo Universit\u00e1rio, a premia\u00e7\u00e3o \u00e9 concedida pela <strong>Associa\u00e7\u00e3o Catarinense de Imprensa<\/strong>. A <a rel=\"noreferrer noopener\" href=\"https:\/\/www.instagram.com\/p\/Cph4leyu35G\/\" target=\"_blank\">entrega do trof\u00e9u<\/a> e dos certificados ocorreu ontem (07\/03), no Tribunal de Contas do Estado de Santa Catarina, em Florian\u00f3polis (SC). Ao todo, o pr\u00eamio recebeu 351 inscri\u00e7\u00f5es, <a href=\"https:\/\/www.casadojornalista.org\/associacao-catarinense-de-imprensa-premia-vencedores-do-premio-aci-ocesc-de-jornalismo\/\" target=\"_blank\" rel=\"noreferrer noopener\">distribu\u00eddas em sete categorias<\/a>.<\/p>\n\n\n\n<p><a href=\"http:\/\/vivemosaqui.com.br\/#\/\" target=\"_blank\" rel=\"noreferrer noopener\">Vivemos Aqui<\/a> \u00e9 resultado do projeto experimental de Jornalismo desenvolvido pelos estudantes <strong>Kevin Eduardo da Silva<\/strong> e <strong>Pedro Novais<\/strong>, com a colabora\u00e7\u00e3o de <strong>Noah Rosa <\/strong>(Publicidade e Propaganda) e Lucas Leoni (Sistemas para Internet). A professora <strong>K\u00e9rley Winques<\/strong> orientou o trabalho.<\/p>\n\n\n\n<figure class=\"wp-block-image size-full\"><img decoding=\"async\" loading=\"lazy\" width=\"1600\" height=\"1200\" src=\"https:\/\/revidigital.ielusc.br\/wp-content\/uploads\/2023\/03\/3a71d068-6ba4-489b-8748-fbede25bca3e.jpg\" alt=\"\" class=\"wp-image-14137\" srcset=\"https:\/\/revidigital.ielusc.br\/wp-content\/uploads\/2023\/03\/3a71d068-6ba4-489b-8748-fbede25bca3e.jpg 1600w, https:\/\/revidigital.ielusc.br\/wp-content\/uploads\/2023\/03\/3a71d068-6ba4-489b-8748-fbede25bca3e-1536x1152.jpg 1536w\" sizes=\"(max-width: 1600px) 100vw, 1600px\" \/><figcaption class=\"wp-element-caption\">K\u00e9rley Winques, orientadora do trabalho, fez um discurso em nome da equipe na cerim\u00f4nia de premia\u00e7\u00e3o. Cr\u00e9dito: arquivo pessoal.<\/figcaption><\/figure>\n\n\n\n<p>\u201cUm dos objetivos do jornalismo \u00e9 lan\u00e7ar luz sobre temas que necessitam de visibilidade e de debate p\u00fablico. \u00c9 por isso que o jornalismo \u00e9 um agente de transforma\u00e7\u00e3o social. O webdocument\u00e1rio Vivemos Aqui faz isso. Toca em feridas que precisam ser tocadas. A luta por moradia \u00e9 uma realidade dura enfrentada por muitos brasileiros e comunidades ind\u00edgenas. Que este trabalho siga inspirando e provocando reflex\u00f5es. Estamos felizes e orgulhosos\u201d, ressaltou a orientadora do trabalho.<\/p>\n\n\n\n<figure class=\"wp-block-image size-full\"><img decoding=\"async\" loading=\"lazy\" width=\"1900\" height=\"820\" src=\"https:\/\/revidigital.ielusc.br\/wp-content\/uploads\/2023\/03\/Kevin_Eduardo_Pedro_Novais.jpg\" alt=\"\" class=\"wp-image-14135\" srcset=\"https:\/\/revidigital.ielusc.br\/wp-content\/uploads\/2023\/03\/Kevin_Eduardo_Pedro_Novais.jpg 1900w, https:\/\/revidigital.ielusc.br\/wp-content\/uploads\/2023\/03\/Kevin_Eduardo_Pedro_Novais-1536x663.jpg 1536w\" sizes=\"(max-width: 1900px) 100vw, 1900px\" \/><figcaption class=\"wp-element-caption\">Fam\u00edlias Deni com os estudantes Kevin Eduardo e Pedro Novais durante as grava\u00e7\u00f5es do projeto. Cr\u00e9dito: arquivo pessoal.<\/figcaption><\/figure>\n\n\n\n<blockquote class=\"wp-block-quote\">\n<p>&#8220;Quando assisti pela primeira vez o webdocument\u00e1rio Vivemos Aqui, falei para seus autores que era um trabalho pronto para concorrer a premia\u00e7\u00f5es, pois re\u00fane todas as qualidades que se esperam de um bom produto jornal\u00edstico, desde a relev\u00e2ncia da pauta, passando pela boa apura\u00e7\u00e3o at\u00e9 o cuidado com a apresenta\u00e7\u00e3o do conte\u00fado&#8221;.<\/p>\n<cite>Observou a coordenadora do <strong>curso de Jornalismo da Faculdade Ielusc<\/strong>, professora <strong>Mar\u00edlia Crispi de Moraes<\/strong><\/cite><\/blockquote>\n\n\n\n<p>A conquista do primeiro lugar no Pr\u00eamio ACI\/Ocesc, segundo Mar\u00edlia Crispi de Moraes, &#8220;atesta tal qualidade e, por certo, serve de incentivo para que outros estudantes tamb\u00e9m se dediquem a reportagens aprofundadas. Destaco, ainda, a op\u00e7\u00e3o acertada de estabelecer uma parceria multidisciplinar com Noah Rosa (Publicidade e Propaganda) e com Lucas Leoni (Sistemas para Internet). A uni\u00e3o de habilidades diferentes foi fundamental para o resultado final obtido&#8221;.<\/p>\n\n\n\n<p>O trabalho multim\u00eddia dos estudantes da Faculdade Ielusc \u00e9 composto por site, textos, infogr\u00e1ficos, imagens e quatro v\u00eddeos. Retrata a hist\u00f3ria de uma fam\u00edlia ind\u00edgena da etnia Deni que vem de Manaus para Joinville em meio \u00e0 pandemia de Covid-19, sempre enfrentando muitas dificuldades na <strong>luta por moradia<\/strong>. <\/p>\n\n\n\n<h2 class=\"wp-block-heading\">Retomada ind\u00edgena do povo Deni<\/h2>\n\n\n\n<p>In\u00edcio de mar\u00e7o de 2023, quase um ano ap\u00f3s as grava\u00e7\u00f5es do projeto, a comunidade iniciou um <strong>movimento de retomada ind\u00edgena<\/strong>, em Araquari (SC). Mais um cap\u00edtulo de uma luta que visa, sobretudo, o reconhecimento e a entrega de um espa\u00e7o de terra que possa oferecer moradia digna e segura. <\/p>\n\n\n\n<figure class=\"wp-block-image size-full\"><img decoding=\"async\" loading=\"lazy\" width=\"900\" height=\"675\" src=\"https:\/\/revidigital.ielusc.br\/wp-content\/uploads\/2023\/03\/FqYhlD1WYAcgJsZ.jpg\" alt=\"\" class=\"wp-image-14136\"\/><figcaption class=\"wp-element-caption\">Cr\u00e9dito: Alex Magdyel.<\/figcaption><\/figure>\n","protected":false},"excerpt":{"rendered":"<p>O webdocument\u00e1rio Vivemos Aqui foi o vencedor do Pr\u00eamio ACI\/Ocesc de Jornalismo na categoria Jornalismo Universit\u00e1rio, a premia\u00e7\u00e3o \u00e9 concedida pela Associa\u00e7\u00e3o Catarinense de Imprensa. A entrega do trof\u00e9u e dos certificados ocorreu ontem (07\/03), no Tribunal de Contas do Estado de Santa Catarina, em Florian\u00f3polis (SC). Ao todo, o pr\u00eamio recebeu 351 inscri\u00e7\u00f5es, distribu\u00eddas [&hellip;]<\/p>\n","protected":false},"author":1,"featured_media":14138,"comment_status":"open","ping_status":"open","sticky":false,"template":"","format":"standard","meta":{"footnotes":""},"categories":[24,26],"tags":[1716,34,1576,1715,1578],"_links":{"self":[{"href":"https:\/\/revidigital.ielusc.br\/index.php\/wp-json\/wp\/v2\/posts\/14134"}],"collection":[{"href":"https:\/\/revidigital.ielusc.br\/index.php\/wp-json\/wp\/v2\/posts"}],"about":[{"href":"https:\/\/revidigital.ielusc.br\/index.php\/wp-json\/wp\/v2\/types\/post"}],"author":[{"embeddable":true,"href":"https:\/\/revidigital.ielusc.br\/index.php\/wp-json\/wp\/v2\/users\/1"}],"replies":[{"embeddable":true,"href":"https:\/\/revidigital.ielusc.br\/index.php\/wp-json\/wp\/v2\/comments?post=14134"}],"version-history":[{"count":12,"href":"https:\/\/revidigital.ielusc.br\/index.php\/wp-json\/wp\/v2\/posts\/14134\/revisions"}],"predecessor-version":[{"id":15116,"href":"https:\/\/revidigital.ielusc.br\/index.php\/wp-json\/wp\/v2\/posts\/14134\/revisions\/15116"}],"wp:featuredmedia":[{"embeddable":true,"href":"https:\/\/revidigital.ielusc.br\/index.php\/wp-json\/wp\/v2\/media\/14138"}],"wp:attachment":[{"href":"https:\/\/revidigital.ielusc.br\/index.php\/wp-json\/wp\/v2\/media?parent=14134"}],"wp:term":[{"taxonomy":"category","embeddable":true,"href":"https:\/\/revidigital.ielusc.br\/index.php\/wp-json\/wp\/v2\/categories?post=14134"},{"taxonomy":"post_tag","embeddable":true,"href":"https:\/\/revidigital.ielusc.br\/index.php\/wp-json\/wp\/v2\/tags?post=14134"}],"curies":[{"name":"wp","href":"https:\/\/api.w.org\/{rel}","templated":true}]}}