{"id":14162,"date":"2023-03-21T17:25:21","date_gmt":"2023-03-21T20:25:21","guid":{"rendered":"https:\/\/revidigital.ielusc.br\/?p=14162"},"modified":"2023-03-21T17:25:22","modified_gmt":"2023-03-21T20:25:22","slug":"tedxfaculdadeielusc-abre-vendas-do-2o-lote","status":"publish","type":"post","link":"https:\/\/revidigital.ielusc.br\/index.php\/2023\/03\/21\/tedxfaculdadeielusc-abre-vendas-do-2o-lote\/","title":{"rendered":"TEDxFaculdadeIELUSC abre vendas do 2\u00ba lote"},"content":{"rendered":"\n<p>O TEDxFaculdadeIELUSC est\u00e1 chegando e o segundo lote dos ingressos para o evento j\u00e1 est\u00e3o \u00e0 venda. Os interessados em participar do evento j\u00e1 podem <a href=\"https:\/\/www.sympla.com.br\/evento\/tedxfaculdadeielusc\/1907188\">adquirir os ingressos pelo Sympla<\/a>, plataforma de venda de ingressos online. Os valores variam de acordo com a modalidade escolhida, sendo R$ 50 para meia-entrada e R$ 100 para o p\u00fablico em geral.<br><br>A op\u00e7\u00e3o presencial contar\u00e1 com brindes exclusivos, coffee breaks e um certificado impresso. Tamb\u00e9m haver\u00e1 atividades interativas e oportunidades de networking para os participantes.<br><br>Al\u00e9m disso, voc\u00ea tamb\u00e9m pode acompanhar o evento online via internet e receber\u00e1 um certificado digital ao final do evento.<\/p>\n\n\n\n<h2 class=\"wp-block-heading\"><strong>Sobre o TEDxFaculdadeIELUSC:<\/strong><\/h2>\n\n\n\n<p>A primeira edi\u00e7\u00e3o do evento acontece no dia 15 de abril, a partir das 14h no Audit\u00f3rio da Faculdade IELUSC, em Joinville &#8211; SC. As palestras contam com profissionais renomados em diversas \u00e1reas, como tecnologia, empreendedorismo, educa\u00e7\u00e3o e sa\u00fade.<br><br>O TEDxFaculdadeIELUSC \u00e9 uma excelente oportunidade para quem deseja se atualizar e se inspirar com as ideias e experi\u00eancias de pessoas que est\u00e3o transformando o mundo.<\/p>\n\n\n\n<p>Para mais informa\u00e7\u00f5es sobre o TEDxFaculdadeIELUSC e para adquirir seus ingressos, acesse o site do <a href=\"https:\/\/www.sympla.com.br\/evento\/tedxfaculdadeielusc\/1907188\">Sympla.<\/a><\/p>\n","protected":false},"excerpt":{"rendered":"<p>O TEDxFaculdadeIELUSC est\u00e1 chegando e o segundo lote dos ingressos para o evento j\u00e1 est\u00e3o \u00e0 venda. Os interessados em participar do evento j\u00e1 podem adquirir os ingressos pelo Sympla, plataforma de venda de ingressos online. Os valores variam de acordo com a modalidade escolhida, sendo R$ 50 para meia-entrada e R$ 100 para o [&hellip;]<\/p>\n","protected":false},"author":1,"featured_media":14163,"comment_status":"open","ping_status":"open","sticky":false,"template":"","format":"standard","meta":{"footnotes":""},"categories":[78,24],"tags":[91,1576],"_links":{"self":[{"href":"https:\/\/revidigital.ielusc.br\/index.php\/wp-json\/wp\/v2\/posts\/14162"}],"collection":[{"href":"https:\/\/revidigital.ielusc.br\/index.php\/wp-json\/wp\/v2\/posts"}],"about":[{"href":"https:\/\/revidigital.ielusc.br\/index.php\/wp-json\/wp\/v2\/types\/post"}],"author":[{"embeddable":true,"href":"https:\/\/revidigital.ielusc.br\/index.php\/wp-json\/wp\/v2\/users\/1"}],"replies":[{"embeddable":true,"href":"https:\/\/revidigital.ielusc.br\/index.php\/wp-json\/wp\/v2\/comments?post=14162"}],"version-history":[{"count":1,"href":"https:\/\/revidigital.ielusc.br\/index.php\/wp-json\/wp\/v2\/posts\/14162\/revisions"}],"predecessor-version":[{"id":14164,"href":"https:\/\/revidigital.ielusc.br\/index.php\/wp-json\/wp\/v2\/posts\/14162\/revisions\/14164"}],"wp:featuredmedia":[{"embeddable":true,"href":"https:\/\/revidigital.ielusc.br\/index.php\/wp-json\/wp\/v2\/media\/14163"}],"wp:attachment":[{"href":"https:\/\/revidigital.ielusc.br\/index.php\/wp-json\/wp\/v2\/media?parent=14162"}],"wp:term":[{"taxonomy":"category","embeddable":true,"href":"https:\/\/revidigital.ielusc.br\/index.php\/wp-json\/wp\/v2\/categories?post=14162"},{"taxonomy":"post_tag","embeddable":true,"href":"https:\/\/revidigital.ielusc.br\/index.php\/wp-json\/wp\/v2\/tags?post=14162"}],"curies":[{"name":"wp","href":"https:\/\/api.w.org\/{rel}","templated":true}]}}