{"id":14166,"date":"2023-03-30T15:52:50","date_gmt":"2023-03-30T18:52:50","guid":{"rendered":"https:\/\/revidigital.ielusc.br\/?p=14166"},"modified":"2024-03-18T15:15:28","modified_gmt":"2024-03-18T18:15:28","slug":"evento-mostra-novas-oportunidades-na-carreira-de-jornalista","status":"publish","type":"post","link":"https:\/\/revidigital.ielusc.br\/index.php\/2023\/03\/30\/evento-mostra-novas-oportunidades-na-carreira-de-jornalista\/","title":{"rendered":"Evento mostra novas oportunidades na carreira de jornalista"},"content":{"rendered":"\n<p><em>Por Juliana Thomas Mendes<\/em><\/p>\n\n\n\n<p><strong>Luiza Bodenm\u00fcller<\/strong> estar\u00e1 na Faculdade Ielusc, na pr\u00f3xima ter\u00e7a-feira, para falar sobre carreiras, desafios e oportunidades no Jornalismo. O evento ocorre no anfiteatro da unidade centro, \u00e0s 19 horas. Consultora em comunica\u00e7\u00e3o, Lu\u00edza j\u00e1 atuou na Ag\u00eancia P\u00fablica, foi editora de blogs no Huffpost Brasil e&nbsp; gerente de estrat\u00e9gia da ag\u00eancia de checagem Aos Fatos, onde liderou a implementa\u00e7\u00e3o do programa de membros e o desenvolvimento de um chatbot para o Whatsapp, al\u00e9m de desenvolver as estrat\u00e9gias para newsletters.&nbsp;<\/p>\n\n\n\n<p>A palestrante tamb\u00e9m foi gerente de engajamento do Canal Meio, consultora do Comit\u00ea Internacional da Cruz Vermelha no Brasil e da Ag\u00eancia da ONU para Refugiados. No terceiro setor, ainda atuou na Caritas Arquidiocesana de S\u00e3o Paulo, Conectadas e Rede Justi\u00e7a Criminal.&nbsp;<\/p>\n\n\n\n<p>O objetivo da conversa \u00e9 trocar experi\u00eancias sobre possibilidades de carreira para jornalistas. \u201cAl\u00e9m dos caminhos cl\u00e1ssicos ligados \u00e0 reda\u00e7\u00e3o e reportagem, a proposta \u00e9 apresentar alternativas e tend\u00eancias diante do fen\u00f4meno de digitaliza\u00e7\u00e3o da vida e do jornalismo\u201d, diz&nbsp; a jornalista.<\/p>\n\n\n\n<p>Lu\u00edza \u00e9 mestra em comunica\u00e7\u00e3o pela ECA\/USP (Universidade de S\u00e3o Paulo), doutoranda em Comunica\u00e7\u00e3o pela Universidade Federal Minas Gerais, onde estuda desinforma\u00e7\u00e3o e discurso de \u00f3dio.&nbsp; Na palestra, ela vai compartilhar suas viv\u00eancias de 12 anos de profiss\u00e3o. A coordenadora do curso de <strong>Jornalismo da Faculdade Ielusc<\/strong>, Mar\u00edlia Moraes, afirma que novas \u00e1reas de trabalho v\u00eam surgindo no campo da comunica\u00e7\u00e3o. \u201cLuiza tem uma trajet\u00f3ria bem diversificada, por isso \u00e9 nossa convidada para falar das m\u00faltiplas possibilidades que a carreira jornal\u00edstica oferece\u201d, explica.&nbsp;<\/p>\n\n\n\n<p>Profissionais j\u00e1 formados pela Faculdade Ielusc que queiram assistir \u00e0 palestra, devem entrar em contato com o e-mail <a href=\"mailto:marilia.moraes@ielusc.br\" target=\"_blank\" rel=\"noreferrer noopener\">marilia.moraes@ielusc.br<\/a>.<\/p>\n","protected":false},"excerpt":{"rendered":"<p>Por Juliana Thomas Mendes Luiza Bodenm\u00fcller estar\u00e1 na Faculdade Ielusc, na pr\u00f3xima ter\u00e7a-feira, para falar sobre carreiras, desafios e oportunidades no Jornalismo. O evento ocorre no anfiteatro da unidade centro, \u00e0s 19 horas. Consultora em comunica\u00e7\u00e3o, Lu\u00edza j\u00e1 atuou na Ag\u00eancia P\u00fablica, foi editora de blogs no Huffpost Brasil e&nbsp; gerente de estrat\u00e9gia da ag\u00eancia [&hellip;]<\/p>\n","protected":false},"author":1,"featured_media":0,"comment_status":"open","ping_status":"open","sticky":false,"template":"","format":"standard","meta":{"footnotes":""},"categories":[78,24],"tags":[91,34,1576],"_links":{"self":[{"href":"https:\/\/revidigital.ielusc.br\/index.php\/wp-json\/wp\/v2\/posts\/14166"}],"collection":[{"href":"https:\/\/revidigital.ielusc.br\/index.php\/wp-json\/wp\/v2\/posts"}],"about":[{"href":"https:\/\/revidigital.ielusc.br\/index.php\/wp-json\/wp\/v2\/types\/post"}],"author":[{"embeddable":true,"href":"https:\/\/revidigital.ielusc.br\/index.php\/wp-json\/wp\/v2\/users\/1"}],"replies":[{"embeddable":true,"href":"https:\/\/revidigital.ielusc.br\/index.php\/wp-json\/wp\/v2\/comments?post=14166"}],"version-history":[{"count":2,"href":"https:\/\/revidigital.ielusc.br\/index.php\/wp-json\/wp\/v2\/posts\/14166\/revisions"}],"predecessor-version":[{"id":15086,"href":"https:\/\/revidigital.ielusc.br\/index.php\/wp-json\/wp\/v2\/posts\/14166\/revisions\/15086"}],"wp:attachment":[{"href":"https:\/\/revidigital.ielusc.br\/index.php\/wp-json\/wp\/v2\/media?parent=14166"}],"wp:term":[{"taxonomy":"category","embeddable":true,"href":"https:\/\/revidigital.ielusc.br\/index.php\/wp-json\/wp\/v2\/categories?post=14166"},{"taxonomy":"post_tag","embeddable":true,"href":"https:\/\/revidigital.ielusc.br\/index.php\/wp-json\/wp\/v2\/tags?post=14166"}],"curies":[{"name":"wp","href":"https:\/\/api.w.org\/{rel}","templated":true}]}}