{"id":14169,"date":"2023-04-05T17:59:10","date_gmt":"2023-04-05T20:59:10","guid":{"rendered":"https:\/\/revidigital.ielusc.br\/?p=14169"},"modified":"2023-04-05T17:59:12","modified_gmt":"2023-04-05T20:59:12","slug":"inscricoes-para-a-9a-edicao-do-jia-estao-abertas","status":"publish","type":"post","link":"https:\/\/revidigital.ielusc.br\/index.php\/2023\/04\/05\/inscricoes-para-a-9a-edicao-do-jia-estao-abertas\/","title":{"rendered":"\u00a0Inscri\u00e7\u00f5es para a 9\u00aa edi\u00e7\u00e3o do JIA est\u00e3o abertas"},"content":{"rendered":"\n<p><strong><em>Por: Yasmin Pohlmann\u00a0<\/em><\/strong><\/p>\n\n\n\n<p>A 9\u00aa edi\u00e7\u00e3o dos&nbsp; Jogos de Integra\u00e7\u00e3o Acad\u00eamica (JIA) acontece nos dias 26, 27 e 28 de abril, no campus da unidade Sagua\u00e7u da Faculdade Ielusc. As inscri\u00e7\u00f5es come\u00e7aram na segunda-feira, 3 de abril, e ficaram abertas at\u00e9 \u00e0s 21h do dia 17 de abril. O principal objetivo do evento \u00e9 proporcionar um momento de integra\u00e7\u00e3o entre calouros e veteranos.<\/p>\n\n\n\n<p>A taxa de inscri\u00e7\u00e3o custa R$20,00 por acad\u00eamico e vale para at\u00e9 duas modalidades. Caso o participante queira fazer mais de duas modalidades, ser\u00e1 adicionado o valor de R$5,00 para cada modalidade. As inscri\u00e7\u00f5es podem ser feitas diretamente com os membros da Comiss\u00e3o Organizadora do JIA.<\/p>\n\n\n\n<p>Este ano, o JIA conta com dez modalidades: futsal, voleibol, basquete, handebol, queimada, t\u00eanis de mesa, xadrez, domin\u00f3, truco e apresenta\u00e7\u00e3o art\u00edstica. Tamb\u00e9m nesta edi\u00e7\u00e3o, a melhor torcida vai receber uma rodada de pizza. As expectativas das comiss\u00f5es com as participa\u00e7\u00f5es deste ano est\u00e3o altas, principalmente em rela\u00e7\u00e3o ao n\u00famero de inscritos.&nbsp;<\/p>\n\n\n\n<p>Uma Gincana Solid\u00e1ria vai acontecer em paralelo ao evento. A din\u00e2mica auxiliar\u00e1 os times nas pontua\u00e7\u00f5es, as tarefas envolvem, por exemplo, arrecada\u00e7\u00e3o de alimentos n\u00e3o perec\u00edveis, ra\u00e7\u00e3o para c\u00e3es e gatos, produtos de higiene e limpeza pessoal e doa\u00e7\u00e3o de sangue.<\/p>\n","protected":false},"excerpt":{"rendered":"<p>Por: Yasmin Pohlmann\u00a0 A 9\u00aa edi\u00e7\u00e3o dos&nbsp; Jogos de Integra\u00e7\u00e3o Acad\u00eamica (JIA) acontece nos dias 26, 27 e 28 de abril, no campus da unidade Sagua\u00e7u da Faculdade Ielusc. As inscri\u00e7\u00f5es come\u00e7aram na segunda-feira, 3 de abril, e ficaram abertas at\u00e9 \u00e0s 21h do dia 17 de abril. O principal objetivo do evento \u00e9 proporcionar [&hellip;]<\/p>\n","protected":false},"author":1,"featured_media":14170,"comment_status":"open","ping_status":"open","sticky":false,"template":"","format":"standard","meta":{"footnotes":""},"categories":[78,24],"tags":[91,1576],"_links":{"self":[{"href":"https:\/\/revidigital.ielusc.br\/index.php\/wp-json\/wp\/v2\/posts\/14169"}],"collection":[{"href":"https:\/\/revidigital.ielusc.br\/index.php\/wp-json\/wp\/v2\/posts"}],"about":[{"href":"https:\/\/revidigital.ielusc.br\/index.php\/wp-json\/wp\/v2\/types\/post"}],"author":[{"embeddable":true,"href":"https:\/\/revidigital.ielusc.br\/index.php\/wp-json\/wp\/v2\/users\/1"}],"replies":[{"embeddable":true,"href":"https:\/\/revidigital.ielusc.br\/index.php\/wp-json\/wp\/v2\/comments?post=14169"}],"version-history":[{"count":1,"href":"https:\/\/revidigital.ielusc.br\/index.php\/wp-json\/wp\/v2\/posts\/14169\/revisions"}],"predecessor-version":[{"id":14171,"href":"https:\/\/revidigital.ielusc.br\/index.php\/wp-json\/wp\/v2\/posts\/14169\/revisions\/14171"}],"wp:featuredmedia":[{"embeddable":true,"href":"https:\/\/revidigital.ielusc.br\/index.php\/wp-json\/wp\/v2\/media\/14170"}],"wp:attachment":[{"href":"https:\/\/revidigital.ielusc.br\/index.php\/wp-json\/wp\/v2\/media?parent=14169"}],"wp:term":[{"taxonomy":"category","embeddable":true,"href":"https:\/\/revidigital.ielusc.br\/index.php\/wp-json\/wp\/v2\/categories?post=14169"},{"taxonomy":"post_tag","embeddable":true,"href":"https:\/\/revidigital.ielusc.br\/index.php\/wp-json\/wp\/v2\/tags?post=14169"}],"curies":[{"name":"wp","href":"https:\/\/api.w.org\/{rel}","templated":true}]}}