{"id":14173,"date":"2023-04-10T17:01:30","date_gmt":"2023-04-10T20:01:30","guid":{"rendered":"https:\/\/revidigital.ielusc.br\/?p=14173"},"modified":"2023-04-10T17:22:01","modified_gmt":"2023-04-10T20:22:01","slug":"entrevista-com-luiza-bodenmuller-desafios-do-jornalismo-contemporaneo","status":"publish","type":"post","link":"https:\/\/revidigital.ielusc.br\/index.php\/2023\/04\/10\/entrevista-com-luiza-bodenmuller-desafios-do-jornalismo-contemporaneo\/","title":{"rendered":"Entrevista com Luiza Bodenm\u00fcller: desafios do jornalismo contempor\u00e2neo"},"content":{"rendered":"\n<p><strong><em>Por: B\u00e1rbara Adriana Siementkowski e Yasmin Pohlmann&nbsp;<\/em><\/strong><\/p>\n\n\n\n<p>Na \u00faltima ter\u00e7a-feira, 04 de abril, o curso de Jornalismo da Faculdade Ielusc recebeu a jornalista<strong> Luiza Bodenm\u00fcller<\/strong>. A palestra \u201c<strong>Jornalismo: carreira, desafios e oportunidades<\/strong>\u201d aconteceu no anfiteatro da unidade Centro e marcou a aula inaugural do curso.\u00a0<\/p>\n\n\n\n<p>Bodenm\u00fcller \u00e9 jornalista, doutoranda em Comunica\u00e7\u00e3o na UFMG, onde estuda desinforma\u00e7\u00e3o e discurso de \u00f3dio. \u00c9 tamb\u00e9m mestra em Comunica\u00e7\u00e3o pela ECA\/USP e consultora em Comunica\u00e7\u00e3o. Ela j\u00e1 atuou como gerente de estrat\u00e9gia de Aos Fatos (ag\u00eancia de checagem), liderando a implementa\u00e7\u00e3o do programa de membros e o desenvolvimento da F\u00e1tima, um chatbot para o WhatsApp, al\u00e9m de desenvolver estrat\u00e9gias para newsletters.&nbsp;<\/p>\n\n\n\n<p>Durante o evento, foram apresentadas v\u00e1rias vis\u00f5es da palestrante. Fato que deixou os alunos surpresos com a real viv\u00eancia salarial de um jornalista, e tamb\u00e9m em rela\u00e7\u00e3o aos desafios e novas carreiras da profiss\u00e3o no cen\u00e1rio contempor\u00e2neo.<\/p>\n\n\n\n<p>A Revi, claro, n\u00e3o ficou de fora e antes da palestra realizou uma entrevista com Bodenm\u00fcller. Confira abaixo o bate-papo realizado com a rep\u00f3rter B\u00e1rbara Adriana Siementkowski.\u00a0<\/p>\n\n\n\n<p><\/p>\n\n\n\n<figure class=\"wp-block-embed is-type-video is-provider-youtube wp-block-embed-youtube wp-embed-aspect-16-9 wp-has-aspect-ratio\"><div class=\"wp-block-embed__wrapper\">\n<iframe loading=\"lazy\" title=\"Entrevista com Luiza Bodenm\u00fcller\" width=\"800\" height=\"450\" src=\"https:\/\/www.youtube.com\/embed\/gh4vySectVQ?feature=oembed\" frameborder=\"0\" allow=\"accelerometer; autoplay; clipboard-write; encrypted-media; gyroscope; picture-in-picture; web-share\" allowfullscreen><\/iframe>\n<\/div><\/figure>\n","protected":false},"excerpt":{"rendered":"<p>Por: B\u00e1rbara Adriana Siementkowski e Yasmin Pohlmann&nbsp; Na \u00faltima ter\u00e7a-feira, 04 de abril, o curso de Jornalismo da Faculdade Ielusc recebeu a jornalista Luiza Bodenm\u00fcller. A palestra \u201cJornalismo: carreira, desafios e oportunidades\u201d aconteceu no anfiteatro da unidade Centro e marcou a aula inaugural do curso.\u00a0 Bodenm\u00fcller \u00e9 jornalista, doutoranda em Comunica\u00e7\u00e3o na UFMG, onde estuda [&hellip;]<\/p>\n","protected":false},"author":1,"featured_media":14174,"comment_status":"open","ping_status":"open","sticky":false,"template":"","format":"standard","meta":{"footnotes":""},"categories":[78,24],"tags":[91,34,1576,1717],"_links":{"self":[{"href":"https:\/\/revidigital.ielusc.br\/index.php\/wp-json\/wp\/v2\/posts\/14173"}],"collection":[{"href":"https:\/\/revidigital.ielusc.br\/index.php\/wp-json\/wp\/v2\/posts"}],"about":[{"href":"https:\/\/revidigital.ielusc.br\/index.php\/wp-json\/wp\/v2\/types\/post"}],"author":[{"embeddable":true,"href":"https:\/\/revidigital.ielusc.br\/index.php\/wp-json\/wp\/v2\/users\/1"}],"replies":[{"embeddable":true,"href":"https:\/\/revidigital.ielusc.br\/index.php\/wp-json\/wp\/v2\/comments?post=14173"}],"version-history":[{"count":2,"href":"https:\/\/revidigital.ielusc.br\/index.php\/wp-json\/wp\/v2\/posts\/14173\/revisions"}],"predecessor-version":[{"id":14177,"href":"https:\/\/revidigital.ielusc.br\/index.php\/wp-json\/wp\/v2\/posts\/14173\/revisions\/14177"}],"wp:featuredmedia":[{"embeddable":true,"href":"https:\/\/revidigital.ielusc.br\/index.php\/wp-json\/wp\/v2\/media\/14174"}],"wp:attachment":[{"href":"https:\/\/revidigital.ielusc.br\/index.php\/wp-json\/wp\/v2\/media?parent=14173"}],"wp:term":[{"taxonomy":"category","embeddable":true,"href":"https:\/\/revidigital.ielusc.br\/index.php\/wp-json\/wp\/v2\/categories?post=14173"},{"taxonomy":"post_tag","embeddable":true,"href":"https:\/\/revidigital.ielusc.br\/index.php\/wp-json\/wp\/v2\/tags?post=14173"}],"curies":[{"name":"wp","href":"https:\/\/api.w.org\/{rel}","templated":true}]}}