{"id":14178,"date":"2023-04-11T15:26:19","date_gmt":"2023-04-11T18:26:19","guid":{"rendered":"https:\/\/revidigital.ielusc.br\/?p=14178"},"modified":"2023-04-11T15:39:19","modified_gmt":"2023-04-11T18:39:19","slug":"de-recem-formado-a-campeao-da-superliga-b-conheca-a-trajetoria-do-joinville-volei","status":"publish","type":"post","link":"https:\/\/revidigital.ielusc.br\/index.php\/2023\/04\/11\/de-recem-formado-a-campeao-da-superliga-b-conheca-a-trajetoria-do-joinville-volei\/","title":{"rendered":"De rec\u00e9m-formado a campe\u00e3o da Superliga B: conhe\u00e7a a trajet\u00f3ria do Joinville V\u00f4lei"},"content":{"rendered":"\n<p>Quanto tempo um novo projeto leva para ter sucesso? O<strong> Joinville V\u00f4lei<\/strong> precisou de somente oito meses para se transformar de time rec\u00e9m-formado a <strong>campe\u00e3o da Superliga B<\/strong>. Confira a trajet\u00f3ria da equipe em uma reportagem especial produzida pelos alunos Vinicius T\u00f3ffoli, Luiza Helena da Rocha e Sandy Melissa Mahs, para a disciplina Telejornalismo III, ministrada pela professora Maiara Maduro.<\/p>\n\n\n\n<figure class=\"wp-block-embed is-type-video is-provider-youtube wp-block-embed-youtube wp-embed-aspect-16-9 wp-has-aspect-ratio\"><div class=\"wp-block-embed__wrapper\">\n<iframe loading=\"lazy\" title=\"De rec\u00e9m-formado a campe\u00e3o da Superliga B: conhe\u00e7a a trajet\u00f3ria do Joinville V\u00f4lei\" width=\"800\" height=\"450\" src=\"https:\/\/www.youtube.com\/embed\/tcDGACKu68A?feature=oembed\" frameborder=\"0\" allow=\"accelerometer; autoplay; clipboard-write; encrypted-media; gyroscope; picture-in-picture; web-share\" allowfullscreen><\/iframe>\n<\/div><\/figure>\n\n\n\n<p>As escolinhas de v\u00f4lei citadas na reportagem est\u00e3o com as inscri\u00e7\u00f5es abertas. O Centro de Treinamento de Voleibol Tainara da Silva recebe turmas femininas e masculinas, de 11 a 17 anos, no Complexo do Sindicato dos Mec\u00e2nicos, no bairro Costa e Silva, zona Norte de Joinville. <\/p>\n\n\n\n<p>D\u00favidas sobre inscri\u00e7\u00f5es podem ser conferidas no Instagram @ctv.joinville ou pelo telefone (47) 9 9227 1623.&nbsp;<\/p>\n","protected":false},"excerpt":{"rendered":"<p>Quanto tempo um novo projeto leva para ter sucesso? O Joinville V\u00f4lei precisou de somente oito meses para se transformar de time rec\u00e9m-formado a campe\u00e3o da Superliga B. Confira a trajet\u00f3ria da equipe em uma reportagem especial produzida pelos alunos Vinicius T\u00f3ffoli, Luiza Helena da Rocha e Sandy Melissa Mahs, para a disciplina Telejornalismo III, [&hellip;]<\/p>\n","protected":false},"author":1,"featured_media":14182,"comment_status":"open","ping_status":"open","sticky":false,"template":"","format":"standard","meta":{"footnotes":""},"categories":[97,46],"tags":[524,1005,48,1718,1542],"_links":{"self":[{"href":"https:\/\/revidigital.ielusc.br\/index.php\/wp-json\/wp\/v2\/posts\/14178"}],"collection":[{"href":"https:\/\/revidigital.ielusc.br\/index.php\/wp-json\/wp\/v2\/posts"}],"about":[{"href":"https:\/\/revidigital.ielusc.br\/index.php\/wp-json\/wp\/v2\/types\/post"}],"author":[{"embeddable":true,"href":"https:\/\/revidigital.ielusc.br\/index.php\/wp-json\/wp\/v2\/users\/1"}],"replies":[{"embeddable":true,"href":"https:\/\/revidigital.ielusc.br\/index.php\/wp-json\/wp\/v2\/comments?post=14178"}],"version-history":[{"count":2,"href":"https:\/\/revidigital.ielusc.br\/index.php\/wp-json\/wp\/v2\/posts\/14178\/revisions"}],"predecessor-version":[{"id":14181,"href":"https:\/\/revidigital.ielusc.br\/index.php\/wp-json\/wp\/v2\/posts\/14178\/revisions\/14181"}],"wp:featuredmedia":[{"embeddable":true,"href":"https:\/\/revidigital.ielusc.br\/index.php\/wp-json\/wp\/v2\/media\/14182"}],"wp:attachment":[{"href":"https:\/\/revidigital.ielusc.br\/index.php\/wp-json\/wp\/v2\/media?parent=14178"}],"wp:term":[{"taxonomy":"category","embeddable":true,"href":"https:\/\/revidigital.ielusc.br\/index.php\/wp-json\/wp\/v2\/categories?post=14178"},{"taxonomy":"post_tag","embeddable":true,"href":"https:\/\/revidigital.ielusc.br\/index.php\/wp-json\/wp\/v2\/tags?post=14178"}],"curies":[{"name":"wp","href":"https:\/\/api.w.org\/{rel}","templated":true}]}}