{"id":14188,"date":"2023-04-12T17:46:02","date_gmt":"2023-04-12T20:46:02","guid":{"rendered":"https:\/\/revidigital.ielusc.br\/?p=14188"},"modified":"2023-04-12T17:55:59","modified_gmt":"2023-04-12T20:55:59","slug":"feira-do-livro-divulga-a-programacao-da-sua-19a-edicao-em-evento-para-a-imprensa","status":"publish","type":"post","link":"https:\/\/revidigital.ielusc.br\/index.php\/2023\/04\/12\/feira-do-livro-divulga-a-programacao-da-sua-19a-edicao-em-evento-para-a-imprensa\/","title":{"rendered":"Feira do Livro divulga a programa\u00e7\u00e3o da sua 19\u00aa edi\u00e7\u00e3o em evento para a imprensa"},"content":{"rendered":"\n<p><strong><em>Por: Yasmin Pohlmann e Juliana Thomas Mendes<\/em><\/strong><\/p>\n\n\n\n<p>Na segunda-feira, 10 de abril, a Revi participou do \u201cCaf\u00e9 da Manh\u00e3 de apresenta\u00e7\u00e3o da 19\u00aa feira do Livro de Joinville\u201d. O evento promoveu o encontro de toda a imprensa joinvilense com a comiss\u00e3o organizadora da Feira do Livro. A apresenta\u00e7\u00e3o da programa\u00e7\u00e3o foi feita por Sueli Brand\u00e3o, uma das organizadoras do evento anual de Joinville, e pelo jornalista Rafael Cust\u00f3dio, que mostrou os convidados que estar\u00e3o presentes nesta edi\u00e7\u00e3o. A feira do livro acontece entre os dias 01 e 11 de junho de 2023 no ExpoCentro Edmundo Doubrawa.<\/p>\n\n\n\n<p>A <a href=\"https:\/\/feiradolivrojoinville.com.br\/2022\/\"> programa\u00e7\u00e3o conta com muitos nomes importantes<\/a>, um exemplo \u00e9 L\u00e1zaro Ramos, que vem pela terceira vez e estar\u00e1 presente na Feira do Livro por tr\u00eas dias &#8211; sexta, s\u00e1bado e domingo. O evento tamb\u00e9m contar\u00e1 com a vinda de uma autora internacional, a portuguesa Maria In\u00eas Almeida. Outro convidado \u00e9 o autor Itamar J\u00fanior, que teve sua presen\u00e7a confirmada no ano passado, mas, por diverg\u00eancia em sua agenda, n\u00e3o pode estar presente.<\/p>\n\n\n\n<p>Fernanda Brand\u00e3o, filha de Sueli e tamb\u00e9m organizadora do evento, conversou com a Revi sobre como surgiu a ideia de criar a <strong>Feira do Livro de Joinville<\/strong>, que atualmente \u00e9 o terceiro maior evento do Sul do Brasil.&nbsp;<\/p>\n\n\n\n<p>&nbsp;\u201cA Feira do Livro nasceu dentro do Congresso da Educa\u00e7\u00e3o. Antigamente, h\u00e1 mais de vinte anos, Joinville sediou o Congresso de Educa\u00e7\u00e3o. Dentro dele havia uma Feira Educacional e nisso come\u00e7ou o nosso desejo de fazer uma Feira de Livro, pensando no mesmo modelo da Feira do Livro de Porto Alegre. Eu e Sueli fomos em busca de inspira\u00e7\u00f5es de eventos nacionais para trazer para a cidade, pelo fato da cidade n\u00e3o conter muitas op\u00e7\u00f5es de livrarias. A Feira come\u00e7ou na rua, na pra\u00e7a Nereu Ramos, em pequenas tendas. Depois se mudou para o ExpoCentro Edmundo Doubrawa. Ela nasceu com o desejo de atrair a popula\u00e7\u00e3o para a leitura e incentivar as pessoas pelo gosto da leitura.\u201d contou Fernanda.<\/p>\n\n\n\n<figure class=\"wp-block-image size-full\"><img decoding=\"async\" loading=\"lazy\" width=\"1600\" height=\"1066\" src=\"https:\/\/revidigital.ielusc.br\/wp-content\/uploads\/2023\/04\/WhatsApp-Image-2023-04-12-at-17.40.50.jpeg\" alt=\"\" class=\"wp-image-14189\" srcset=\"https:\/\/revidigital.ielusc.br\/wp-content\/uploads\/2023\/04\/WhatsApp-Image-2023-04-12-at-17.40.50.jpeg 1600w, https:\/\/revidigital.ielusc.br\/wp-content\/uploads\/2023\/04\/WhatsApp-Image-2023-04-12-at-17.40.50-1536x1023.jpeg 1536w\" sizes=\"(max-width: 1600px) 100vw, 1600px\" \/><figcaption><em>Fernanda Brand\u00e3o em conversa com as rep\u00f3rteres da Revi, Yasmin Pohlmann e Juliana Thomas Mendes.<\/em> Cr\u00e9ditos: Feira de Livro de Joinville.<\/figcaption><\/figure>\n\n\n\n<p>&nbsp;Um projeto antigo da Feira do Livro \u00e9 o apadrinhamento de escolas, um projeto que se desenvolveu a partir da observa\u00e7\u00e3o de que mesmo as crian\u00e7as indo para a Feira do Livro junto com a escola, elas n\u00e3o tinham condi\u00e7\u00f5es de adquirir um livro. Diante dessa situa\u00e7\u00e3o, o projeto se desenvolveu da seguinte forma: o padrinho escolhe uma escola e um autor de livro, na sequ\u00eancia, ele adquire os livros com um desconto especial. Ao final, com a entrega oficial dos livros, acontece um encontro na escola, entre o autor e as crian\u00e7as.&nbsp;<\/p>\n\n\n\n<p>Al\u00e9m disso, uma novidade neste ano \u00e9 a exposi\u00e7\u00e3o e visibilidade de pequenos autores de livros da regi\u00e3o. Eles estar\u00e3o durante toda a feira em uma comitiva de aut\u00f3grafo de livros. A expectativa, diante da programa\u00e7\u00e3o apresentada e segundo a vis\u00e3o das organizadoras, \u00e9 que esta edi\u00e7\u00e3o se torne a maior edi\u00e7\u00e3o de todas.&nbsp;<\/p>\n","protected":false},"excerpt":{"rendered":"<p>Por: Yasmin Pohlmann e Juliana Thomas Mendes Na segunda-feira, 10 de abril, a Revi participou do \u201cCaf\u00e9 da Manh\u00e3 de apresenta\u00e7\u00e3o da 19\u00aa feira do Livro de Joinville\u201d. O evento promoveu o encontro de toda a imprensa joinvilense com a comiss\u00e3o organizadora da Feira do Livro. A apresenta\u00e7\u00e3o da programa\u00e7\u00e3o foi feita por Sueli Brand\u00e3o, [&hellip;]<\/p>\n","protected":false},"author":1,"featured_media":14190,"comment_status":"open","ping_status":"open","sticky":false,"template":"","format":"standard","meta":{"footnotes":""},"categories":[97,4],"tags":[1577,108,1724,48,908,642],"_links":{"self":[{"href":"https:\/\/revidigital.ielusc.br\/index.php\/wp-json\/wp\/v2\/posts\/14188"}],"collection":[{"href":"https:\/\/revidigital.ielusc.br\/index.php\/wp-json\/wp\/v2\/posts"}],"about":[{"href":"https:\/\/revidigital.ielusc.br\/index.php\/wp-json\/wp\/v2\/types\/post"}],"author":[{"embeddable":true,"href":"https:\/\/revidigital.ielusc.br\/index.php\/wp-json\/wp\/v2\/users\/1"}],"replies":[{"embeddable":true,"href":"https:\/\/revidigital.ielusc.br\/index.php\/wp-json\/wp\/v2\/comments?post=14188"}],"version-history":[{"count":4,"href":"https:\/\/revidigital.ielusc.br\/index.php\/wp-json\/wp\/v2\/posts\/14188\/revisions"}],"predecessor-version":[{"id":14198,"href":"https:\/\/revidigital.ielusc.br\/index.php\/wp-json\/wp\/v2\/posts\/14188\/revisions\/14198"}],"wp:featuredmedia":[{"embeddable":true,"href":"https:\/\/revidigital.ielusc.br\/index.php\/wp-json\/wp\/v2\/media\/14190"}],"wp:attachment":[{"href":"https:\/\/revidigital.ielusc.br\/index.php\/wp-json\/wp\/v2\/media?parent=14188"}],"wp:term":[{"taxonomy":"category","embeddable":true,"href":"https:\/\/revidigital.ielusc.br\/index.php\/wp-json\/wp\/v2\/categories?post=14188"},{"taxonomy":"post_tag","embeddable":true,"href":"https:\/\/revidigital.ielusc.br\/index.php\/wp-json\/wp\/v2\/tags?post=14188"}],"curies":[{"name":"wp","href":"https:\/\/api.w.org\/{rel}","templated":true}]}}