{"id":14199,"date":"2023-04-17T13:05:17","date_gmt":"2023-04-17T16:05:17","guid":{"rendered":"https:\/\/revidigital.ielusc.br\/?p=14199"},"modified":"2024-03-18T14:59:28","modified_gmt":"2024-03-18T17:59:28","slug":"melhores-momentos-do-5o-pianistico-joinville","status":"publish","type":"post","link":"https:\/\/revidigital.ielusc.br\/index.php\/2023\/04\/17\/melhores-momentos-do-5o-pianistico-joinville\/","title":{"rendered":"Melhores momentos do 5\u00ba Pian\u00edstico Joinville"},"content":{"rendered":"\n<p>A 5\u00aa edi\u00e7\u00e3o do Pian\u00edstico reuniu grandes nomes do piano do Brasil e do mundo em Joinville, no m\u00eas de mar\u00e7o. Os acad\u00eamicos Luis Felipe Marques, Niro Jos\u00e9 da Silva, Patryck Vinicius Cachoeira e Willian Campos de Souza, produziram uma reportagem especial sobre o evento para a disciplina de telejornalismo III, ministrada pela professora Maiara Maduro. O evento, que \u00e9 gratuito, ter\u00e1 ainda outra edi\u00e7\u00e3o confirmada no m\u00eas de setembro.<\/p>\n\n\n\n<figure class=\"wp-block-embed is-type-video is-provider-youtube wp-block-embed-youtube wp-embed-aspect-16-9 wp-has-aspect-ratio\"><div class=\"wp-block-embed__wrapper\">\n<iframe loading=\"lazy\" title=\"M\u00fasica: reportagem especial retrata os melhores momentos do 5\u00ba Pian\u00edstico Joinville\" width=\"800\" height=\"450\" src=\"https:\/\/www.youtube.com\/embed\/Cn7OJk_aCDQ?feature=oembed\" frameborder=\"0\" allow=\"accelerometer; autoplay; clipboard-write; encrypted-media; gyroscope; picture-in-picture; web-share\" allowfullscreen><\/iframe>\n<\/div><\/figure>\n","protected":false},"excerpt":{"rendered":"<p>A 5\u00aa edi\u00e7\u00e3o do Pian\u00edstico reuniu grandes nomes do piano do Brasil e do mundo em Joinville, no m\u00eas de mar\u00e7o. Os acad\u00eamicos Luis Felipe Marques, Niro Jos\u00e9 da Silva, Patryck Vinicius Cachoeira e Willian Campos de Souza, produziram uma reportagem especial sobre o evento para a disciplina de telejornalismo III, ministrada pela professora Maiara [&hellip;]<\/p>\n","protected":false},"author":1,"featured_media":0,"comment_status":"open","ping_status":"open","sticky":false,"template":"","format":"standard","meta":{"footnotes":""},"categories":[97,88],"tags":[1725,1577,90,48,143],"_links":{"self":[{"href":"https:\/\/revidigital.ielusc.br\/index.php\/wp-json\/wp\/v2\/posts\/14199"}],"collection":[{"href":"https:\/\/revidigital.ielusc.br\/index.php\/wp-json\/wp\/v2\/posts"}],"about":[{"href":"https:\/\/revidigital.ielusc.br\/index.php\/wp-json\/wp\/v2\/types\/post"}],"author":[{"embeddable":true,"href":"https:\/\/revidigital.ielusc.br\/index.php\/wp-json\/wp\/v2\/users\/1"}],"replies":[{"embeddable":true,"href":"https:\/\/revidigital.ielusc.br\/index.php\/wp-json\/wp\/v2\/comments?post=14199"}],"version-history":[{"count":1,"href":"https:\/\/revidigital.ielusc.br\/index.php\/wp-json\/wp\/v2\/posts\/14199\/revisions"}],"predecessor-version":[{"id":14201,"href":"https:\/\/revidigital.ielusc.br\/index.php\/wp-json\/wp\/v2\/posts\/14199\/revisions\/14201"}],"wp:attachment":[{"href":"https:\/\/revidigital.ielusc.br\/index.php\/wp-json\/wp\/v2\/media?parent=14199"}],"wp:term":[{"taxonomy":"category","embeddable":true,"href":"https:\/\/revidigital.ielusc.br\/index.php\/wp-json\/wp\/v2\/categories?post=14199"},{"taxonomy":"post_tag","embeddable":true,"href":"https:\/\/revidigital.ielusc.br\/index.php\/wp-json\/wp\/v2\/tags?post=14199"}],"curies":[{"name":"wp","href":"https:\/\/api.w.org\/{rel}","templated":true}]}}