{"id":14227,"date":"2023-04-20T18:45:09","date_gmt":"2023-04-20T21:45:09","guid":{"rendered":"https:\/\/revidigital.ielusc.br\/?p=14227"},"modified":"2023-04-20T18:47:05","modified_gmt":"2023-04-20T21:47:05","slug":"alternarock-um-festival-para-quem-curte-rock-em-joinville","status":"publish","type":"post","link":"https:\/\/revidigital.ielusc.br\/index.php\/2023\/04\/20\/alternarock-um-festival-para-quem-curte-rock-em-joinville\/","title":{"rendered":"Alternarock: um festival para quem curte rock em Joinville"},"content":{"rendered":"\n<p>Alternarock \u00e9 um festival de m\u00fasica que foi criado em 2022, por J\u00falia Ferreira de Melo, 25, formada em avia\u00e7\u00e3o civil. Sua inspira\u00e7\u00e3o para a cria\u00e7\u00e3o do festival veio da motiva\u00e7\u00e3o de fornecer um ambiente de melhor qualidade para as bandas de rock e tamb\u00e9m a presen\u00e7a do rock alternativo em Joinville. Portanto, um dos principais objetivos do festival busca trazer o rock e seus estilos para os jovens joinvilenses.&nbsp;<\/p>\n\n\n\n<p>O festival \u00e9 organizado em duas maneiras, uma delas s\u00e3o os pocket show que acontecem mensalmente em v\u00e1rias casas de show e com diferentes estilos de rock. J\u00e1 a outra maneira \u00e9 o Alternarock principal, que \u00e9 um evento de outono\/inverno. Neste evento, v\u00e1rias bandas se apresentaram, como, por exemplo, 4Fellas, Catnip, Scumbags, Mosaico Adulto, Morgana em L\u00e1grimas, Box 74 e muitos mais. Os artistas ac\u00fasticos como 2Fellas, Duo Gio e Dani, Autoset 89 e Juliana Michells.\u00a0<\/p>\n\n\n\n<p>Artistas visuais, como Pietro Oliveira e Amanda Doudt, tamb\u00e9m marcam presen\u00e7a. O pr\u00f3ximo Alternarock acontecer\u00e1 no dia 10 de junho, no Haensch Bar. Para saber mais sobre eventos, \u00e9 s\u00f3 ficar de olho na <a href=\"https:\/\/www.instagram.com\/alternarock.festival\/\">p\u00e1gina do Instagram do festival<\/a>.<\/p>\n","protected":false},"excerpt":{"rendered":"<p>Alternarock \u00e9 um festival de m\u00fasica que foi criado em 2022, por J\u00falia Ferreira de Melo, 25, formada em avia\u00e7\u00e3o civil. Sua inspira\u00e7\u00e3o para a cria\u00e7\u00e3o do festival veio da motiva\u00e7\u00e3o de fornecer um ambiente de melhor qualidade para as bandas de rock e tamb\u00e9m a presen\u00e7a do rock alternativo em Joinville. Portanto, um dos [&hellip;]<\/p>\n","protected":false},"author":29,"featured_media":14228,"comment_status":"open","ping_status":"open","sticky":false,"template":"","format":"standard","meta":{"footnotes":""},"categories":[97,88],"tags":[1727,1577,90,143],"_links":{"self":[{"href":"https:\/\/revidigital.ielusc.br\/index.php\/wp-json\/wp\/v2\/posts\/14227"}],"collection":[{"href":"https:\/\/revidigital.ielusc.br\/index.php\/wp-json\/wp\/v2\/posts"}],"about":[{"href":"https:\/\/revidigital.ielusc.br\/index.php\/wp-json\/wp\/v2\/types\/post"}],"author":[{"embeddable":true,"href":"https:\/\/revidigital.ielusc.br\/index.php\/wp-json\/wp\/v2\/users\/29"}],"replies":[{"embeddable":true,"href":"https:\/\/revidigital.ielusc.br\/index.php\/wp-json\/wp\/v2\/comments?post=14227"}],"version-history":[{"count":2,"href":"https:\/\/revidigital.ielusc.br\/index.php\/wp-json\/wp\/v2\/posts\/14227\/revisions"}],"predecessor-version":[{"id":14231,"href":"https:\/\/revidigital.ielusc.br\/index.php\/wp-json\/wp\/v2\/posts\/14227\/revisions\/14231"}],"wp:featuredmedia":[{"embeddable":true,"href":"https:\/\/revidigital.ielusc.br\/index.php\/wp-json\/wp\/v2\/media\/14228"}],"wp:attachment":[{"href":"https:\/\/revidigital.ielusc.br\/index.php\/wp-json\/wp\/v2\/media?parent=14227"}],"wp:term":[{"taxonomy":"category","embeddable":true,"href":"https:\/\/revidigital.ielusc.br\/index.php\/wp-json\/wp\/v2\/categories?post=14227"},{"taxonomy":"post_tag","embeddable":true,"href":"https:\/\/revidigital.ielusc.br\/index.php\/wp-json\/wp\/v2\/tags?post=14227"}],"curies":[{"name":"wp","href":"https:\/\/api.w.org\/{rel}","templated":true}]}}