{"id":14356,"date":"2023-06-13T16:10:32","date_gmt":"2023-06-13T19:10:32","guid":{"rendered":"https:\/\/revidigital.ielusc.br\/?p=14356"},"modified":"2023-06-13T16:10:34","modified_gmt":"2023-06-13T19:10:34","slug":"role-cultural-museu-de-arte-de-joinville","status":"publish","type":"post","link":"https:\/\/revidigital.ielusc.br\/index.php\/2023\/06\/13\/role-cultural-museu-de-arte-de-joinville\/","title":{"rendered":"Rol\u00ea cultural: Museu de Arte de Joinville"},"content":{"rendered":"\n<p>O MAJ (Museu de Arte de Joinville) foi criado legalmente atrav\u00e9s da Lei Municipal n\u00ba 1271, de 15 de maio de 1973 e foi inaugurado em 3 de Setembro de 1976, com o objetivo de documentar, estudar e conservar obras de arte, principalmente as produzidas por artistas catarinenses. No dia 15 de maio deste ano o MAJ completou 50 anos.<\/p>\n\n\n\n<p>O MAJ est\u00e1 localizado no casar\u00e3o do Sr. Ottokar Doerffel, que foi o terceiro prefeito da cidade de Joinville e fundador do primeiro jornal alem\u00e3o da regi\u00e3o sul do Brasil. O museu teve suas portas abertas para o p\u00fablico em 1976, tendo como principais artistas: Elking Erig e M\u00e1rio Avancini. Estes foram os primeiros artistas do circuito de artes de Santa Catarina.<\/p>\n\n\n\n<p>Atualmente, o museu conta com uma cole\u00e7\u00e3o de 1026 obras de arte, sendo uma grande produ\u00e7\u00e3o de obras desenvolvidas na d\u00e9cada de 70 e 80 por artistas da cidade de Joinville. Dentro destas obras, a casa conta com um acervo que retrata a d\u00e9cada de 70 em diante.&nbsp;<\/p>\n\n\n\n<p>O museu conta com obras de artistas importantes, como \u00e9 o caso da Lygia Clark, pintora e escultora brasileira contempor\u00e2nea que se auto intitulava &#8220;n\u00e3o artista&#8221;. A pintora dedicava-se \u00e0 pr\u00e1tica terap\u00eautica, portanto, ela integra o corpo e a arte de forma individual ou coletiva.&nbsp;<\/p>\n\n\n\n<p>Outro artista \u00e9 Carlos Vergara, pintor brasilleiro, fot\u00f3grafo e gravador. O pintor produz pinturas figurativas, que revelam afinidades com o expressionismo e a arte pop. Durante a d\u00e9cada de 1970, utilizava a fotografia e filmes Super-8 para estabelecer reflex\u00f5es sobre a realidade. Em 1980, produziu quadros abstratos geom\u00e9tricos, nos quais explorava, principalmente, tramas de losangos que determinam campos crom\u00e1ticos.<\/p>\n\n\n\n<p>Tarsila do Amaral, pintora, desenhista, escultora, ilustradora, cronista e tradutora brasileira tamb\u00e9m se faz presente. A pintora foi uma das artistas centrais da pintura brasileira e da primeira fase do movimento modernista brasileiro, ao lado de Anita Malfatti. As obras feitas por Tarsila do Amaral retratam paisagens rurais e urbanas brasileiras.<\/p>\n","protected":false},"excerpt":{"rendered":"<p>O MAJ (Museu de Arte de Joinville) foi criado legalmente atrav\u00e9s da Lei Municipal n\u00ba 1271, de 15 de maio de 1973 e foi inaugurado em 3 de Setembro de 1976, com o objetivo de documentar, estudar e conservar obras de arte, principalmente as produzidas por artistas catarinenses. No dia 15 de maio deste ano [&hellip;]<\/p>\n","protected":false},"author":30,"featured_media":14357,"comment_status":"open","ping_status":"open","sticky":false,"template":"","format":"standard","meta":{"footnotes":""},"categories":[97,88],"tags":[269,90,1469,284,770],"_links":{"self":[{"href":"https:\/\/revidigital.ielusc.br\/index.php\/wp-json\/wp\/v2\/posts\/14356"}],"collection":[{"href":"https:\/\/revidigital.ielusc.br\/index.php\/wp-json\/wp\/v2\/posts"}],"about":[{"href":"https:\/\/revidigital.ielusc.br\/index.php\/wp-json\/wp\/v2\/types\/post"}],"author":[{"embeddable":true,"href":"https:\/\/revidigital.ielusc.br\/index.php\/wp-json\/wp\/v2\/users\/30"}],"replies":[{"embeddable":true,"href":"https:\/\/revidigital.ielusc.br\/index.php\/wp-json\/wp\/v2\/comments?post=14356"}],"version-history":[{"count":1,"href":"https:\/\/revidigital.ielusc.br\/index.php\/wp-json\/wp\/v2\/posts\/14356\/revisions"}],"predecessor-version":[{"id":14358,"href":"https:\/\/revidigital.ielusc.br\/index.php\/wp-json\/wp\/v2\/posts\/14356\/revisions\/14358"}],"wp:featuredmedia":[{"embeddable":true,"href":"https:\/\/revidigital.ielusc.br\/index.php\/wp-json\/wp\/v2\/media\/14357"}],"wp:attachment":[{"href":"https:\/\/revidigital.ielusc.br\/index.php\/wp-json\/wp\/v2\/media?parent=14356"}],"wp:term":[{"taxonomy":"category","embeddable":true,"href":"https:\/\/revidigital.ielusc.br\/index.php\/wp-json\/wp\/v2\/categories?post=14356"},{"taxonomy":"post_tag","embeddable":true,"href":"https:\/\/revidigital.ielusc.br\/index.php\/wp-json\/wp\/v2\/tags?post=14356"}],"curies":[{"name":"wp","href":"https:\/\/api.w.org\/{rel}","templated":true}]}}