{"id":14389,"date":"2023-06-27T14:00:00","date_gmt":"2023-06-27T17:00:00","guid":{"rendered":"https:\/\/revidigital.ielusc.br\/?p=14389"},"modified":"2023-06-27T13:56:37","modified_gmt":"2023-06-27T16:56:37","slug":"o-eppa-chega-1o-de-julho-no-hotel-bourbon","status":"publish","type":"post","link":"https:\/\/revidigital.ielusc.br\/index.php\/2023\/06\/27\/o-eppa-chega-1o-de-julho-no-hotel-bourbon\/","title":{"rendered":"O Eppa chega 1\u00ba de julho, no Hotel Bourbon"},"content":{"rendered":"\n<p>O 18\u00aa Encontro de Publicidade e Propaganda Acad\u00eamico, o Eppa, acontecer\u00e1 dia 1\u00ba de julho, a partir das 8h no Hotel Bourbon. O maior evento de estudantes publicit\u00e1rios chega em poucos dias em Joinville. O tema da nova edi\u00e7\u00e3o \u00e9 a criatividade, abordando v\u00e1rios aspectos criativos dentro das \u00e1reas da comunica\u00e7\u00e3o.<\/p>\n\n\n\n<p>O Eppa surgiu h\u00e1 17 anos, em 2006, com intuito de fazer com que os estudantes do \u00faltimo ano do curso de Publicidade e Propaganda da faculdade Ielusc tivessem um contato mais forte com o mercado de trabalho. Todos os anos o Eppa \u00e9 preparado pelos alunos, esse processo tamb\u00e9m envolve a escolha do tema principal a ser retratado no evento.<\/p>\n\n\n\n<p>\u201cEste ano escolhemos o tema \u2018O Coelho, a Porta e a Criatividade &#8211; Qual chave destrava a sua jornada?\u2019. O evento ter\u00e1 uma pegada um pouco de Alice no Pa\u00eds das Maravilhas, envolvendo um pouco de m\u00edstica e criatividade.\u201d revelou Vitor Gabriel Andreote, 21, estudante da \u00faltima fase do curso e membro das equipes de experi\u00eancia e opera\u00e7\u00e3o. \u201cAl\u00e9m de voc\u00ea mergulhar em uma porta que te leva para um lugar extraordin\u00e1rio, um novo universo.\u201d completou Vitor.&nbsp;<\/p>\n\n\n\n<p>O Eppa se divide em dois eventos, o primeiro \u00e9 o pr\u00e9-evento, o Eppocket, onde \u00e9 feito o an\u00fancio do evento e apresentado o tema central do Eppa. J\u00e1 o evento principal \u00e9 o Eppa, onde acontecem v\u00e1rias palestras, workshops, e novas experi\u00eancias dentro do meio publicit\u00e1rio. O evento principal acontecer\u00e1 dia 1\u00ba de julho, \u00e0s 8h.<\/p>\n\n\n\n<p>S\u00e3o aguardados grandes convidados para o evento, como Vinicius Gambeta,dono da ag\u00eancia Bolsos, Itamara Ferreira, Designer Gr\u00e1fica e Criadora Leiautor, Priscilla Senhor\u00e3es, jornalista esportiva da TNT Sport, e entre outros nomes envolvidos com a Globo, SBT, Disney, etc. A programa\u00e7\u00e3o completa est\u00e1 dispon\u00edvel no <a href=\"http:\/\/eppa.ppg.br\/Eppa\/index.html\">site do evento<\/a><\/p>\n\n\n\n<p>O p\u00fablico que sempre marca presen\u00e7a s\u00e3o as ag\u00eancias de publicidade, ve\u00edculos de imprensa e profissionais da comunica\u00e7\u00e3o. A expectativa para o evento deste ano \u00e9 grande, em torno de 250 pessoas. Adquira seu ingresso na <a href=\"https:\/\/www.sympla.com.br\/evento\/eppa-2023-o-coelho-a-porta-e-a-criatividade-qual-chave-destrava-a-sua-jornada\/2020558\">plataforma Sympla<\/a>.&nbsp;<\/p>\n","protected":false},"excerpt":{"rendered":"<p>O 18\u00aa Encontro de Publicidade e Propaganda Acad\u00eamico, o Eppa, acontecer\u00e1 dia 1\u00ba de julho, a partir das 8h no Hotel Bourbon. O maior evento de estudantes publicit\u00e1rios chega em poucos dias em Joinville. O tema da nova edi\u00e7\u00e3o \u00e9 a criatividade, abordando v\u00e1rios aspectos criativos dentro das \u00e1reas da comunica\u00e7\u00e3o. O Eppa surgiu h\u00e1 [&hellip;]<\/p>\n","protected":false},"author":29,"featured_media":14390,"comment_status":"open","ping_status":"open","sticky":false,"template":"","format":"standard","meta":{"footnotes":""},"categories":[78,24],"tags":[550,91,1576,103],"_links":{"self":[{"href":"https:\/\/revidigital.ielusc.br\/index.php\/wp-json\/wp\/v2\/posts\/14389"}],"collection":[{"href":"https:\/\/revidigital.ielusc.br\/index.php\/wp-json\/wp\/v2\/posts"}],"about":[{"href":"https:\/\/revidigital.ielusc.br\/index.php\/wp-json\/wp\/v2\/types\/post"}],"author":[{"embeddable":true,"href":"https:\/\/revidigital.ielusc.br\/index.php\/wp-json\/wp\/v2\/users\/29"}],"replies":[{"embeddable":true,"href":"https:\/\/revidigital.ielusc.br\/index.php\/wp-json\/wp\/v2\/comments?post=14389"}],"version-history":[{"count":3,"href":"https:\/\/revidigital.ielusc.br\/index.php\/wp-json\/wp\/v2\/posts\/14389\/revisions"}],"predecessor-version":[{"id":14393,"href":"https:\/\/revidigital.ielusc.br\/index.php\/wp-json\/wp\/v2\/posts\/14389\/revisions\/14393"}],"wp:featuredmedia":[{"embeddable":true,"href":"https:\/\/revidigital.ielusc.br\/index.php\/wp-json\/wp\/v2\/media\/14390"}],"wp:attachment":[{"href":"https:\/\/revidigital.ielusc.br\/index.php\/wp-json\/wp\/v2\/media?parent=14389"}],"wp:term":[{"taxonomy":"category","embeddable":true,"href":"https:\/\/revidigital.ielusc.br\/index.php\/wp-json\/wp\/v2\/categories?post=14389"},{"taxonomy":"post_tag","embeddable":true,"href":"https:\/\/revidigital.ielusc.br\/index.php\/wp-json\/wp\/v2\/tags?post=14389"}],"curies":[{"name":"wp","href":"https:\/\/api.w.org\/{rel}","templated":true}]}}