{"id":14510,"date":"2023-08-11T14:34:32","date_gmt":"2023-08-11T17:34:32","guid":{"rendered":"https:\/\/revidigital.ielusc.br\/?p=14510"},"modified":"2024-03-20T17:25:24","modified_gmt":"2024-03-20T20:25:24","slug":"bancas-de-projetos-e-monografias-de-jornalismo-e-pp-marcam-inicio-do-semestre","status":"publish","type":"post","link":"https:\/\/revidigital.ielusc.br\/index.php\/2023\/08\/11\/bancas-de-projetos-e-monografias-de-jornalismo-e-pp-marcam-inicio-do-semestre\/","title":{"rendered":"Bancas de projetos e monografias de Jornalismo e PP marcam in\u00edcio do semestre"},"content":{"rendered":"\n<p>A terceira semana de aula deste segundo semestre marcou o fim do ciclo da gradua\u00e7\u00e3o para tr\u00eas acad\u00eamicas de Jornalismo e uma de Publicidade e Propaganda. As alunas Emilly Julian Huida, Isabel Berns Lima, Mar\u00edlia Miranda e Bianca Elisa Machado Berretta apresentaram os TCCs em momentos marcados por elogios e contribui\u00e7\u00f5es das bancas avaliadoras. Outros dois Projetos Experimentais tamb\u00e9m foram apresentados: uma reportagem multim\u00eddia e um document\u00e1rio audiovisual.<\/p>\n\n\n\n<p>Tr\u00eas bancas aconteceram na ter\u00e7a-feira, dia 8. A primeira foi a apresenta\u00e7\u00e3o do projeto \u201cPoetry Slam: uma viagem imersiva ao mundo da poesia\u201d, que trata-se de uma performance audiovisual com o intuito de levar o visitante a refletir sobre a cidade de Joinville. O trabalho produzido pela acad\u00eamica de Publicidade e Propaganda Bianca Elisa Machado Beretta foi orientado pelo professor Jonas Porto e avaliado pelos professores Mar\u00edlia Moraes e Ricardo Steiner.&nbsp;<\/p>\n\n\n\n<figure class=\"wp-block-image size-full\"><img decoding=\"async\" loading=\"lazy\" width=\"1200\" height=\"1600\" src=\"https:\/\/revidigital.ielusc.br\/wp-content\/uploads\/2023\/08\/fbe457ed-1d12-4cc1-80d6-892fb89a5f73.jpg\" alt=\"\" class=\"wp-image-14511\" srcset=\"https:\/\/revidigital.ielusc.br\/wp-content\/uploads\/2023\/08\/fbe457ed-1d12-4cc1-80d6-892fb89a5f73.jpg 1200w, https:\/\/revidigital.ielusc.br\/wp-content\/uploads\/2023\/08\/fbe457ed-1d12-4cc1-80d6-892fb89a5f73-1152x1536.jpg 1152w\" sizes=\"(max-width: 1200px) 100vw, 1200px\" \/><figcaption class=\"wp-element-caption\">Cr\u00e9ditos: Arquivo pessoal.<\/figcaption><\/figure>\n\n\n\n<p>A aluna Mar\u00edlia Miranda concluiu a gradua\u00e7\u00e3o em jornalismo com a apresenta\u00e7\u00e3o do Projeto Experimental e da monografia. O primeiro trata-se de uma reportagem multim\u00eddia sobre a constru\u00e7\u00e3o da ponte de Guaratuba, no litoral do Paran\u00e1. J\u00e1 a pesquisa de monografia abordou a forma de produ\u00e7\u00e3o do talk-show The Noite. Os trabalhos foram orientados pela professora Marilia Moraes e avaliados pelas professoras Maiara Maduro e Marina Andrade.&nbsp;<\/p>\n\n\n\n<figure class=\"wp-block-image size-full\"><img decoding=\"async\" loading=\"lazy\" width=\"1600\" height=\"1200\" src=\"https:\/\/revidigital.ielusc.br\/wp-content\/uploads\/2023\/08\/e3a756b8-c870-486f-80c2-a46c162f3db6.jpg\" alt=\"\" class=\"wp-image-14512\" srcset=\"https:\/\/revidigital.ielusc.br\/wp-content\/uploads\/2023\/08\/e3a756b8-c870-486f-80c2-a46c162f3db6.jpg 1600w, https:\/\/revidigital.ielusc.br\/wp-content\/uploads\/2023\/08\/e3a756b8-c870-486f-80c2-a46c162f3db6-1536x1152.jpg 1536w\" sizes=\"(max-width: 1600px) 100vw, 1600px\" \/><figcaption class=\"wp-element-caption\">Cr\u00e9ditos: Arquivo pessoal.<\/figcaption><\/figure>\n\n\n\n<p>Os alunos Pedro Simm e Isabela Peixer apresentaram na quarta-feira, 9, o Projeto Experimental \u201cArte no mute\u201d. O document\u00e1rio audiovisual, dividido em quatro epis\u00f3dios, retrata como o movimento do Hip-Hop \u00e9 inserido em Joinville. O trabalho foi orientado pela professora Barbara de Jesus. Na banca avaliadora estavam o professor Sandro Galar\u00e7a e o MC joinvilense e pedagogo Jos\u00e9 da Concei\u00e7\u00e3o J\u00fanior, conhecido como Malcolm.&nbsp;<\/p>\n\n\n\n<figure class=\"wp-block-image size-full\"><img decoding=\"async\" loading=\"lazy\" width=\"1600\" height=\"900\" src=\"https:\/\/revidigital.ielusc.br\/wp-content\/uploads\/2023\/08\/9b02af3a-eebc-404a-846d-f8b204a05da8.jpg\" alt=\"\" class=\"wp-image-14513\" srcset=\"https:\/\/revidigital.ielusc.br\/wp-content\/uploads\/2023\/08\/9b02af3a-eebc-404a-846d-f8b204a05da8.jpg 1600w, https:\/\/revidigital.ielusc.br\/wp-content\/uploads\/2023\/08\/9b02af3a-eebc-404a-846d-f8b204a05da8-1536x864.jpg 1536w\" sizes=\"(max-width: 1600px) 100vw, 1600px\" \/><figcaption class=\"wp-element-caption\">Cr\u00e9ditos: Arquivo pessoal.<\/figcaption><\/figure>\n\n\n\n<p>A acad\u00eamica Isabel Berns Lima tamb\u00e9m finalizou a gradua\u00e7\u00e3o com a apresenta\u00e7\u00e3o da pesquisa \u201cNem t\u00e3o pop assim &#8211; an\u00e1lise de conte\u00fado de reportagens investigativas sobre o agroneg\u00f3cio\u201d. A monografia, que fez uma ampla an\u00e1lise de conte\u00fado sobre quatro reportagens investigativas relacionadas ao agroneg\u00f3cio brasileiro, foi orientada pelo professor&nbsp; Sandro Galar\u00e7a. Na banca estavam as professoras Mar\u00edlia Moraes e Maiara Maduro.<\/p>\n\n\n\n<figure class=\"wp-block-image size-full\"><img decoding=\"async\" loading=\"lazy\" width=\"1600\" height=\"1200\" src=\"https:\/\/revidigital.ielusc.br\/wp-content\/uploads\/2023\/08\/58aac6cd-11ea-44a0-99e4-87123b58a072.jpg\" alt=\"\" class=\"wp-image-14514\" srcset=\"https:\/\/revidigital.ielusc.br\/wp-content\/uploads\/2023\/08\/58aac6cd-11ea-44a0-99e4-87123b58a072.jpg 1600w, https:\/\/revidigital.ielusc.br\/wp-content\/uploads\/2023\/08\/58aac6cd-11ea-44a0-99e4-87123b58a072-1536x1152.jpg 1536w\" sizes=\"(max-width: 1600px) 100vw, 1600px\" \/><figcaption class=\"wp-element-caption\">Cr\u00e9ditos: Arquivo pessoal.<\/figcaption><\/figure>\n\n\n\n<p>A maratona de bancas encerrou com a apresenta\u00e7\u00e3o da monografia \u201cH\u00e1 jornalismo no TikTok?: uma an\u00e1lise sobre o modo de produ\u00e7\u00e3o de conte\u00fados de nicho\u201d produzida pela acad\u00eamica Emilly Julian Huida. O TCC, que aborda a aplica\u00e7\u00e3o de t\u00e9cnicas do jornalismo no cen\u00e1rio digital, foi orientado pela professora Maiara Maduro e avaliado pelos professores Mar\u00edlia Moraes e Sandro Galar\u00e7a.&nbsp;<\/p>\n\n\n\n<figure class=\"wp-block-image size-full\"><img decoding=\"async\" loading=\"lazy\" width=\"1280\" height=\"1054\" src=\"https:\/\/revidigital.ielusc.br\/wp-content\/uploads\/2023\/08\/71471fc4-01e8-4464-bfce-a3a13b9f2362.jpg\" alt=\"\" class=\"wp-image-14515\"\/><figcaption class=\"wp-element-caption\">Cr\u00e9ditos: Arquivo pessoal.<\/figcaption><\/figure>\n","protected":false},"excerpt":{"rendered":"<p>A terceira semana de aula deste segundo semestre marcou o fim do ciclo da gradua\u00e7\u00e3o para tr\u00eas acad\u00eamicas de Jornalismo e uma de Publicidade e Propaganda. As alunas Emilly Julian Huida, Isabel Berns Lima, Mar\u00edlia Miranda e Bianca Elisa Machado Berretta apresentaram os TCCs em momentos marcados por elogios e contribui\u00e7\u00f5es das bancas avaliadoras. Outros [&hellip;]<\/p>\n","protected":false},"author":1,"featured_media":14514,"comment_status":"open","ping_status":"open","sticky":false,"template":"","format":"standard","meta":{"footnotes":""},"categories":[24,26],"tags":[315,34,1576,39,103,130],"_links":{"self":[{"href":"https:\/\/revidigital.ielusc.br\/index.php\/wp-json\/wp\/v2\/posts\/14510"}],"collection":[{"href":"https:\/\/revidigital.ielusc.br\/index.php\/wp-json\/wp\/v2\/posts"}],"about":[{"href":"https:\/\/revidigital.ielusc.br\/index.php\/wp-json\/wp\/v2\/types\/post"}],"author":[{"embeddable":true,"href":"https:\/\/revidigital.ielusc.br\/index.php\/wp-json\/wp\/v2\/users\/1"}],"replies":[{"embeddable":true,"href":"https:\/\/revidigital.ielusc.br\/index.php\/wp-json\/wp\/v2\/comments?post=14510"}],"version-history":[{"count":4,"href":"https:\/\/revidigital.ielusc.br\/index.php\/wp-json\/wp\/v2\/posts\/14510\/revisions"}],"predecessor-version":[{"id":15160,"href":"https:\/\/revidigital.ielusc.br\/index.php\/wp-json\/wp\/v2\/posts\/14510\/revisions\/15160"}],"wp:featuredmedia":[{"embeddable":true,"href":"https:\/\/revidigital.ielusc.br\/index.php\/wp-json\/wp\/v2\/media\/14514"}],"wp:attachment":[{"href":"https:\/\/revidigital.ielusc.br\/index.php\/wp-json\/wp\/v2\/media?parent=14510"}],"wp:term":[{"taxonomy":"category","embeddable":true,"href":"https:\/\/revidigital.ielusc.br\/index.php\/wp-json\/wp\/v2\/categories?post=14510"},{"taxonomy":"post_tag","embeddable":true,"href":"https:\/\/revidigital.ielusc.br\/index.php\/wp-json\/wp\/v2\/tags?post=14510"}],"curies":[{"name":"wp","href":"https:\/\/api.w.org\/{rel}","templated":true}]}}