{"id":14613,"date":"2023-09-20T10:31:56","date_gmt":"2023-09-20T13:31:56","guid":{"rendered":"https:\/\/revidigital.ielusc.br\/?p=14613"},"modified":"2024-03-20T17:32:58","modified_gmt":"2024-03-20T20:32:58","slug":"acessos-da-comunicacao-egressos-do-ielusc-destacam-trajetorias-de-sucesso-e-desafios-superados-na-primeira-noite-de-sic","status":"publish","type":"post","link":"https:\/\/revidigital.ielusc.br\/index.php\/2023\/09\/20\/acessos-da-comunicacao-egressos-do-ielusc-destacam-trajetorias-de-sucesso-e-desafios-superados-na-primeira-noite-de-sic\/","title":{"rendered":"Acessos da comunica\u00e7\u00e3o: egressos do IELUSC destacam trajet\u00f3rias de sucesso e desafios superados na primeira noite de SIC\u00a0"},"content":{"rendered":"\n<p><em>Por: Camila Vieira e Milena Natali<\/em><\/p>\n\n\n\n<p>Uma&nbsp;reuni\u00e3o repleta de conhecimentos e lembran\u00e7as marcou a noite desta ter\u00e7a-feira, 19, na Faculdade Ielusc. A primeira noite da Semana Integrada de Comunica\u00e7\u00e3o (SIC) contou com palestras focadas nos <em>acessos<\/em> proporcionados pelos cursos de comunica\u00e7\u00e3o da institui\u00e7\u00e3o, quando os egressos de diversas gera\u00e7\u00f5es se reuniram para compartilhar suas hist\u00f3rias de sucesso, desafios superados e li\u00e7\u00f5es aprendidas durante sua forma\u00e7\u00e3o e vida profissional.<\/p>\n\n\n\n<p>O encontro, que aconteceu no audit\u00f3rio principal da unidade Centro da institui\u00e7\u00e3o, e foi apresentado com muito vigor e maestria pela caloura do curso de Jornalismo Anna Cristina Senem Bibow, teve forte presen\u00e7a feminina e reuniu ex-estudantes dos cursos de Jornalismo e Publicidade e Propaganda, proporcionando uma vis\u00e3o abrangente das realiza\u00e7\u00f5es e experi\u00eancias ap\u00f3s a conclus\u00e3o da faculdade. Foi uma oportunidade \u00fanica para atuais estudantes e membros do corpo docente se inspirarem com os testemunhos de quem j\u00e1 trilhou o caminho acad\u00eamico e agora se destaca em suas respectivas \u00e1reas de atua\u00e7\u00e3o.&nbsp;<\/p>\n\n\n\n<p>O evento come\u00e7ou com o depoimento de Josane Muriel da turma de 2003 de Publicidade e Propaganda. Ela contou como a comunica\u00e7\u00e3o abriu diversos caminhos para que ela encontrasse sua paix\u00e3o pela moda at\u00e9 se tornar atual gerente de Conte\u00fado na WMcCann. Josane tamb\u00e9m comenta a import\u00e2ncia de olhar para dentro e seus pr\u00f3prios desejos durante o caminho da sua carreira. Beto Lima&nbsp; rep\u00f3rter da r\u00e1dio CBN, Daniel Weterman, do Estad\u00e3o Bras\u00edlia e Felipe Venturi da NSC Joinville, deram continuidade a noite de conversas com apresenta\u00e7\u00f5es descontra\u00eddas, sobre como estar abertos a novas oportunidades e se manter curioso e em movimento, pode levar sua carreira a n\u00edveis inimagin\u00e1veis.<\/p>\n\n\n\n<figure class=\"wp-block-image size-full\"><img decoding=\"async\" loading=\"lazy\" width=\"1488\" height=\"992\" src=\"https:\/\/revidigital.ielusc.br\/wp-content\/uploads\/2023\/09\/WhatsApp-Image-2023-09-20-at-10.21.23.jpeg\" alt=\"\" class=\"wp-image-14615\"\/><figcaption class=\"wp-element-caption\">Cr\u00e9ditos: Arquivo pessoal.<\/figcaption><\/figure>\n\n\n\n<p>A presen\u00e7a feminina na primeira noite da SIC foi memor\u00e1vel, com Drika Evarini, rep\u00f3rter da NDTV Joinville compartilhando como \u00e9 ser uma jornalista apaixonada por esporte no cen\u00e1rio de Joinville, um espa\u00e7o majoritariamente masculino. Assim como Luciana Nunes, diretora comercial e de marketing da V\u00edqua, empresa da \u00e1rea de materiais de constru\u00e7\u00e3o que ressaltou a import\u00e2ncia de confiar no seu trabalho como mulher e profissional, e construir uma carreira.&nbsp;<\/p>\n\n\n\n<figure class=\"wp-block-image size-full\"><img decoding=\"async\" loading=\"lazy\" width=\"1280\" height=\"853\" src=\"https:\/\/revidigital.ielusc.br\/wp-content\/uploads\/2023\/09\/WhatsApp-Image-2023-09-20-at-10.21.22.jpeg\" alt=\"\" class=\"wp-image-14616\"\/><figcaption class=\"wp-element-caption\">Cr\u00e9ditos: Arquivo pessoal.<\/figcaption><\/figure>\n\n\n\n<p>A noite tamb\u00e9m teve participantes que est\u00e3o morando e trabalhando no exterior. Eliza Hostin-Silva, falou de Bristol na Inglaterra onde atualmente atua como professora na faculdade de Princeton. Ariane Pereira, atualmente morando em Detroit, compartilhou sua experi\u00eancia na \u00e1rea de comunica\u00e7\u00e3o interna em empresas multinacionais. Juliana Priester, que atua como Marketing Manager em Vancouver, no Canad\u00e1, tamb\u00e9m comentou que \u201co diploma \u00e9 nosso passaporte\u201d, mostrando como a forma\u00e7\u00e3o desbloqueou diversos destinos para a sua carreira.<\/p>\n\n\n\n<p>A primeira noite da SIC terminou com Tatiane Sabatke, gerente de Comunica\u00e7\u00e3o da Prefeitura de Joinville, falando sobre suas experi\u00eancias no telejornalismo local e como sua forma\u00e7\u00e3o no IELUSC a ajudou a adquirir experi\u00eancia para sua vida profissional, Tatiane encerrou sua apresenta\u00e7\u00e3o citando a c\u00e9lebre frase de Gabriel Garci:&nbsp;<\/p>\n\n\n\n<p><em>\u201cPorque o jornalismo \u00e9 uma paix\u00e3o insaci\u00e1vel que s\u00f3 se pode digerir e humanizar mediante a confronta\u00e7\u00e3o descarnada com a realidade. Quem n\u00e3o sofreu essa servid\u00e3o que se alimenta dos imprevistos da vida, n\u00e3o pode imagin\u00e1-la. Quem n\u00e3o viveu a palpita\u00e7\u00e3o sobrenatural da not\u00edcia, o orgasmo do furo, a demoli\u00e7\u00e3o moral do fracasso, n\u00e3o pode sequer conceber o que s\u00e3o. Ningu\u00e9m que n\u00e3o tenha nascido para isso e esteja disposto a viver s\u00f3 para isso poderia persistir numa profiss\u00e3o t\u00e3o incompreens\u00edvel e voraz, cuja obra termina depois de cada not\u00edcia, como se fora para sempre, mas que n\u00e3o concede um instante de paz enquanto n\u00e3o torna a come\u00e7ar com mais ardor do que nunca no minuto seguinte\u201d.&nbsp;<\/em><\/p>\n\n\n\n<p>O evento foi marcado ainda por muita risada com a batalha de rimas que lembrou a poss\u00edvel disputa entre os cursos de jornalismo e publicidade e propaganda com Isabela Peixer e Kv. Ao final, ap\u00f3s o momento reservado para perguntas da plateia, a coordenadora do curso de Jornalismo, Mar\u00edlia Crispi, finalizou a noite com agradecimentos e apresentando a nova marca dos cursos de comunica\u00e7\u00e3o que comemora 25 anos de funda\u00e7\u00e3o.&nbsp;<\/p>\n\n\n\n<figure class=\"wp-block-image size-full\"><img decoding=\"async\" loading=\"lazy\" width=\"1280\" height=\"853\" src=\"https:\/\/revidigital.ielusc.br\/wp-content\/uploads\/2023\/09\/WhatsApp-Image-2023-09-19-at-20.03.07-1.jpeg\" alt=\"\" class=\"wp-image-14618\"\/><figcaption class=\"wp-element-caption\">Cr\u00e9ditos: Arquivo pessoal.<\/figcaption><\/figure>\n\n\n\n<p><\/p>\n\n\n\n<p><strong>Programa\u00e7\u00e3o da SIC 2023<\/strong><\/p>\n\n\n\n<p><strong>Quarta-feira, 20, 19h |<\/strong> Palestra \u201cProjetos culturais em comunica\u00e7\u00e3o: d\u00ea vida \u00e0s suas ideias\u201d com a jornalista e produtora cultural focada no financiamento de projetos criativos, Vanessa Bencz<\/p>\n\n\n\n<p><strong>Quinta-feira, 21, 19h | <\/strong>\u201cConex\u00e3o Soma\u201d, uma noite para possibilitar novas intera\u00e7\u00f5es e relacionamentos.<\/p>\n","protected":false},"excerpt":{"rendered":"<p>Por: Camila Vieira e Milena Natali Uma&nbsp;reuni\u00e3o repleta de conhecimentos e lembran\u00e7as marcou a noite desta ter\u00e7a-feira, 19, na Faculdade Ielusc. A primeira noite da Semana Integrada de Comunica\u00e7\u00e3o (SIC) contou com palestras focadas nos acessos proporcionados pelos cursos de comunica\u00e7\u00e3o da institui\u00e7\u00e3o, quando os egressos de diversas gera\u00e7\u00f5es se reuniram para compartilhar suas hist\u00f3rias [&hellip;]<\/p>\n","protected":false},"author":1,"featured_media":14614,"comment_status":"open","ping_status":"open","sticky":false,"template":"","format":"standard","meta":{"footnotes":""},"categories":[78,24],"tags":[1782,91,1576,104],"_links":{"self":[{"href":"https:\/\/revidigital.ielusc.br\/index.php\/wp-json\/wp\/v2\/posts\/14613"}],"collection":[{"href":"https:\/\/revidigital.ielusc.br\/index.php\/wp-json\/wp\/v2\/posts"}],"about":[{"href":"https:\/\/revidigital.ielusc.br\/index.php\/wp-json\/wp\/v2\/types\/post"}],"author":[{"embeddable":true,"href":"https:\/\/revidigital.ielusc.br\/index.php\/wp-json\/wp\/v2\/users\/1"}],"replies":[{"embeddable":true,"href":"https:\/\/revidigital.ielusc.br\/index.php\/wp-json\/wp\/v2\/comments?post=14613"}],"version-history":[{"count":3,"href":"https:\/\/revidigital.ielusc.br\/index.php\/wp-json\/wp\/v2\/posts\/14613\/revisions"}],"predecessor-version":[{"id":15164,"href":"https:\/\/revidigital.ielusc.br\/index.php\/wp-json\/wp\/v2\/posts\/14613\/revisions\/15164"}],"wp:featuredmedia":[{"embeddable":true,"href":"https:\/\/revidigital.ielusc.br\/index.php\/wp-json\/wp\/v2\/media\/14614"}],"wp:attachment":[{"href":"https:\/\/revidigital.ielusc.br\/index.php\/wp-json\/wp\/v2\/media?parent=14613"}],"wp:term":[{"taxonomy":"category","embeddable":true,"href":"https:\/\/revidigital.ielusc.br\/index.php\/wp-json\/wp\/v2\/categories?post=14613"},{"taxonomy":"post_tag","embeddable":true,"href":"https:\/\/revidigital.ielusc.br\/index.php\/wp-json\/wp\/v2\/tags?post=14613"}],"curies":[{"name":"wp","href":"https:\/\/api.w.org\/{rel}","templated":true}]}}