{"id":14763,"date":"2023-10-18T07:59:27","date_gmt":"2023-10-18T10:59:27","guid":{"rendered":"https:\/\/revidigital.ielusc.br\/?p=14763"},"modified":"2024-03-20T17:46:02","modified_gmt":"2024-03-20T20:46:02","slug":"jornalismo-ambiental-e-tema-da-noite-de-abertura-da-4a-edicao-do-conipe","status":"publish","type":"post","link":"https:\/\/revidigital.ielusc.br\/index.php\/2023\/10\/18\/jornalismo-ambiental-e-tema-da-noite-de-abertura-da-4a-edicao-do-conipe\/","title":{"rendered":"Jornalismo ambiental \u00e9 tema da noite de abertura da 4\u00aa edi\u00e7\u00e3o do Conipe"},"content":{"rendered":"\n<p><em>Jornalista especializada em temas socioambientais divulga guia para comunicadores sobre biodiversidade<\/em><\/p>\n\n\n\n<p><em>Por Dyeimine Senn Schlindwein<\/em><\/p>\n\n\n\n<p>A jornalista e pesquisadora, Elizabeth Oliveira, deu uma aula de jornalismo ambiental nesta segunda-feira (16), noite de abertura da 4\u00aa edi\u00e7\u00e3o do Congresso Integrado de Pesquisa e Extens\u00e3o (Conipe) da Faculdade Ielusc. Com o tema \u201cComo reinventar o mundo tendo a natureza como modelo\u201d, ela apresentou um <a href=\"https:\/\/oeco.org.br\/biblioteca\/biodiversidade-em-pauta-um-guia-para-comunicadores-2\/\">guia que ensina, de forma did\u00e1tica, como abordar temas voltados a quest\u00f5es ambientais.&nbsp;<\/a><\/p>\n\n\n\n<p>O e-book foi publicado no site Eco e tamb\u00e9m contou com o apoio do Instituto Serrapilheira. No material h\u00e1 mat\u00e9rias, reportagens, produ\u00e7\u00f5es acad\u00eamicas e dicas para comunicadores com v\u00e1rios assuntos que abordam a biodiversidade e os problemas que afetam a sa\u00fade dos nossos biomas, tais como: Amaz\u00f4nia, Caatinga, Cerrado, Mata Atl\u00e2ntica, Pampa, Pantanal e o sistema Costeiro-Marinho.<\/p>\n\n\n\n<p>Segundo Elizabeth, o material foi desenvolvido a partir de relatos de pesquisadores e jornalistas, que disseram sentir falta de capacita\u00e7\u00e3o t\u00e9cnica. \u201cOs jornalistas s\u00e3o muito generalistas porque t\u00eam uma grande quantidade de trabalho di\u00e1rio para dar conta, por isso n\u00e3o conseguem se aprofundar, principalmente, em pautas complexas que envolvem a Agenda Ambiental.\u201d<\/p>\n\n\n\n<p>Oliveira que \u00e9 doutora em Pol\u00edticas P\u00fablicas, Estrat\u00e9gias e Desenvolvimento (PPED) e integrante do Grupo de Pesquisa Governan\u00e7a, Biodiversidade, \u00c1reas Protegidas e Inclus\u00e3o Social (GAPIS), da Universidade Federal do Rio de Janeiro (UFRJ), tamb\u00e9m levantou questionamentos, cr\u00edticas, reflex\u00f5es e poss\u00edveis solu\u00e7\u00f5es baseadas em estudos cient\u00edficos.<\/p>\n\n\n\n<p>\u201cPara comunicar melhor os temas ambientais, precisamos ter ferramentas que re\u00fanam, de forma clara e objetiva, as informa\u00e7\u00f5es b\u00e1sicas para que comunicadores se empoderem do conhecimento adquirido e possam, nas mais diversas plataformas, multiplicar esta mensagem\u201d, ressaltou.&nbsp;<\/p>\n\n\n\n<p>Entre v\u00e1rios assuntos abordados durante a palestra, um deles e, talvez, o mais importante, foi sobre o crescimento do crime organizado em terras ind\u00edgenas nos \u00faltimos anos. Para a jornalista ambiental, a criminalidade encontrou uma lacuna de oportunidade em um pa\u00eds que n\u00e3o protege suas terras e povos, como deveria.<\/p>\n\n\n\n<figure class=\"wp-block-image size-full\"><img decoding=\"async\" loading=\"lazy\" width=\"1620\" height=\"1080\" src=\"https:\/\/revidigital.ielusc.br\/wp-content\/uploads\/2023\/10\/IMG_9108.jpg\" alt=\"\" class=\"wp-image-14764\" srcset=\"https:\/\/revidigital.ielusc.br\/wp-content\/uploads\/2023\/10\/IMG_9108.jpg 1620w, https:\/\/revidigital.ielusc.br\/wp-content\/uploads\/2023\/10\/IMG_9108-1536x1024.jpg 1536w\" sizes=\"(max-width: 1620px) 100vw, 1620px\" \/><figcaption class=\"wp-element-caption\">Cr\u00e9ditos: Jonas Porto.<\/figcaption><\/figure>\n\n\n\n<p>\u201cEm agosto do ano passado, escrevi uma mat\u00e9ria sobre <a href=\"https:\/\/oeco.org.br\/reportagens\/como-o-brasil-se-conecta-a-amazonia-pelos-crimes-ambientais\/\">\u2018Como o Brasil se conecta \u00e0 Amaz\u00f4nia pelos crimes ambientais\u2019<\/a>. Nela eu contei que o crime organizado est\u00e1 conectado com o Primeiro Comando da Capital (PCC) e outras fac\u00e7\u00f5es criminosas de grandes centros urbanos do Brasil e tamb\u00e9m com redes internacionais.&nbsp;<\/p>\n\n\n\n<p>No ano passado, o Instituto Igarap\u00e9 publicou um relat\u00f3rio baseado em 300 opera\u00e7\u00f5es da Pol\u00edcia Federal (PF) realizadas entre os anos de 2016 e 2021, envolvendo 254 munic\u00edpios, demonstrando que, al\u00e9m de possuir uma natureza organizada, a criminalidade ambiental est\u00e1 muito longe de ser um problema local.&nbsp;<\/p>\n\n\n\n<p>Os crimes que aconteceram na Amaz\u00f4nia se disseminaram por 24 dos 27 estados brasileiros, com exce\u00e7\u00e3o de Alagoas, Pernambuco e Para\u00edba, envolvendo garimpo, roubo de madeira e grilagem de terras p\u00fablicas.&nbsp;<\/p>\n\n\n\n<blockquote class=\"wp-block-quote\">\n<p>\u201cA medida que o jornalismo n\u00e3o problematiza uma determinada quest\u00e3o, ela se torna invis\u00edvel para sociedade. Por isso o nosso trabalho \u00e9 voltando a esse olhar s\u00e1bio, agu\u00e7ado para fiscaliza\u00e7\u00e3o. Precisamos, cada vez mais, exigir que as pol\u00edticas sejam implementadas, modernizadas e ampliadas\u201d, refor\u00e7ou.&nbsp;<\/p>\n<\/blockquote>\n\n\n\n<p>&nbsp;Oliveira tamb\u00e9m recordou do assassinato brutal do indigenista brasileiro Bruno Pereira e do jornalista norte-americano Dominic Mark Phillips. Os dois foram mortos a tiros, esquartejados e queimados em 5 de junho de 2022. Embora as investiga\u00e7\u00f5es ainda estejam em curso, um dos principais acusados at\u00e9 o momento \u00e9 o pescador Amarildo da Costa, o \u201cPelado\u201d, que teria invadido a Terra Ind\u00edgena Vale do Javari, localizada nos munic\u00edpios de Atalaia do Norte e Guajar\u00e1, no oeste do estado do Amazonas.<\/p>\n\n\n\n<p>\u201cO Dom estava escrevendo um livro chamado \u2018Como salvar a Amaz\u00f4nia: pergunte \u00e0s pessoas que sabem\u2019 e o Bruno acompanhou ele nesta viagem, porque tinha um amplo conhecimento dos crimes que aconteciam naquela regi\u00e3o. Pereira estava marcado para morrer a um bom tempo.\u201d<\/p>\n\n\n\n<p>Elizabeth mencionou que, ap\u00f3s a morte de Phillips, um grupo de jornalistas criou um grande projeto de coopera\u00e7\u00e3o internacional para publicar o livro e dar continuidade ao trabalho que ele n\u00e3o p\u00f4de concluir. \u201cEles conseguiram descobrir, desvendar uma s\u00e9rie de elementos que foram comprovados depois por outros jornalistas.\u201d<\/p>\n\n\n\n<p><a href=\"https:\/\/www.intercept.com.br\/2023\/05\/31\/livro-de-dom-phillips-sobre-a-amazonia-sera-concluido-por-amigos-jornalistas\/\">Dom concluiu grande parte da pesquisa e quase metade do manuscrito.<\/a> Os cap\u00edtulos restantes ser\u00e3o escritos por Eliane Brum, do Suma\u00fama; Tom Phillips, do The Guardian; Jon Lee Anderson, do The New Yorker; K\u00e1tia Brasil, da Amaz\u00f4nia Real; Jonathan Watts, do The Guardian e Suma\u00fama; e Andrew Fishman, do Intercept Brasil.&nbsp;<\/p>\n\n\n\n<p>O projeto ser\u00e1 supervisionado por uma equipe de amigos e colegas de Dom, incluindo Rebecca Carter, sua agente liter\u00e1ria; David Davies, autor; Tom Hennigan, do Irish Times; Watts em colabora\u00e7\u00e3o com Margaret Stead, da editora brit\u00e2nica Manilla Press que publicar\u00e1 o livro.<\/p>\n\n\n\n<p>Eliza usou a hist\u00f3ria de Dom e Bruno para refor\u00e7ar que a comunica\u00e7\u00e3o \u00e9 o elemento chave para impulsionar a participa\u00e7\u00e3o p\u00fablica. \u201cTenho esperan\u00e7a de criar um movimento forte, que estimule o debate p\u00fablico, afinal de contas, sem participa\u00e7\u00e3o social na implementa\u00e7\u00e3o de pol\u00edticas p\u00fablicas, n\u00e3o se constr\u00f3i um pa\u00eds.\u201d<\/p>\n\n\n\n<p>A mediadora da palestra, a coordenadora do curso de jornalismo, Mar\u00edlia Crispi de Moraes, refor\u00e7ou a import\u00e2ncia que o assunto tem na sociedade, \u201ctenho certeza que todos n\u00f3s, independentemente do curso ou da \u00e1rea que atuamos, podemos e devemos sim, fazer alguma coisa pelo nosso meio ambiente.\u201d<\/p>\n\n\n\n<figure class=\"wp-block-image size-full\"><img decoding=\"async\" loading=\"lazy\" width=\"1620\" height=\"1080\" src=\"https:\/\/revidigital.ielusc.br\/wp-content\/uploads\/2023\/10\/IMG_9020.jpg\" alt=\"\" class=\"wp-image-14765\" srcset=\"https:\/\/revidigital.ielusc.br\/wp-content\/uploads\/2023\/10\/IMG_9020.jpg 1620w, https:\/\/revidigital.ielusc.br\/wp-content\/uploads\/2023\/10\/IMG_9020-1536x1024.jpg 1536w\" sizes=\"(max-width: 1620px) 100vw, 1620px\" \/><figcaption class=\"wp-element-caption\">Cr\u00e9ditos: Jonas Porto.<\/figcaption><\/figure>\n\n\n\n<p>Al\u00e9m da palestra de abertura, o evento tamb\u00e9m contou com o <a href=\"https:\/\/revidigital.ielusc.br\/index.php\/2023\/10\/17\/nova-edicao-da-revista-redes-e-lancada-durante-o-4-conipe\/\" data-type=\"link\" data-id=\"https:\/\/revidigital.ielusc.br\/index.php\/2023\/10\/17\/nova-edicao-da-revista-redes-e-lancada-durante-o-4-conipe\/\">lan\u00e7amento da 6\u00aa edi\u00e7\u00e3o da Revista Redes. <\/a>Mais de 300 pessoas participaram do primeiro dia da 4\u00aa edi\u00e7\u00e3o do Conipe. O evento contou com a presen\u00e7a da presidente do Conipe, Marilyn Gon\u00e7alves Ferreira, do diretor Geral do Grupo Bom Jesus-Ielusc, o professor mestre Silvio Iung e do diretor de ensino superior da Faculdade Ielusc, o professor mestre Paulo Aires. As alunas da 8\u00aa fase do curso de jornalismo Ana Dranka e Mariana Murara, foram as respons\u00e1veis pelo cerimonial, junto da professora Maiara Carvalho Batista Maduro.&nbsp;<\/p>\n","protected":false},"excerpt":{"rendered":"<p>Jornalista especializada em temas socioambientais divulga guia para comunicadores sobre biodiversidade Por Dyeimine Senn Schlindwein A jornalista e pesquisadora, Elizabeth Oliveira, deu uma aula de jornalismo ambiental nesta segunda-feira (16), noite de abertura da 4\u00aa edi\u00e7\u00e3o do Congresso Integrado de Pesquisa e Extens\u00e3o (Conipe) da Faculdade Ielusc. Com o tema \u201cComo reinventar o mundo tendo [&hellip;]<\/p>\n","protected":false},"author":1,"featured_media":14766,"comment_status":"open","ping_status":"open","sticky":false,"template":"","format":"standard","meta":{"footnotes":""},"categories":[20,4,78,852,24,26],"tags":[],"_links":{"self":[{"href":"https:\/\/revidigital.ielusc.br\/index.php\/wp-json\/wp\/v2\/posts\/14763"}],"collection":[{"href":"https:\/\/revidigital.ielusc.br\/index.php\/wp-json\/wp\/v2\/posts"}],"about":[{"href":"https:\/\/revidigital.ielusc.br\/index.php\/wp-json\/wp\/v2\/types\/post"}],"author":[{"embeddable":true,"href":"https:\/\/revidigital.ielusc.br\/index.php\/wp-json\/wp\/v2\/users\/1"}],"replies":[{"embeddable":true,"href":"https:\/\/revidigital.ielusc.br\/index.php\/wp-json\/wp\/v2\/comments?post=14763"}],"version-history":[{"count":3,"href":"https:\/\/revidigital.ielusc.br\/index.php\/wp-json\/wp\/v2\/posts\/14763\/revisions"}],"predecessor-version":[{"id":15172,"href":"https:\/\/revidigital.ielusc.br\/index.php\/wp-json\/wp\/v2\/posts\/14763\/revisions\/15172"}],"wp:featuredmedia":[{"embeddable":true,"href":"https:\/\/revidigital.ielusc.br\/index.php\/wp-json\/wp\/v2\/media\/14766"}],"wp:attachment":[{"href":"https:\/\/revidigital.ielusc.br\/index.php\/wp-json\/wp\/v2\/media?parent=14763"}],"wp:term":[{"taxonomy":"category","embeddable":true,"href":"https:\/\/revidigital.ielusc.br\/index.php\/wp-json\/wp\/v2\/categories?post=14763"},{"taxonomy":"post_tag","embeddable":true,"href":"https:\/\/revidigital.ielusc.br\/index.php\/wp-json\/wp\/v2\/tags?post=14763"}],"curies":[{"name":"wp","href":"https:\/\/api.w.org\/{rel}","templated":true}]}}