{"id":14828,"date":"2023-11-01T14:21:43","date_gmt":"2023-11-01T17:21:43","guid":{"rendered":"https:\/\/revidigital.ielusc.br\/?p=14828"},"modified":"2024-09-18T16:59:48","modified_gmt":"2024-09-18T19:59:48","slug":"ha-73-anos-a-formula-1-sofre-com-a-falta-de-representatividade","status":"publish","type":"post","link":"https:\/\/revidigital.ielusc.br\/index.php\/2023\/11\/01\/ha-73-anos-a-formula-1-sofre-com-a-falta-de-representatividade\/","title":{"rendered":"H\u00e1 73 anos a F\u00f3rmula 1 sofre com a falta de representatividade"},"content":{"rendered":"\n<p><em>Por Camila Bosco<\/em><\/p>\n\n\n\n<p><strong><em>Preconceito e falta de oportunidades s\u00e3o os desafios enfrentados por minorias dentro da modalidade<\/em><\/strong><\/p>\n\n\n\n<p>Em 1972 a F\u00f3rmula 1 desembarcou no Brasil pela primeira vez, contabilizando atualmente 48 participa\u00e7\u00f5es. Esse ano, a corrida acontecer\u00e1 nos dias 3, 4 e 5 de novembro no Aut\u00f3dromo Jos\u00e9 Carlos Pace, popularmente conhecido como Interlagos. Sem nenhum piloto brasileiro, o pa\u00eds conta com a representa\u00e7\u00e3o de Lewis Halmiton, cidad\u00e3o honor\u00e1rio brasileiro e o \u00fanico piloto negro na modalidade.<\/p>\n\n\n\n<figure class=\"wp-block-image size-full\"><img decoding=\"async\" loading=\"lazy\" width=\"932\" height=\"605\" src=\"https:\/\/revidigital.ielusc.br\/wp-content\/uploads\/2023\/11\/Imagem-do-WhatsApp-de-2023-11-01-as-13.26.40_ea35a47b.jpg\" alt=\"\" class=\"wp-image-14832\"\/><\/figure>\n\n\n\n<p>Interlagos presenciou a vit\u00f3ria de recordistas do esporte como Ayrton Senna e Michael Schumacher. Em 1950, a F\u00f3rmula 1 estreou como esporte automobil\u00edstico sob a organiza\u00e7\u00e3o da Federa\u00e7\u00e3o Internacional de Automobilismo (FIA). Hoje, a categoria conta com vinte pilotos divididos em dez equipes. O esporte dominado por homens europeus conta com apenas um piloto negro desde sua estreia: Lewis Hamilton, que est\u00e1 na categoria desde 2007, tamb\u00e9m \u00e9 o \u00fanico campe\u00e3o negro e coleciona sete campeonatos mundiais.<\/p>\n\n\n\n<p>Vict\u00f3ria Vieira dos Santos, 22, natural de S\u00e3o Jos\u00e9 do Rio Preto, S\u00e3o Paulo, teve seu interesse pelo esporte despertado em 2020 quando Lewis Hamilton prestou homenagem ao falecido ator Chadwick Boseman, conhecido por ter interpretado o her\u00f3i &#8220;Pantera Negra&#8221;. Ela destacou o papel fundamental do esportista: <em>&#8220;Acredito que Lewis ocupa uma posi\u00e7\u00e3o muito influente dentro do esporte. Devido ao fato dele ser extremamente talentoso, ele for\u00e7a o esporte a aceit\u00e1-lo como homem negro e a aceitar as a\u00e7\u00f5es dele&#8221;<\/em>. A torcedora enfatizou que h\u00e1 uma preocupa\u00e7\u00e3o para quando o piloto se aposentar das pistas:<em> &#8220;Quando ele n\u00e3o for mais piloto, o esporte vai regredir o pouco que conseguiram progredir ao longo dos anos com a presen\u00e7a do Lewis&#8221;.<\/em><\/p>\n\n\n\n<p>Lewis Hamilton \u00e9 um dos poucos que traz visibilidade para a luta por igualdade dentro e fora das pistas, desafiando a ind\u00fastria e seus companheiros de pista a fazerem mais para promover a diversidade e os direitos humanos.<\/p>\n\n\n\n<figure class=\"wp-block-image size-full\"><img decoding=\"async\" loading=\"lazy\" width=\"796\" height=\"665\" src=\"https:\/\/revidigital.ielusc.br\/wp-content\/uploads\/2023\/11\/Imagem-do-WhatsApp-de-2023-11-01-as-13.26.40_e4c168aa.jpg\" alt=\"\" class=\"wp-image-14830\"\/><\/figure>\n\n\n\n<p><em>\u201cNos 16 anos em que estou correndo nesse esporte, apenas homens estiveram presentes. Isso \u00e9 um problema (&#8230;) N\u00e3o prestamos aten\u00e7\u00e3o suficiente ou demos import\u00e2ncia \u00e0 falta de diversidade de g\u00eanero na categoria\u201d, Lewis em entrevista ao Jornal Marca.<\/em><\/p>\n\n\n\n<p>O atleta protagoniza constantemente manifesta\u00e7\u00f5es anti racistas, dentre eles, utilizou uma camiseta com a frase \u201cvidas negras importam\u201d e se ajoelhou contra o racismo e abuso policial. Ainda em 2020, subiu ao p\u00f3dio com uma camiseta escrito \u201c<em>Prenda os policiais que mataram Breonna Taylor<\/em>\u201d &#8211; jovem que foi brutalmente assassinada por policiais em seu apartamento. Ap\u00f3s o ato, a FIA proibiu manifesta\u00e7\u00f5es no p\u00f3dio e nas entrevistas.<\/p>\n\n\n\n<p>Hamilton entende o peso que carrega como \u00fanico negro no esporte, tamb\u00e9m relatou diversas vezes que sofre com boicotes e ataques da organiza\u00e7\u00e3o, de torcedores e equipes. O caso mais recente que agitou a m\u00eddia foi com o ex-piloto brasileiro, Nelson Piquet, que o definiu como &#8220;neguinho&#8221; e atribuiu coment\u00e1rios homof\u00f3bicos. A condena\u00e7\u00e3o de Piquet foi anulada pela Justi\u00e7a ap\u00f3s o relator do caso ter considerado as falas como \u201cdeboche\u201d.<\/p>\n\n\n\n<p><em>\u201cSe a FIA e a Liberty Media deixarem a influ\u00eancia do Lewis fluir, o esporte se tornar\u00e1 bem mais diverso, tanto em funcion\u00e1rios quanto f\u00e3s e torcedores. Abrir\u00e1 muitas portas para quem tem interesse pelo esporte\u201d<\/em>, disse Vict\u00f3ria.<\/p>\n\n\n\n<p><strong><em>Falta de mulheres nas pistas<\/em><\/strong><\/p>\n\n\n\n<p>Em 73 anos de F\u00f3rmula 1, apenas cinco mulheres tiveram a oportunidade de participar de grandes equipes. A \u00faltima piloto a competir foi a italiana Giovanna Amati em 1992 e apenas Lella Lombardi, em 1975 chegou a pontuar.&nbsp;<\/p>\n\n\n\n<p>A representa\u00e7\u00e3o feminina \u00e9 escassa dentro do esporte e a falta de oportunidades, financiamento e apoio \u00e9 um desafio que j\u00e1 deveria ter sido enfrentado, visto que em quase um s\u00e9culo a participa\u00e7\u00e3o feminina \u00e9 quase nula.<\/p>\n\n\n\n<p>Para Anna Cristina Senem Bibow, 18, a participa\u00e7\u00e3o na torcida e no jornalismo esportivo est\u00e1 aumentando nos \u00faltimos anos. No entanto, ela n\u00e3o nota esfor\u00e7o por parte das equipes <em>\u201cEu vejo que as mulheres participam, mas n\u00e3o tem nada t\u00e3o representativo\u201d, <\/em>Bibow tamb\u00e9m relatou que o custo para estar no esporte seria uma das causas da falta de mulheres.<\/p>\n\n\n\n<p>Anna Julia Feltrin, 22, de Sorocaba (SP), participar\u00e1 da corrida em Interlagos destaca o peso de gostar de um esporte majoritariamente dominado por homens: <em>\u201cFalta n\u00e3o s\u00f3 a representatividade ali dentro, mas tamb\u00e9m a seguran\u00e7a que oferecem para as mulheres durante os GPs, atitudes que poderiam ter tomado em algumas situa\u00e7\u00f5es passadas.\u201d<\/em> A torcedora da McLaren percebe que \u201c\u00c9 muito mais f\u00e1cil voc\u00ea ver pilotos homens, at\u00e9 com o mesmo n\u00edvel e mesma categoria que mulheres, tendo mais patroc\u00ednio, mais apoio financeiro e ganhando mais espa\u00e7o\u201d.<\/p>\n","protected":false},"excerpt":{"rendered":"<p>Por Camila Bosco Preconceito e falta de oportunidades s\u00e3o os desafios enfrentados por minorias dentro da modalidade Em 1972 a F\u00f3rmula 1 desembarcou no Brasil pela primeira vez, contabilizando atualmente 48 participa\u00e7\u00f5es. Esse ano, a corrida acontecer\u00e1 nos dias 3, 4 e 5 de novembro no Aut\u00f3dromo Jos\u00e9 Carlos Pace, popularmente conhecido como Interlagos. Sem [&hellip;]<\/p>\n","protected":false},"author":1,"featured_media":14831,"comment_status":"open","ping_status":"open","sticky":false,"template":"","format":"standard","meta":{"footnotes":""},"categories":[88,20,46,1837],"tags":[1577,398,184,1807],"_links":{"self":[{"href":"https:\/\/revidigital.ielusc.br\/index.php\/wp-json\/wp\/v2\/posts\/14828"}],"collection":[{"href":"https:\/\/revidigital.ielusc.br\/index.php\/wp-json\/wp\/v2\/posts"}],"about":[{"href":"https:\/\/revidigital.ielusc.br\/index.php\/wp-json\/wp\/v2\/types\/post"}],"author":[{"embeddable":true,"href":"https:\/\/revidigital.ielusc.br\/index.php\/wp-json\/wp\/v2\/users\/1"}],"replies":[{"embeddable":true,"href":"https:\/\/revidigital.ielusc.br\/index.php\/wp-json\/wp\/v2\/comments?post=14828"}],"version-history":[{"count":1,"href":"https:\/\/revidigital.ielusc.br\/index.php\/wp-json\/wp\/v2\/posts\/14828\/revisions"}],"predecessor-version":[{"id":14833,"href":"https:\/\/revidigital.ielusc.br\/index.php\/wp-json\/wp\/v2\/posts\/14828\/revisions\/14833"}],"wp:featuredmedia":[{"embeddable":true,"href":"https:\/\/revidigital.ielusc.br\/index.php\/wp-json\/wp\/v2\/media\/14831"}],"wp:attachment":[{"href":"https:\/\/revidigital.ielusc.br\/index.php\/wp-json\/wp\/v2\/media?parent=14828"}],"wp:term":[{"taxonomy":"category","embeddable":true,"href":"https:\/\/revidigital.ielusc.br\/index.php\/wp-json\/wp\/v2\/categories?post=14828"},{"taxonomy":"post_tag","embeddable":true,"href":"https:\/\/revidigital.ielusc.br\/index.php\/wp-json\/wp\/v2\/tags?post=14828"}],"curies":[{"name":"wp","href":"https:\/\/api.w.org\/{rel}","templated":true}]}}