{"id":14837,"date":"2023-11-02T10:42:42","date_gmt":"2023-11-02T13:42:42","guid":{"rendered":"https:\/\/revidigital.ielusc.br\/?p=14837"},"modified":"2023-11-02T10:43:25","modified_gmt":"2023-11-02T13:43:25","slug":"memorias-desafios-e-conquistas-conheca-a-historia-de-25-anos-dos-cursos-de-comunicacao-da-faculdade-ielusc","status":"publish","type":"post","link":"https:\/\/revidigital.ielusc.br\/index.php\/2023\/11\/02\/memorias-desafios-e-conquistas-conheca-a-historia-de-25-anos-dos-cursos-de-comunicacao-da-faculdade-ielusc\/","title":{"rendered":"Mem\u00f3rias, desafios e conquistas; conhe\u00e7a a hist\u00f3ria dos 25 anos dos cursos de comunica\u00e7\u00e3o da Faculdade Ielusc"},"content":{"rendered":"\n<p><em>A primeira reportagem especial da s\u00e9rie \u201cComunica\u00e7\u00e3o: 25 anos de hist\u00f3ria\u201d traz relatos de egressos, professores e coordenadores de Jornalismo e Publicidade e Propaganda\u00a0<\/em><\/p>\n\n\n\n<p><em>Por Ana Carolina de Jesus e B\u00e1rbara Siementkowski<\/em><\/p>\n\n\n\n<p>No mesmo ano em que F\u00e1tima Bernardes assumia a bancada do Jornal Nacional, nascia o curso de Comunica\u00e7\u00e3o Social na faculdade Bom Jesus\/Ielusc. Era 1998 e na \u00e9poca o curso formava dois perfis de profissionais: os habilitados em Jornalismo e os habilitados em Publicidade e Propaganda. Desde ent\u00e3o muita coisa mudou, F\u00e1tima j\u00e1 est\u00e1 longe da bancado do JN h\u00e1 mais de 10 anos e os cursos de Comunica\u00e7\u00e3o da Faculdade Ielusc formam profissionais em um contexto bem diferente daquele vivido no in\u00edcio do novo mil\u00eanio.<\/p>\n\n\n\n<p>No ano de 2023 \u00e9 imposs\u00edvel dissociar a comunica\u00e7\u00e3o da tecnologia. Intelig\u00eancia artificial, estrat\u00e9gia para redes sociais, plataformas de CRM, jornalismo de dados, otimiza\u00e7\u00e3o de mecanismos de busca, s\u00e3o termos normalmente estudados nas salas de aula. Afinal, o mercado exige isso. Mas h\u00e1 25 anos, Joinville e regi\u00e3o, assim como todo o pa\u00eds, aprendiam a utilizar a tecnologia.<\/p>\n\n\n\n<p>Valdete Daufemback, historiadora e professora da faculdade, conta como o contexto de comunica\u00e7\u00e3o na \u00e9poca de cria\u00e7\u00e3o do curso era ainda do nascimento da internet.<\/p>\n\n\n\n<figure class=\"wp-block-embed is-type-video is-provider-youtube wp-block-embed-youtube wp-embed-aspect-16-9 wp-has-aspect-ratio\"><div class=\"wp-block-embed__wrapper\">\n<iframe loading=\"lazy\" title=\"Valdete Daufemback #1\" width=\"800\" height=\"450\" src=\"https:\/\/www.youtube.com\/embed\/0AG7crSAavk?feature=oembed\" frameborder=\"0\" allow=\"accelerometer; autoplay; clipboard-write; encrypted-media; gyroscope; picture-in-picture; web-share\" allowfullscreen><\/iframe>\n<\/div><\/figure>\n\n\n\n<p>Pautada em ve\u00edculos tradicionais, o mercado de trabalho em Joinville buscava profissionais para atuar no campo da Comunica\u00e7\u00e3o e, principalmente, nas grandes empresas que aqui existiam.<\/p>\n\n\n\n<figure class=\"wp-block-embed is-type-video is-provider-youtube wp-block-embed-youtube wp-embed-aspect-16-9 wp-has-aspect-ratio\"><div class=\"wp-block-embed__wrapper\">\n<iframe loading=\"lazy\" title=\"Valdete Daufemback #2\" width=\"800\" height=\"450\" src=\"https:\/\/www.youtube.com\/embed\/phlJLh56O4o?feature=oembed\" frameborder=\"0\" allow=\"accelerometer; autoplay; clipboard-write; encrypted-media; gyroscope; picture-in-picture; web-share\" allowfullscreen><\/iframe>\n<\/div><\/figure>\n\n\n\n<h2 class=\"wp-block-heading\">Como eram os primeiros estudantes<\/h2>\n\n\n\n<figure class=\"wp-block-image size-full is-resized\"><img decoding=\"async\" loading=\"lazy\" src=\"https:\/\/revidigital.ielusc.br\/wp-content\/uploads\/2023\/11\/Imagem-01.jpeg\" alt=\"\" class=\"wp-image-14838\" style=\"width:461px;height:614px\" width=\"461\" height=\"614\" srcset=\"https:\/\/revidigital.ielusc.br\/wp-content\/uploads\/2023\/11\/Imagem-01.jpeg 1200w, https:\/\/revidigital.ielusc.br\/wp-content\/uploads\/2023\/11\/Imagem-01-1153x1536.jpeg 1153w\" sizes=\"(max-width: 461px) 100vw, 461px\" \/><figcaption class=\"wp-element-caption\"><strong>P\u00e1gina do jornal A Not\u00edcia com a lista de classificados do vestibular de 1998 da Faculdade Ielusc\u00a0<\/strong><br><\/figcaption><\/figure>\n\n\n\n<p>Ao escolher o curso de Comunica\u00e7\u00e3o Social com habilita\u00e7\u00e3o em Jornalismo, Franciane Oliveira Lamim viu uma oportunidade de unir sua paix\u00e3o pela leitura e escrita. Comunicativa e extrovertida, ingressou aos 16 anos na turma inaugural da Faculdade Ielusc em 1998. \u201cDuas coisas que sempre gostei eram esportes e TV, ent\u00e3o, ao longo do curso, fiquei muito interessada em Jornalismo Esportivo\u201d, contou. De estagi\u00e1ria da Revi, Franciane viu seu sonho de fazer TV se concretizar no terceiro ano do curso, quando come\u00e7ou a trabalhar na TV Barriga Verde (TVBV). Nesse per\u00edodo, Franciane cobria jogos do Joinville Esporte Clube (JEC) e outros esportes, o que a fez se sentir realizada na profiss\u00e3o.<\/p>\n\n\n\n<p>Mesmo gostando de Sociologia, Psicologia e L\u00edngua Portuguesa, Franciane preferia as aulas pr\u00e1ticas do que as te\u00f3ricas. \u201cA partir do momento que as pr\u00e1ticas iniciaram ficou bem mais divertido. Ir para os laborat\u00f3rios e produzir conte\u00fado era incr\u00edvel. Eu amava as aulas de Fotografia, R\u00e1dio e TV.\u201d<\/p>\n\n\n\n<figure class=\"wp-block-image size-full is-resized\"><img decoding=\"async\" loading=\"lazy\" src=\"https:\/\/revidigital.ielusc.br\/wp-content\/uploads\/2023\/11\/Imagem-02.jpg\" alt=\"\" class=\"wp-image-14839\" style=\"width:731px;height:491px\" width=\"731\" height=\"491\"\/><figcaption class=\"wp-element-caption\"><strong>\u00a0Franciane (meio) com seus colegas de turma na plateia do Programa do J\u00f4, in\u00edcio dos anos 2000. (Arquivo pessoal)<\/strong><\/figcaption><\/figure>\n\n\n\n<p>Franciane contou que ainda hoje possui contato com os amigos da faculdade.<\/p>\n\n\n\n<blockquote class=\"wp-block-quote\">\n<p>\u201cNos divert\u00edamos muito, seja durante as aulas, os intervalos e tamb\u00e9m aos finais de semana. Viramos muitas noites estudando, tivemos v\u00e1rias dificuldades, mas no final todo mundo saiu da faculdade mais forte.\u201d<\/p>\n<\/blockquote>\n\n\n\n<p>Ap\u00f3s se mudar para S\u00e3o Paulo e atuar na \u00e1rea de Assessoria de Imprensa, Franciane passou para Comunica\u00e7\u00e3o Interna e hoje trabalha na coordenadoria de Comunica\u00e7\u00e3o, na ger\u00eancia de Marketing do Cons\u00f3rcio Embracon. \u201cSou muito feliz no que fa\u00e7o!\u201d<\/p>\n\n\n\n<p>Diferente de Franciane, Maur\u00edcio Jos\u00e9 Melim, tamb\u00e9m estudante da primeira turma da Faculdade Ielusc, preferiu seguir a carreira acad\u00eamica.\u00a0<\/p>\n\n\n\n<figure class=\"wp-block-image size-full is-resized\"><img decoding=\"async\" loading=\"lazy\" src=\"https:\/\/revidigital.ielusc.br\/wp-content\/uploads\/2023\/11\/Imagem-03-edited.png\" alt=\"\" class=\"wp-image-14841\" style=\"width:583px;height:761px\" width=\"583\" height=\"761\"\/><\/figure>\n\n\n\n<p>Ingressou, assim como ela, em 1998 na institui\u00e7\u00e3o, mas Maur\u00edcio optou em cursar Comunica\u00e7\u00e3o Social com habilita\u00e7\u00e3o em Publicidade e Propaganda. \u201cEu gostava bastante da parte de desenho e artes, e o curso tinha muitas disciplinas relacionadas a essas \u00e1reas\u201d, conta.\u00a0<\/p>\n\n\n\n<figure class=\"wp-block-audio\"><audio controls src=\"https:\/\/revidigital.ielusc.br\/wp-content\/uploads\/2023\/11\/Sonora-01-Mauricio-Jose-Melim.ogg\"><\/audio><\/figure>\n\n\n\n<p>Do meio do curso em diante, Maur\u00edcio come\u00e7ou a fazer <em>freelancer<\/em> na \u00e1rea, mas atuou tamb\u00e9m como estagi\u00e1rio no Museu de Arte e participou de um projeto organizado pelo museu em parceria com a Prefeitura de Joinville. Tamb\u00e9m trabalhou em um curto per\u00edodo no Sesc (Servi\u00e7o Social de Com\u00e9rcio) de Rio do Sul, na parte de organiza\u00e7\u00e3o de eventos, e no ano de 2003 Maur\u00edcio iniciou o mestrado. Seis anos depois, em 2009, Maur\u00edcio, ou como todos o chamam, Professor Melim, retornou \u00e0 mesma faculdade que o formou publicit\u00e1rio para agora lecionar nos cursos de comunica\u00e7\u00e3o.<\/p>\n\n\n\n<p>\u201cAs disciplinas que eu mais me interessava na faculdade eram Semi\u00f3tica e Teorias da Comunica\u00e7\u00e3o. E \u00e9 curioso pois s\u00e3o duas disciplinas que eu leciono hoje.\u201d<\/p>\n\n\n\n<figure class=\"wp-block-audio\"><audio controls src=\"https:\/\/revidigital.ielusc.br\/wp-content\/uploads\/2023\/11\/Sonora-02-Mauricio-Jose-Melim.ogg\"><\/audio><\/figure>\n\n\n\n<p>No in\u00edcio do curso as turmas eram compostas por um perfil um tanto quanto \u201cmisto\u201d. Segundo Jacques Mikes, professor do curso entre 2001 a 2009, era comum ver turmas com profissionais que j\u00e1 atuavam no jornalismo e tamb\u00e9m com jovens que estavam iniciando a carreira.<\/p>\n\n\n\n<blockquote class=\"wp-block-quote\">\n<p>\u201cAs turmas eram formadas por pessoas que j\u00e1 trabalhavam na \u00e1rea e que buscavam o diploma para validar a profiss\u00e3o, isso durou uns 4 anos. S\u00f3 depois que come\u00e7ou a formar turmas com o perfil que vemos bastante hoje, ou seja, jovens que sa\u00edram do ensino m\u00e9dio para fazer faculdade\u201d, explica.<\/p>\n<\/blockquote>\n\n\n\n<p>Jacques relembra que na \u00e9poca, profissionais que atuavam como jornalistas nas cidades da regi\u00e3o, como Jaragu\u00e1 e S\u00e3o Bento do Sul, vinham para Joinville com o objetivo de ter a forma\u00e7\u00e3o em Jornalismo.<\/p>\n\n\n\n<p>Mar\u00edlia Crispi de Moraes, atual coordenadora do curso, tinha esse perfil. Mar\u00edlia, formada em Letras, j\u00e1 atuava na reda\u00e7\u00e3o do jornal A Not\u00edcia.<\/p>\n\n\n\n<figure class=\"wp-block-embed is-type-video is-provider-youtube wp-block-embed-youtube wp-embed-aspect-16-9 wp-has-aspect-ratio\"><div class=\"wp-block-embed__wrapper\">\n<iframe loading=\"lazy\" title=\"Mar\u00edlia Crispi de Moraes | Coordenadora do curso de Jornalismo #1\" width=\"800\" height=\"450\" src=\"https:\/\/www.youtube.com\/embed\/4amfKngy_5c?feature=oembed\" frameborder=\"0\" allow=\"accelerometer; autoplay; clipboard-write; encrypted-media; gyroscope; picture-in-picture; web-share\" allowfullscreen><\/iframe>\n<\/div><\/figure>\n\n\n\n<p>A atual coordenadora e tamb\u00e9m egressa do curso de Jornalismo do Ielusc assumiu o cargo em 2020. Ela recorda com carinho quando prometeu ao antigo coordenador, Edelberto Beehs, o primeiro coordenador do curso, que se formaria e retornaria para dar aula no Ielusc.<\/p>\n\n\n\n<figure class=\"wp-block-embed is-type-video is-provider-youtube wp-block-embed-youtube wp-embed-aspect-16-9 wp-has-aspect-ratio\"><div class=\"wp-block-embed__wrapper\">\n<iframe loading=\"lazy\" title=\"Mar\u00edlia Crispi de Moraes | Coordenadora do curso de Jornalismo #2\" width=\"800\" height=\"450\" src=\"https:\/\/www.youtube.com\/embed\/roT7PgwvpuI?feature=oembed\" frameborder=\"0\" allow=\"accelerometer; autoplay; clipboard-write; encrypted-media; gyroscope; picture-in-picture; web-share\" allowfullscreen><\/iframe>\n<\/div><\/figure>\n\n\n\n<h2 class=\"wp-block-heading\">As mudan\u00e7as no curso<\/h2>\n\n\n\n<p>Mar\u00edlia relata que as mudan\u00e7as do curso se voltam \u00e0 forma como ele \u00e9 praticado, ainda que os pilares e a fun\u00e7\u00e3o social se mantenham. \u201cA ess\u00eancia do bom jornalismo continua sendo informar as pessoas. A fun\u00e7\u00e3o social do jornalista \u00e9 primar pela informa\u00e7\u00e3o de qualidade\u201d, diz.<\/p>\n\n\n\n<figure class=\"wp-block-embed is-type-video is-provider-youtube wp-block-embed-youtube wp-embed-aspect-16-9 wp-has-aspect-ratio\"><div class=\"wp-block-embed__wrapper\">\n<iframe loading=\"lazy\" title=\"Mar\u00edlia Crispi de Moraes | Coordenadora do curso de Jornalismo #3\" width=\"800\" height=\"450\" src=\"https:\/\/www.youtube.com\/embed\/C9gC5ec92BA?feature=oembed\" frameborder=\"0\" allow=\"accelerometer; autoplay; clipboard-write; encrypted-media; gyroscope; picture-in-picture; web-share\" allowfullscreen><\/iframe>\n<\/div><\/figure>\n\n\n\n<p>Algo que acompanhou as mudan\u00e7as de mercado foi a matriz curricular. Enquanto as primeiras matrizes curriculares de jornalismo tinham disciplinas como L\u00edngua Portuguesa I, II e III e Reda\u00e7\u00e3o Jornal\u00edstica I, II, III e IV, a mais recente matriz traz a reda\u00e7\u00e3o em disciplinas como Linguagem e Discurso, Escrita Jornal\u00edstica e Reportagem.<\/p>\n\n\n\n<p>O Radiojornalismo deu espa\u00e7o para Narrativas Sonoras e o Fotojornalismo I e II se tornou Fotografia Digital, Roteiriza\u00e7\u00e3o e Ilumina\u00e7\u00e3o Fotogr\u00e1ficas e Fotorreportagem.<\/p>\n\n\n\n<figure class=\"wp-block-embed is-type-video is-provider-youtube wp-block-embed-youtube wp-embed-aspect-16-9 wp-has-aspect-ratio\"><div class=\"wp-block-embed__wrapper\">\n<iframe loading=\"lazy\" title=\"Mar\u00edlia Crispi de Moraes | Coordenadora do curso de Jornalismo #4\" width=\"800\" height=\"450\" src=\"https:\/\/www.youtube.com\/embed\/-NCQwiY_HqQ?feature=oembed\" frameborder=\"0\" allow=\"accelerometer; autoplay; clipboard-write; encrypted-media; gyroscope; picture-in-picture; web-share\" allowfullscreen><\/iframe>\n<\/div><\/figure>\n\n\n\n<h2 class=\"wp-block-heading\">Mudan\u00e7as no curso de Publicidade e Propaganda<\/h2>\n\n\n\n<p>Vin\u00edcios Neves \u00e9 o atual coordenador do curso de Publicidade e Propaganda do Ielusc. Formado pela Universidade de Cruz Alta, o professor se manteve pr\u00f3ximo da publicidade durante toda sua carreira. Em 2003 ele come\u00e7ou a dar aula na Faculdade Ielusc e assumiu a coordena\u00e7\u00e3o em 2013.<\/p>\n\n\n\n<p>Vinicius relembra que na \u00e9poca em que come\u00e7ou a lecionar na faculdade, o investimento em internet na comunica\u00e7\u00e3o era pequeno e os conceitos na publicidade eram diferentes do que se entende hoje.<\/p>\n\n\n\n<figure class=\"wp-block-embed is-type-video is-provider-youtube wp-block-embed-youtube wp-embed-aspect-16-9 wp-has-aspect-ratio\"><div class=\"wp-block-embed__wrapper\">\n<iframe loading=\"lazy\" title=\"Vinicios Neves | Coordenador do curso de Publicidade e Propaganda\" width=\"800\" height=\"450\" src=\"https:\/\/www.youtube.com\/embed\/rL7s9OoGxGA?feature=oembed\" frameborder=\"0\" allow=\"accelerometer; autoplay; clipboard-write; encrypted-media; gyroscope; picture-in-picture; web-share\" allowfullscreen><\/iframe>\n<\/div><\/figure>\n\n\n\n<p>Segundo ele, a matriz curricular acompanhou as mudan\u00e7as de forma atenta \u00e0 transforma\u00e7\u00e3o do mercado e at\u00e9 pensando a frente dele.<\/p>\n\n\n\n<figure class=\"wp-block-embed is-type-video is-provider-youtube wp-block-embed-youtube wp-embed-aspect-16-9 wp-has-aspect-ratio\"><div class=\"wp-block-embed__wrapper\">\n<iframe loading=\"lazy\" title=\"Vin\u00edcios Neves | Coordenador do curso de Publicidade e Propaganda #2\" width=\"800\" height=\"450\" src=\"https:\/\/www.youtube.com\/embed\/ySBi-AKyhx8?feature=oembed\" frameborder=\"0\" allow=\"accelerometer; autoplay; clipboard-write; encrypted-media; gyroscope; picture-in-picture; web-share\" allowfullscreen><\/iframe>\n<\/div><\/figure>\n\n\n\n<p>E assim como Jornalismo, as disciplinas mudaram no decorrer do tempo. Vin\u00edcios compartilha que hoje as mat\u00e9rias s\u00e3o vistas de forma mais ampla e conversam entre si, assim como, muitas deixaram de existir ou mudaram o foco.<\/p>\n\n\n\n<figure class=\"wp-block-embed is-type-video is-provider-youtube wp-block-embed-youtube wp-embed-aspect-16-9 wp-has-aspect-ratio\"><div class=\"wp-block-embed__wrapper\">\n<iframe loading=\"lazy\" title=\"Vin\u00edcios Neves | Coordenador do curso de Publicidade e Propaganda #3\" width=\"800\" height=\"450\" src=\"https:\/\/www.youtube.com\/embed\/FJ6CgTD-8bI?feature=oembed\" frameborder=\"0\" allow=\"accelerometer; autoplay; clipboard-write; encrypted-media; gyroscope; picture-in-picture; web-share\" allowfullscreen><\/iframe>\n<\/div><\/figure>\n\n\n\n<p>Maur\u00edcio Jos\u00e9 Melim, como estudante da Faculdade Ielusc, e hoje como professor, tamb\u00e9m nota muitas mudan\u00e7as durante os 25 anos de curso, tanto na organiza\u00e7\u00e3o interna e no ambiente, quanto no avan\u00e7o dos meios digitais. \u201cEu tenho a percep\u00e7\u00e3o que entre o curso que eu fiz l\u00e1 atr\u00e1s e o curso que n\u00f3s temos hoje, o atual tem um dinamismo muito maior\u201d, informa. <\/p>\n\n\n\n<p>Segundo ele, devido haver uma quantidade maior de disciplinas nas grades atuais, os assuntos tratados durante o curso s\u00e3o muito mais amplos e flex\u00edveis, principalmente pelo cen\u00e1rio cultural de hoje que tudo acontece de forma veloz. Nesse contexto, a Faculdade Ielusc consegue acompanhar essas mudan\u00e7as e \u00e9 capaz de introduzi-las nas grades curriculares.\u00a0<\/p>\n\n\n\n<h2 class=\"wp-block-heading\">As quest\u00f5es do tempo<\/h2>\n\n\n\n<p>Hoje, com o avan\u00e7o da tecnologia e informa\u00e7\u00f5es na palma da m\u00e3o, o cen\u00e1rio e m\u00e9todo de ensino se transformou. Valdete costumava indicar a leitura de livros, e agora, para adaptar os estudos \u00e0 rotina dos estudantes, indica pequenos textos para compreens\u00e3o.<\/p>\n\n\n\n<figure class=\"wp-block-embed is-type-video is-provider-youtube wp-block-embed-youtube wp-embed-aspect-16-9 wp-has-aspect-ratio\"><div class=\"wp-block-embed__wrapper\">\n<iframe loading=\"lazy\" title=\"Valdete Daufemback #3\" width=\"800\" height=\"450\" src=\"https:\/\/www.youtube.com\/embed\/USmZfkStHwM?feature=oembed\" frameborder=\"0\" allow=\"accelerometer; autoplay; clipboard-write; encrypted-media; gyroscope; picture-in-picture; web-share\" allowfullscreen><\/iframe>\n<\/div><\/figure>\n\n\n\n<p>Para ela, a no\u00e7\u00e3o do tempo mudou muito no perfil dos estudantes no decorrer das gera\u00e7\u00f5es. \u201cParece que o tempo tinha outro sentido na \u00e9poca. Hoje as pessoas querem tudo muito r\u00e1pido, \u00e9 uma quest\u00e3o do processo que n\u00f3s temos hoje. N\u00e3o \u00e9 de responsabilidade dos alunos, mas as exig\u00eancias do mercado fazem isso\u201d, analisa.<\/p>\n\n\n\n<p>Ela refor\u00e7a que essas mudan\u00e7as atingem a forma como os estudantes se fazem presentes dentro da sala de aula e ressalta a import\u00e2ncia do conhecimento para forma\u00e7\u00e3o de um cidad\u00e3o.<\/p>\n\n\n\n<blockquote class=\"wp-block-quote\">\n<p>\u201cO que n\u00f3s temos que fazer? Temos que entender essa rela\u00e7\u00e3o, cativar da melhor maneira poss\u00edvel sempre encantando os estudantes para o conhecimento. Porque eu acho que o conhecimento \u00e9 algo que realmente n\u00e3o d\u00e1 para excluirmos da academia. N\u00e3o podemos sair vazios de um curso, sem conseguir fazer a leitura do mundo\u201d, compartilha a professora.<\/p>\n<\/blockquote>\n","protected":false},"excerpt":{"rendered":"<p>A primeira reportagem especial da s\u00e9rie \u201cComunica\u00e7\u00e3o: 25 anos de hist\u00f3ria\u201d traz relatos de egressos, professores e coordenadores de Jornalismo e Publicidade e Propaganda\u00a0 Por Ana Carolina de Jesus e B\u00e1rbara Siementkowski No mesmo ano em que F\u00e1tima Bernardes assumia a bancada do Jornal Nacional, nascia o curso de Comunica\u00e7\u00e3o Social na faculdade Bom Jesus\/Ielusc. [&hellip;]<\/p>\n","protected":false},"author":1,"featured_media":14839,"comment_status":"open","ping_status":"open","sticky":true,"template":"","format":"standard","meta":{"footnotes":""},"categories":[97,20,4,127,24,1],"tags":[552,57,48,34,1811,133],"_links":{"self":[{"href":"https:\/\/revidigital.ielusc.br\/index.php\/wp-json\/wp\/v2\/posts\/14837"}],"collection":[{"href":"https:\/\/revidigital.ielusc.br\/index.php\/wp-json\/wp\/v2\/posts"}],"about":[{"href":"https:\/\/revidigital.ielusc.br\/index.php\/wp-json\/wp\/v2\/types\/post"}],"author":[{"embeddable":true,"href":"https:\/\/revidigital.ielusc.br\/index.php\/wp-json\/wp\/v2\/users\/1"}],"replies":[{"embeddable":true,"href":"https:\/\/revidigital.ielusc.br\/index.php\/wp-json\/wp\/v2\/comments?post=14837"}],"version-history":[{"count":3,"href":"https:\/\/revidigital.ielusc.br\/index.php\/wp-json\/wp\/v2\/posts\/14837\/revisions"}],"predecessor-version":[{"id":14846,"href":"https:\/\/revidigital.ielusc.br\/index.php\/wp-json\/wp\/v2\/posts\/14837\/revisions\/14846"}],"wp:featuredmedia":[{"embeddable":true,"href":"https:\/\/revidigital.ielusc.br\/index.php\/wp-json\/wp\/v2\/media\/14839"}],"wp:attachment":[{"href":"https:\/\/revidigital.ielusc.br\/index.php\/wp-json\/wp\/v2\/media?parent=14837"}],"wp:term":[{"taxonomy":"category","embeddable":true,"href":"https:\/\/revidigital.ielusc.br\/index.php\/wp-json\/wp\/v2\/categories?post=14837"},{"taxonomy":"post_tag","embeddable":true,"href":"https:\/\/revidigital.ielusc.br\/index.php\/wp-json\/wp\/v2\/tags?post=14837"}],"curies":[{"name":"wp","href":"https:\/\/api.w.org\/{rel}","templated":true}]}}