{"id":14848,"date":"2023-11-04T11:30:00","date_gmt":"2023-11-04T14:30:00","guid":{"rendered":"https:\/\/revidigital.ielusc.br\/?p=14848"},"modified":"2023-11-04T11:38:28","modified_gmt":"2023-11-04T14:38:28","slug":"votacao-para-o-3o-premio-ielusc-de-comunicacao-ja-esta-aberta-premiacao-sera-em-21-de-novembro","status":"publish","type":"post","link":"https:\/\/revidigital.ielusc.br\/index.php\/2023\/11\/04\/votacao-para-o-3o-premio-ielusc-de-comunicacao-ja-esta-aberta-premiacao-sera-em-21-de-novembro\/","title":{"rendered":"Vota\u00e7\u00e3o para o 3\u00ba Pr\u00eamio Ielusc de Comunica\u00e7\u00e3o j\u00e1 est\u00e1 aberta; premia\u00e7\u00e3o ser\u00e1 em 21 de novembro"},"content":{"rendered":"\n<p>Com o objetivo de reconhecer e homenagear jornalistas e publicit\u00e1rios formados pela Faculdade Ielusc ao longo dos 25 anos de hist\u00f3ria dos cursos, a Faculdade Ielusc realiza o 3\u00ba Pr\u00eamio Ielusc de Comunica\u00e7\u00e3o. Ao todo, concorrem 76 egressos, sendo 36 jornalistas disputando em 12 categorias e 40 publicit\u00e1rios divididos em 11 categorias. A vota\u00e7\u00e3o segue aberta at\u00e9 8 de novembro.&nbsp;<\/p>\n\n\n\n<p><a href=\"https:\/\/docs.google.com\/forms\/d\/e\/1FAIpQLSdYtm30MAUfvenySXmpSpfMS-NDk1KHkXcS3ScKwx6iPPShfw\/viewform\" data-type=\"link\" data-id=\"https:\/\/docs.google.com\/forms\/d\/e\/1FAIpQLSdYtm30MAUfvenySXmpSpfMS-NDk1KHkXcS3ScKwx6iPPShfw\/viewform\">Clique aqui para votar nos finalistas de Jornalismo.<\/a><\/p>\n\n\n\n<p><a href=\"https:\/\/docs.google.com\/forms\/d\/e\/1FAIpQLSc4gJYQwoySxbnUA8ACGxIKatnHSdbSsNbAyD9q2qewx8QxVw\/viewform?pli=1\" data-type=\"link\" data-id=\"https:\/\/docs.google.com\/forms\/d\/e\/1FAIpQLSc4gJYQwoySxbnUA8ACGxIKatnHSdbSsNbAyD9q2qewx8QxVw\/viewform?pli=1\">Clique aqui para votar nos finalistas de Publicidade e Propaganda. <\/a><\/p>\n\n\n\n<p>O resultado e entrega do trof\u00e9u de premia\u00e7\u00e3o ser\u00e3o realizados no dia 21, em uma confraterniza\u00e7\u00e3o no Unalome Skate Bar, no bairro Am\u00e9rica, a partir das 18h. A inten\u00e7\u00e3o da comiss\u00e3o organizadora do evento \u00e9 estimular a reuni\u00e3o de turmas para comemorar os 25 anos dos cursos.&nbsp;<\/p>\n\n\n\n<p>A primeira edi\u00e7\u00e3o do Pr\u00eamio Ielusc de Comunica\u00e7\u00e3o foi em 2013, quando os cursos completaram 15 anos de funda\u00e7\u00e3o. J\u00e1 em 2018, a segunda edi\u00e7\u00e3o consagrou os profissionais de destaque como parte das comemora\u00e7\u00f5es dos 20 anos.&nbsp;<\/p>\n\n\n\n<p><strong><em>Confira os finalistas de Jornalismo por categoria:&nbsp;<\/em><\/strong><\/p>\n\n\n\n<p><strong>Produ\u00e7\u00e3o Liter\u00e1ria: <\/strong>Jo\u00e3o Batista, Katherine Funke, Salvador Neto<\/p>\n\n\n\n<p><strong>Produ\u00e7\u00e3o de Conte\u00fado: <\/strong>Camila Campos, Leandro Ferreira, Raquel Ramos<\/p>\n\n\n\n<p><strong>Fotografia: <\/strong>Camila Freitas, Heloisa Krzeminski, Luiza Martin<\/p>\n\n\n\n<p><strong>Empreendedorismo em Comunica\u00e7\u00e3o:<\/strong> Ednei Knop, Emilin Souza, Marco Aur\u00e9lio Braga<\/p>\n\n\n\n<p><strong>Produ\u00e7\u00e3o Audiovisual:<\/strong> Nathan Farias, Fabr\u00edcio Porto, Yan Pedro Kuhnen Medeiros<\/p>\n\n\n\n<p><strong>R\u00e1dio: <\/strong>Israel Antunes, Jota Deschamps, Marcos Pereira<\/p>\n\n\n\n<p><strong>Telejornalismo:<\/strong> Andr\u00e9 Lux, Drika Evarini, Sabrina Aguiar<\/p>\n\n\n\n<p><strong>Jornalismo Digital: <\/strong>Leandro Schmitz, Renata Bomfim, Sabrina Quariniri<\/p>\n\n\n\n<p><strong>Jornalismo Impresso:<\/strong> Elton Carvalho, Kevin Banruque, Robson Bonin<\/p>\n\n\n\n<p><strong>Assessoria de Comunica\u00e7\u00e3o: <\/strong>Ariane Pereira, Josi Tromm, Vitor Forcelini<\/p>\n\n\n\n<p><strong>Pesquisa\/Doc\u00eancia: <\/strong>Maiara Maduro, Matheus S. Mello, Jo\u00e3o Kamradt<\/p>\n\n\n\n<p><strong>Influencer:<\/strong> Annabel Nascimento, Emilin Schmitz, Jonas Raitz<\/p>\n\n\n\n<p><\/p>\n\n\n\n<p><strong><em>Confira os finalistas de Publicidade e Propaganda por categoria:&nbsp;<\/em><\/strong><\/p>\n\n\n\n<p><strong>Reda\u00e7\u00e3o:<\/strong> Ana Rosa Montagnoli, Evaldo Neto, Luis Augusto Vieira, Priscila Coral&nbsp;<\/p>\n\n\n\n<p><strong>Atendimento: <\/strong>Eduardo Borges, Fernanda Elias, Gabriela Faccio, J\u00f3ice Karine Martins&nbsp;<\/p>\n\n\n\n<p><strong>Dire\u00e7\u00e3o de Arte: <\/strong>Carolina de Oliveira, Everthon Ziehlsdorff, Gabriel Bodnar, Welinton do Nascimento&nbsp;<\/p>\n\n\n\n<p><strong>Empreendedorismo:<\/strong> Kalina Grabowski, Simara Miguel, Thiago Firmo, Vin\u00edcius Ponick&nbsp;<\/p>\n\n\n\n<p><strong>Ve\u00edculos:<\/strong> C\u00e9sar Wild, Luiz Fernando Lenz, Felipe Duarte&nbsp;<\/p>\n\n\n\n<p><strong>Digital:<\/strong> Renata de Camargo, Simara Miguel, Vinicius Delmonego, Vit\u00f3ria Bernardo Antunes&nbsp;<\/p>\n\n\n\n<p><strong>Marketing: <\/strong>Amanda Steurnegel, Juliana Priester, Luiz Fernando Moreira, Luiz Miguel Luciano&nbsp;<\/p>\n\n\n\n<p><strong>Planejamento:<\/strong> J\u00falia Helena de Oliveira, Lorena Fanhani, Luciane Abreu&nbsp;<\/p>\n\n\n\n<p><strong>Acad\u00eamico\/Cultural: <\/strong>Pedro Gon\u00e7alves Neto, Ricardo Steiner, Sylvana Albuquerque&nbsp;<\/p>\n\n\n\n<p><strong>M\u00eddia:<\/strong> Jeane Correa, Pedro Santana, Samid Borinelli, Tha\u00eds Koening&nbsp;<\/p>\n\n\n\n<p><strong>Influencer Digital: <\/strong>Jade Soares, Ju Pamplona, Maria Luiza Saade&nbsp;<\/p>\n","protected":false},"excerpt":{"rendered":"<p>Com o objetivo de reconhecer e homenagear jornalistas e publicit\u00e1rios formados pela Faculdade Ielusc ao longo dos 25 anos de hist\u00f3ria dos cursos, a Faculdade Ielusc realiza o 3\u00ba Pr\u00eamio Ielusc de Comunica\u00e7\u00e3o. Ao todo, concorrem 76 egressos, sendo 36 jornalistas disputando em 12 categorias e 40 publicit\u00e1rios divididos em 11 categorias. A vota\u00e7\u00e3o segue [&hellip;]<\/p>\n","protected":false},"author":1,"featured_media":14850,"comment_status":"open","ping_status":"open","sticky":false,"template":"","format":"standard","meta":{"footnotes":""},"categories":[97,20,127,11],"tags":[1577,1812,1807,79,832],"_links":{"self":[{"href":"https:\/\/revidigital.ielusc.br\/index.php\/wp-json\/wp\/v2\/posts\/14848"}],"collection":[{"href":"https:\/\/revidigital.ielusc.br\/index.php\/wp-json\/wp\/v2\/posts"}],"about":[{"href":"https:\/\/revidigital.ielusc.br\/index.php\/wp-json\/wp\/v2\/types\/post"}],"author":[{"embeddable":true,"href":"https:\/\/revidigital.ielusc.br\/index.php\/wp-json\/wp\/v2\/users\/1"}],"replies":[{"embeddable":true,"href":"https:\/\/revidigital.ielusc.br\/index.php\/wp-json\/wp\/v2\/comments?post=14848"}],"version-history":[{"count":2,"href":"https:\/\/revidigital.ielusc.br\/index.php\/wp-json\/wp\/v2\/posts\/14848\/revisions"}],"predecessor-version":[{"id":14852,"href":"https:\/\/revidigital.ielusc.br\/index.php\/wp-json\/wp\/v2\/posts\/14848\/revisions\/14852"}],"wp:featuredmedia":[{"embeddable":true,"href":"https:\/\/revidigital.ielusc.br\/index.php\/wp-json\/wp\/v2\/media\/14850"}],"wp:attachment":[{"href":"https:\/\/revidigital.ielusc.br\/index.php\/wp-json\/wp\/v2\/media?parent=14848"}],"wp:term":[{"taxonomy":"category","embeddable":true,"href":"https:\/\/revidigital.ielusc.br\/index.php\/wp-json\/wp\/v2\/categories?post=14848"},{"taxonomy":"post_tag","embeddable":true,"href":"https:\/\/revidigital.ielusc.br\/index.php\/wp-json\/wp\/v2\/tags?post=14848"}],"curies":[{"name":"wp","href":"https:\/\/api.w.org\/{rel}","templated":true}]}}