{"id":14880,"date":"2023-11-11T00:58:00","date_gmt":"2023-11-11T03:58:00","guid":{"rendered":"https:\/\/revidigital.ielusc.br\/?p=14880"},"modified":"2024-03-18T17:07:23","modified_gmt":"2024-03-18T20:07:23","slug":"edwin-vai-da-tempestade-a-reclusao-na-sua-musica","status":"publish","type":"post","link":"https:\/\/revidigital.ielusc.br\/index.php\/2023\/11\/11\/edwin-vai-da-tempestade-a-reclusao-na-sua-musica\/","title":{"rendered":"Edwin vai da tempestade \u00e0 reclus\u00e3o na sua m\u00fasica"},"content":{"rendered":"\n<p><strong><em>Por Fagner Ramos<\/em><\/strong><\/p>\n\n\n\n<p>Edwin de Paula lan\u00e7ou um disco em 2022, o Telecorsa, nas plataformas digitais, um trabalho muito elogiado e bem recebido pela cr\u00edtica. Um disco de pop n\u00e3o convencional, profundo, \u00e0s vezes soando at\u00e9 pretensioso para um artista independente \u2014 e pretens\u00e3o faz bem para um artista \u2014 mas que, ao mesmo tempo, poderia ser mais ouvido e apreciado por mais pessoas.<\/p>\n\n\n\n<p>\u00c9 a\u00ed que mora um problema inquietante para todo artista independente. Como sair de uma bolha \u00ednfima, e atrair aten\u00e7\u00e3o fazendo m\u00fasica de qualidade? Sim, alguns conseguem, se tiver nascido entre as maiores conjun\u00e7\u00f5es astrais e universais, ou por outros fatores que n\u00e3o caberiam agora.<\/p>\n\n\n\n<p>Situa\u00e7\u00f5es como esta moldam a carreira do artista, para o bem ou para o mal. No caso do Edwin, o fato da m\u00fasica n\u00e3o chegar onde ela mereceria estar, frustra, mas, ao mesmo tempo, fez ele ficar recluso, com um sentimento de p\u00e9s no ch\u00e3o, t\u00e3o necess\u00e1rio para criatividade e para a sua sanidade. Esse assunto e outros, foram ditos na entrevista ao SOM AO REDOR, que voc\u00ea pode conferir abaixo.<\/p>\n\n\n\n<figure class=\"wp-block-embed is-type-rich is-provider-spotify wp-block-embed-spotify wp-embed-aspect-21-9 wp-has-aspect-ratio\"><div class=\"wp-block-embed__wrapper\">\n<iframe title=\"Spotify Embed: Som ao redor #3 Edwin de Paula\" style=\"border-radius: 12px\" width=\"100%\" height=\"152\" frameborder=\"0\" allowfullscreen allow=\"autoplay; clipboard-write; encrypted-media; fullscreen; picture-in-picture\" loading=\"lazy\" src=\"https:\/\/open.spotify.com\/embed\/episode\/5tO2RAQLX9frQ4rq01ERcJ?si=9g-KAQLcRT63ScD5FNSqIQ&#038;utm_source=oembed\"><\/iframe>\n<\/div><\/figure>\n\n\n\n<p>Em fevereiro deste ano, Edwin lan\u00e7ou uma releitura de Time Has Told Me, uma can\u00e7\u00e3o de Nick Drake, um artista que se assemelha em muitos aspectos \u2014 se n\u00e3o musicais \u2014 filos\u00f3ficos e emocionais com Edwin.<\/p>\n\n\n\n<p>Em setembro, disponibilizou nas plataformas, o single de Tempestade Solar, uma p\u00e9rola com influ\u00eancias folk, que me lembrou Mumford &amp; Sons com Lumineers. Uma mistura do barroco com o contempor\u00e2neo, com uma densidade vocal que transpira sentimentos e cita\u00e7\u00f5es po\u00e9ticas, tudo isso amplificado pelo belo clipe que Edwin lan\u00e7ou da m\u00fasica, com imagens gravadas no interior do Paran\u00e1, produ\u00e7\u00e3o de seu companheiro, Jean Carlos.<\/p>\n\n\n\n<figure class=\"wp-block-embed is-type-video is-provider-youtube wp-block-embed-youtube wp-embed-aspect-16-9 wp-has-aspect-ratio\"><div class=\"wp-block-embed__wrapper\">\n<iframe loading=\"lazy\" title=\"Edwin de Paula - Tempestade Solar (Official Video)\" width=\"800\" height=\"450\" src=\"https:\/\/www.youtube.com\/embed\/tAigvWrheBA?feature=oembed\" frameborder=\"0\" allow=\"accelerometer; autoplay; clipboard-write; encrypted-media; gyroscope; picture-in-picture; web-share\" allowfullscreen><\/iframe>\n<\/div><\/figure>\n\n\n\n<p>Edwin de Paula \u00e9 um artista no sentido literal da palavra, e uma pessoa que vive seus medos, traumas, frustra\u00e7\u00f5es, sonhos e desejos. Tem dificuldades com a matem\u00e1tica, ao mesmo tempo, em que \u00e9 professor de ingl\u00eas, foi mormom e gosta do xamanismo, flerta com a reclus\u00e3o, mas quer que sua m\u00fasica viaje por a\u00ed, percorre entre Nick Drake a Lady Gaga, e \u00e9 mais ouvido em Helsinki do que em Joinville.<\/p>\n\n\n\n<p>Edwin \u00e9 boa m\u00fasica e bom papo. Confira no podcast SOM AO REDOR.<\/p>\n","protected":false},"excerpt":{"rendered":"<p>Por Fagner Ramos Edwin de Paula lan\u00e7ou um disco em 2022, o Telecorsa, nas plataformas digitais, um trabalho muito elogiado e bem recebido pela cr\u00edtica. Um disco de pop n\u00e3o convencional, profundo, \u00e0s vezes soando at\u00e9 pretensioso para um artista independente \u2014 e pretens\u00e3o faz bem para um artista \u2014 mas que, ao mesmo tempo, [&hellip;]<\/p>\n","protected":false},"author":1,"featured_media":0,"comment_status":"open","ping_status":"open","sticky":false,"template":"","format":"standard","meta":{"footnotes":""},"categories":[97,20,1444],"tags":[1812,1807,143,25],"_links":{"self":[{"href":"https:\/\/revidigital.ielusc.br\/index.php\/wp-json\/wp\/v2\/posts\/14880"}],"collection":[{"href":"https:\/\/revidigital.ielusc.br\/index.php\/wp-json\/wp\/v2\/posts"}],"about":[{"href":"https:\/\/revidigital.ielusc.br\/index.php\/wp-json\/wp\/v2\/types\/post"}],"author":[{"embeddable":true,"href":"https:\/\/revidigital.ielusc.br\/index.php\/wp-json\/wp\/v2\/users\/1"}],"replies":[{"embeddable":true,"href":"https:\/\/revidigital.ielusc.br\/index.php\/wp-json\/wp\/v2\/comments?post=14880"}],"version-history":[{"count":1,"href":"https:\/\/revidigital.ielusc.br\/index.php\/wp-json\/wp\/v2\/posts\/14880\/revisions"}],"predecessor-version":[{"id":14882,"href":"https:\/\/revidigital.ielusc.br\/index.php\/wp-json\/wp\/v2\/posts\/14880\/revisions\/14882"}],"wp:attachment":[{"href":"https:\/\/revidigital.ielusc.br\/index.php\/wp-json\/wp\/v2\/media?parent=14880"}],"wp:term":[{"taxonomy":"category","embeddable":true,"href":"https:\/\/revidigital.ielusc.br\/index.php\/wp-json\/wp\/v2\/categories?post=14880"},{"taxonomy":"post_tag","embeddable":true,"href":"https:\/\/revidigital.ielusc.br\/index.php\/wp-json\/wp\/v2\/tags?post=14880"}],"curies":[{"name":"wp","href":"https:\/\/api.w.org\/{rel}","templated":true}]}}