{"id":14903,"date":"2023-11-16T18:27:30","date_gmt":"2023-11-16T21:27:30","guid":{"rendered":"https:\/\/revidigital.ielusc.br\/?p=14903"},"modified":"2023-11-16T18:28:21","modified_gmt":"2023-11-16T21:28:21","slug":"natal-2023-confira-a-programacao-e-expectativas-para-as-comemoracoes-em-joinville","status":"publish","type":"post","link":"https:\/\/revidigital.ielusc.br\/index.php\/2023\/11\/16\/natal-2023-confira-a-programacao-e-expectativas-para-as-comemoracoes-em-joinville\/","title":{"rendered":"Natal 2023: confira a programa\u00e7\u00e3o e expectativas para as comemora\u00e7\u00f5es em Joinville"},"content":{"rendered":"\n<p>O Natal de Joinville 2023 teve seu in\u00edcio no \u00faltimo domingo, dia 12. A temporada de comemora\u00e7\u00e3o come\u00e7ou a partir da liga\u00e7\u00e3o das luzes dos principais pontos de festividade na Prefeitura de Joinville. Ao longo do m\u00eas de dezembro, at\u00e9 o in\u00edcio de janeiro, v\u00e1rios locais da cidade como as principais pra\u00e7as do centro estar\u00e3o com diversas atra\u00e7\u00f5es para o p\u00fablico.&nbsp;<\/p>\n\n\n\n<p>O Natal de Joinville \u00e9 um projeto criado em 2021, com colabora\u00e7\u00e3o de diversas secretarias da cidade, se tornando um per\u00edodo mais aguardado pelo p\u00fablico, com objetivo de encher a cidade com mais alegria, luzes brilhantes e uma energia natalina contagiante. <a href=\"https:\/\/www.nataldejoinville.com.br\/\">O Natal de Joinville conta com uma p\u00e1gina na internet, onde o p\u00fablico pode ficar por dentro.<\/a>\u00a0\u00a0<\/p>\n\n\n\n<p><strong>Programa\u00e7\u00e3o\u00a0<\/strong><\/p>\n\n\n\n<p>No evento de pr\u00e9-estreia do Natal de Joinville, que aconteceu no dia 10 de outubro. Ozei Luiz da Silva, presidente do Instituto Natal Joinville, falou um pouco sobre a programa\u00e7\u00e3o deste ano. \u201cO Natal deste ano traz v\u00e1rias novidades como a F\u00e1brica de Brinquedos na Pra\u00e7a P\u00fablica e a F\u00e1brica de Chocolate na Pra\u00e7a Dario Salles, e vem com uma programa\u00e7\u00e3o especial para desfiles semanais, a partir do dia 12 de novembro.\u201d destacou Ozei.&nbsp;<\/p>\n\n\n\n<p>Al\u00e9m dessas f\u00e1bricas, a Pra\u00e7a Nereu Ramos ser\u00e1 o centro de outra atra\u00e7\u00e3o, a F\u00e1brica das Brincadeiras. Todas essas exibi\u00e7\u00f5es ficar\u00e3o abertas at\u00e9 o final das comemora\u00e7\u00f5es do Natal de Joinville, at\u00e9 o dia 05\/01, e estar\u00e3o abertas ao p\u00fablico de ter\u00e7a a sexta, das 17h \u00e0s 22h, e s\u00e1bado e domingo das 15h \u00e0s 22h.&nbsp;&nbsp;<\/p>\n\n\n\n<p>J\u00e1 pelos bairros da cidade, como no Atiradores onde teremos a abertura das ruas Papai Noel, no dia 24 de novembro, e a dos Duendes, no dia 1\u00ba de dezembro. J\u00e1 no bairro Floresta ter\u00e1 a Abertura Natal da Pra\u00e7a Tiradentes, no dia 1 de dezembro, a partir das 19h. E a Comunidade Silo\u00e9, apresentar\u00e1 o Espet\u00e1culo Silo\u00e9 \u2013 O Milagre de Natal, no bairro Gl\u00f3ria, dia 20 de dezembro, \u00e0s 18h.&nbsp;<\/p>\n","protected":false},"excerpt":{"rendered":"<p>O Natal de Joinville 2023 teve seu in\u00edcio no \u00faltimo domingo, dia 12. A temporada de comemora\u00e7\u00e3o come\u00e7ou a partir da liga\u00e7\u00e3o das luzes dos principais pontos de festividade na Prefeitura de Joinville. Ao longo do m\u00eas de dezembro, at\u00e9 o in\u00edcio de janeiro, v\u00e1rios locais da cidade como as principais pra\u00e7as do centro estar\u00e3o [&hellip;]<\/p>\n","protected":false},"author":29,"featured_media":14904,"comment_status":"open","ping_status":"open","sticky":false,"template":"","format":"standard","meta":{"footnotes":""},"categories":[97,88],"tags":[1577,90,48,331],"_links":{"self":[{"href":"https:\/\/revidigital.ielusc.br\/index.php\/wp-json\/wp\/v2\/posts\/14903"}],"collection":[{"href":"https:\/\/revidigital.ielusc.br\/index.php\/wp-json\/wp\/v2\/posts"}],"about":[{"href":"https:\/\/revidigital.ielusc.br\/index.php\/wp-json\/wp\/v2\/types\/post"}],"author":[{"embeddable":true,"href":"https:\/\/revidigital.ielusc.br\/index.php\/wp-json\/wp\/v2\/users\/29"}],"replies":[{"embeddable":true,"href":"https:\/\/revidigital.ielusc.br\/index.php\/wp-json\/wp\/v2\/comments?post=14903"}],"version-history":[{"count":2,"href":"https:\/\/revidigital.ielusc.br\/index.php\/wp-json\/wp\/v2\/posts\/14903\/revisions"}],"predecessor-version":[{"id":14906,"href":"https:\/\/revidigital.ielusc.br\/index.php\/wp-json\/wp\/v2\/posts\/14903\/revisions\/14906"}],"wp:featuredmedia":[{"embeddable":true,"href":"https:\/\/revidigital.ielusc.br\/index.php\/wp-json\/wp\/v2\/media\/14904"}],"wp:attachment":[{"href":"https:\/\/revidigital.ielusc.br\/index.php\/wp-json\/wp\/v2\/media?parent=14903"}],"wp:term":[{"taxonomy":"category","embeddable":true,"href":"https:\/\/revidigital.ielusc.br\/index.php\/wp-json\/wp\/v2\/categories?post=14903"},{"taxonomy":"post_tag","embeddable":true,"href":"https:\/\/revidigital.ielusc.br\/index.php\/wp-json\/wp\/v2\/tags?post=14903"}],"curies":[{"name":"wp","href":"https:\/\/api.w.org\/{rel}","templated":true}]}}