{"id":14914,"date":"2023-11-19T09:33:45","date_gmt":"2023-11-19T12:33:45","guid":{"rendered":"https:\/\/revidigital.ielusc.br\/?p=14914"},"modified":"2023-11-19T09:38:43","modified_gmt":"2023-11-19T12:38:43","slug":"conquistas-e-desafios-nova-anos-do-dia-do-empreendedorismo-feminino","status":"publish","type":"post","link":"https:\/\/revidigital.ielusc.br\/index.php\/2023\/11\/19\/conquistas-e-desafios-nova-anos-do-dia-do-empreendedorismo-feminino\/","title":{"rendered":"Conquistas e desafios: nova anos do Dia do Empreendedorismo Feminino"},"content":{"rendered":"\n<p><em>A data de comemora\u00e7\u00e3o, 19 de novembro, foi reconhecida pela Organiza\u00e7\u00e3o das Na\u00e7\u00f5es Unidas (ONU) em 2014.<\/em><\/p>\n\n\n\n<p><em>Por Luis Felipe Marques<\/em><\/p>\n\n\n\n<p>O empreendedorismo feminino pode ser entendido como os neg\u00f3cios idealizados ou administrados por mulheres. Esse movimento envolve tanto os empreendimentos fundados por elas como tamb\u00e9m a lideran\u00e7a feminina nas empresas, quando as mulheres ocupam cargos mais altos da hierarquia das organiza\u00e7\u00f5es.<\/p>\n\n\n\n<p>O Brasil foi classificado em 2020 como o s\u00e9timo pa\u00eds com o maior n\u00famero de mulheres empreendedoras, pela pesquisa <em>Global Entrepreneurship Monitor 2020<\/em>, realizada pelo Sebrae em parceria com o Instituto Brasileiro de Qualidade e Produtividade.<\/p>\n\n\n\n<p>Luciana Carvalho, \u00e9 uma empreendedora joinvilense, que se mant\u00e9m com a confeitaria caseira. Ela come\u00e7ou com uma sociedade para dividir os gastos. \u201cNo come\u00e7o tive muito medo de n\u00e3o conseguir clientes para gerar trabalho o suficiente e obter um sal\u00e1rio fixo. Recebi um convite para formar uma sociedade, trabalhamos juntas e assim foi por 10 anos. O auge foi quando eu consegui tirar um sal\u00e1rio fixo por m\u00eas. Depois decidimos encerrar a empresa, pois minha s\u00f3cia n\u00e3o queria continuar.\u201d<\/p>\n\n\n\n<p>Trabalhando desde 2015 sozinha, data que a sociedade foi encerrada, ela revela algumas dificuldades que poderia ter por trabalhar sem ajuda. \u201cEu tenho carteira de habilita\u00e7\u00e3o, fa\u00e7o minhas pr\u00f3prias compras e entregas, mas acredito que deve ser bem dif\u00edcil para as mulheres que n\u00e3o t\u00eam esse recurso.\u201d<\/p>\n\n\n\n<p>Uma pesquisa realizada pelo Sebrae, com dados do&nbsp; IBGE em 2022, aponta que as mulheres donas de seus pr\u00f3prios neg\u00f3cios ainda s\u00e3o 34% no Brasil. Isso resulta em mais de 10 milh\u00f5es de mulheres donas de seus estabelecimentos. Quando comparamos com mais de 29 milh\u00f5es de homens empreendedores, o n\u00famero ainda \u00e9 pequeno, por\u00e9m essa \u00e9 uma luta que ainda est\u00e1 em andamento.<\/p>\n\n\n\n<p>Alice Pagno, \u00e9 cabeleireira e j\u00e1 trabalhava na \u00e1rea de cabelos naturais antes de abrir o pr\u00f3prio est\u00fadio. Logo quando iniciou j\u00e1 tinha clientes do outro emprego. \u201cEu descobri que tinha muitas clientes, j\u00e1 que muitas das meninas que eu atendia estavam atr\u00e1s de mim, para descobrir onde eu estava. No in\u00edcio foi um desafio, eu estava bem insegura, pela quest\u00e3o da pandemia, por ser uma mudan\u00e7a e n\u00e3o ter a estabilidade, mas foi bem bacana.\u201d<\/p>\n\n\n\n<figure class=\"wp-block-image size-full\"><img decoding=\"async\" src=\"https:\/\/revidigital.ielusc.br\/wp-content\/uploads\/2023\/11\/WhatsApp-Image-2023-11-18-at-14.19.36.jpeg\" alt=\"\" class=\"wp-image-14915\"\/><\/figure>\n\n\n\n<p>Para Alice a maior dificuldade de ser uma empreendedora \u00e9 separar a vida pessoal da profissional, j\u00e1 que trabalha de domingo a domingo, e mesmo fora do est\u00fadio ainda estava pensando no trabalho. \u201cComo a minha empresa ainda depende muito de mim pra funcionar, esse \u00e9 o maior desafio. Hoje em dia est\u00e1 muito melhor, tenho mais pessoas na equipe, ent\u00e3o consigo delegar fun\u00e7\u00f5es. Essa parte de dividir as fun\u00e7\u00f5es tamb\u00e9m \u00e9 uma dificuldade enorme, j\u00e1 que queremos que fique tudo sempre do nosso jeitinho, ent\u00e3o confiar em outras pessoas \u00e9 muito dif\u00edcil, mas com o tempo voc\u00ea percebe que \u00e9 o melhor para n\u00e3o sobrecarregar.\u201d<\/p>\n\n\n\n<blockquote class=\"wp-block-quote\">\n<p>\u201cA mulher por si s\u00f3, j\u00e1 vem com a fun\u00e7\u00e3o que a sociedade coloca de cuidar do lar, do marido e filhos. Ent\u00e3o quando a gente decide ser empreendedora tamb\u00e9m, al\u00e9m de todos esses cuidados, ainda assumimos mais uma fun\u00e7\u00e3o. N\u00e3o s\u00e3o todas que tem a sorte de ter uma fam\u00edlia em parceria que ajude as coisas a funcionarem, e sei que por meu marido me auxiliar \u00e9 um privil\u00e9gio que nem toda mulher tem. J\u00e1 \u00e9 dif\u00edcil cuidar de uma empresa sozinha, e ainda ter que cuidar de tudo isso junto com certeza \u00e9 bem dif\u00edcil. O que n\u00e3o \u00e9 algo que homem precise se preocupar, pois saem do trabalho pra casa e j\u00e1 est\u00e1 tudo certo. Tem as exce\u00e7\u00f5es que tem a parceria com a esposa, com o tempo estamos desconstruindo para tornar isso mais comum, por\u00e9m ainda h\u00e1 muito o que evoluir\u201d, relata Alice.<\/p>\n<\/blockquote>\n\n\n\n<p>O boletim de 2023 do Sebrae sobre empreendedorismo feminino mostra que as horas trabalhadas pelas mulheres na Am\u00e9rica Latina s\u00e3o cerca de tr\u00eas vezes maiores que as horas dedicadas pelos homens. Quando chegamos no Brasil, as horas remuneradas e n\u00e3o remuneradas que s\u00e3o exercidas pelos homens s\u00e3o de 49,7 semanais, enquanto a das mulheres chegam a 53,3.<\/p>\n","protected":false},"excerpt":{"rendered":"<p>A data de comemora\u00e7\u00e3o, 19 de novembro, foi reconhecida pela Organiza\u00e7\u00e3o das Na\u00e7\u00f5es Unidas (ONU) em 2014. Por Luis Felipe Marques O empreendedorismo feminino pode ser entendido como os neg\u00f3cios idealizados ou administrados por mulheres. Esse movimento envolve tanto os empreendimentos fundados por elas como tamb\u00e9m a lideran\u00e7a feminina nas empresas, quando as mulheres ocupam [&hellip;]<\/p>\n","protected":false},"author":1,"featured_media":14918,"comment_status":"open","ping_status":"open","sticky":true,"template":"","format":"standard","meta":{"footnotes":""},"categories":[97,20,617],"tags":[21,452,23],"_links":{"self":[{"href":"https:\/\/revidigital.ielusc.br\/index.php\/wp-json\/wp\/v2\/posts\/14914"}],"collection":[{"href":"https:\/\/revidigital.ielusc.br\/index.php\/wp-json\/wp\/v2\/posts"}],"about":[{"href":"https:\/\/revidigital.ielusc.br\/index.php\/wp-json\/wp\/v2\/types\/post"}],"author":[{"embeddable":true,"href":"https:\/\/revidigital.ielusc.br\/index.php\/wp-json\/wp\/v2\/users\/1"}],"replies":[{"embeddable":true,"href":"https:\/\/revidigital.ielusc.br\/index.php\/wp-json\/wp\/v2\/comments?post=14914"}],"version-history":[{"count":1,"href":"https:\/\/revidigital.ielusc.br\/index.php\/wp-json\/wp\/v2\/posts\/14914\/revisions"}],"predecessor-version":[{"id":14916,"href":"https:\/\/revidigital.ielusc.br\/index.php\/wp-json\/wp\/v2\/posts\/14914\/revisions\/14916"}],"wp:featuredmedia":[{"embeddable":true,"href":"https:\/\/revidigital.ielusc.br\/index.php\/wp-json\/wp\/v2\/media\/14918"}],"wp:attachment":[{"href":"https:\/\/revidigital.ielusc.br\/index.php\/wp-json\/wp\/v2\/media?parent=14914"}],"wp:term":[{"taxonomy":"category","embeddable":true,"href":"https:\/\/revidigital.ielusc.br\/index.php\/wp-json\/wp\/v2\/categories?post=14914"},{"taxonomy":"post_tag","embeddable":true,"href":"https:\/\/revidigital.ielusc.br\/index.php\/wp-json\/wp\/v2\/tags?post=14914"}],"curies":[{"name":"wp","href":"https:\/\/api.w.org\/{rel}","templated":true}]}}