{"id":15181,"date":"2024-03-22T16:52:01","date_gmt":"2024-03-22T19:52:01","guid":{"rendered":"https:\/\/revidigital.ielusc.br\/?p=15181"},"modified":"2024-03-22T16:52:03","modified_gmt":"2024-03-22T19:52:03","slug":"role-da-revi-confira-a-agenda-do-fim-de-semana","status":"publish","type":"post","link":"https:\/\/revidigital.ielusc.br\/index.php\/2024\/03\/22\/role-da-revi-confira-a-agenda-do-fim-de-semana\/","title":{"rendered":"Rol\u00ea da Revi: confira a agenda do fim de semana"},"content":{"rendered":"\n<p>Neste fim de semana, 23 e 24 de mar\u00e7o, ocorrer\u00e3o v\u00e1rias atividades culturais na cidade. O destaque \u00e9 a P\u00e1scoa em Joinville, uma \u00f3tima op\u00e7\u00e3o para um passeio em fam\u00edlia. A Pra\u00e7a Lauro M\u00fcller, no Centro, estar\u00e1 toda decorada com a tem\u00e1tica de P\u00e1scoa. A programa\u00e7\u00e3o \u00e9 de atividades recreativas para as crian\u00e7as durante os dois dias, desenvolvidas pela Secretaria de Esportes (Sesporte) e a Turma do Fritz. Haver\u00e1 apresenta\u00e7\u00e3o do Coral Doces Sonhos e oficina de pintura de ovos de P\u00e1scoa. Foi orientado que cada crian\u00e7a levasse seus pr\u00f3prios ovinhos, de pl\u00e1stico ou casquinha.<\/p>\n\n\n\n<p><strong>Confira a programa\u00e7\u00e3o:<\/strong><\/p>\n\n\n\n<p><strong>S\u00e1bado, 23 de mar\u00e7o:<\/strong><\/p>\n\n\n\n<ul>\n<li>10h &#8211; 18h: Feira Criativa de P\u00e1scoa;<\/li>\n\n\n\n<li>10h &#8211; 17h: Atividades recreativas com a Sesporte;&nbsp;<\/li>\n\n\n\n<li>14h &#8211; 17h: Oficinas Criativas com a Turma do Fritz;<\/li>\n\n\n\n<li>17h : Apresenta\u00e7\u00e3o do coral da Escola Doce Som.<\/li>\n<\/ul>\n\n\n\n<p><strong>Domingo, 24 de mar\u00e7o:<\/strong><\/p>\n\n\n\n<ul>\n<li>10h &#8211; 18h: Feira Criativa de P\u00e1scoa;<\/li>\n\n\n\n<li>14h &#8211; 17h : Oficinas Criativas com a Turma do Fritz.<\/li>\n<\/ul>\n\n\n\n<figure class=\"wp-block-image size-full\"><img decoding=\"async\" loading=\"lazy\" width=\"965\" height=\"494\" src=\"https:\/\/revidigital.ielusc.br\/wp-content\/uploads\/2024\/03\/Captura-da-Web_22-3-2024_14534_.jpeg\" alt=\"\" class=\"wp-image-15196\" \/><figcaption class=\"wp-element-caption\">Decora\u00e7\u00e3o de P\u00e1scoa na Pra\u00e7a Lauro M\u00fcller. Cr\u00e9ditos: Prefeitura de Joinville<\/figcaption><\/figure>\n\n\n\n<h2 class=\"wp-block-heading\"><strong>Jogo dos crias do JEC<\/strong><\/h2>\n\n\n\n<p>Aos tricolores apaixonados, as partidas do Joinville Esporte Clube contra o Na\u00e7\u00e3o Esportes pelo Campeonato Catarinense ocorrem neste domingo, 24, no CT Vilson Flor\u00eancio. O time sub-15 joga \u00e0s 9h, e mais tarde o sub-17, \u00e0s 11h.<\/p>\n\n\n\n<h2 class=\"wp-block-heading\"><strong>Curso para gestantes<\/strong><\/h2>\n\n\n\n<p>Para os papais, tem um curso de Gestantes no Garten Shopping, GS Working, totalmente gratuito, com o objetivo de orientar as fam\u00edlias sobre o momento do parto. Nesta edi\u00e7\u00e3o do curso, conduzido pelas doulas Isis Guarneri, Malu Leal e Elo\u00e1 Rosa, ser\u00e1 compartilhado informa\u00e7\u00f5es sobre o parto humanizado. Acontece neste s\u00e1bado, 23, \u00e0s 14h.&nbsp;<\/p>\n\n\n\n<p>Inscri\u00e7\u00f5es <a href=\"https:\/\/www.sympla.com.br\/evento\/curso-de-gestantes-edicao-marco-2024\/2382103?referrer=www.gartenshopping.com.br&amp;referrer=www.gartenshopping.com.br\">no site do Garten Shopping<\/a>.<\/p>\n\n\n\n<h2 class=\"wp-block-heading\"><strong>Palestra de fotografia<\/strong><\/h2>\n\n\n\n<p>Os interessados em fotografia podem comparecer \u00e0 palestra sobre fotografia que ocorre na Galeria 33, no bairro Gl\u00f3ria. \u201cCiclos de Palestras: Hist\u00f3ria da Arte e Fotografia nos s\u00e9culos XX e XXI&#8221;, vai contar com quatro palestras presenciais e um \u201cWorkshop de Fotografia de Dan\u00e7a em est\u00fadio&#8221;, com um total de 12 horas de forma\u00e7\u00e3o.<\/p>\n\n\n\n<p><strong>Confira a programa\u00e7\u00e3o:<\/strong><\/p>\n\n\n\n<p><strong>S\u00e1bado, 23 de mar\u00e7o:<\/strong><\/p>\n\n\n\n<ul>\n<li>10h &#8211; 12h: Fotografia de Carnaval de Escolas de Samba: Registros e Po\u00e9ticas &#8211; Parte I, por Enel\u00e9o Alcides;<\/li>\n\n\n\n<li>14h &#8211; 16h: A Teoria da Cor no Conjunto Est\u00e9tico das Escolas de Samba, por Fernando Albalustro;<\/li>\n\n\n\n<li>16h30 &#8211; 18h30: Carnaval: Mem\u00f3ria e Imagina\u00e7\u00e3o pelos Registros Pict\u00f3ricos, por Ros\u00e2ngela Cherem.<\/li>\n<\/ul>\n\n\n\n<p><strong>Domingo, 24 de mar\u00e7o:<\/strong><\/p>\n\n\n\n<ul>\n<li>10h &#8211; 12h: Fotografia de Carnaval de Escolas de Samba: Registros e Po\u00e9ticas &#8211; Parte II, por Enel\u00e9o Alcides;<\/li>\n\n\n\n<li>14h &#8211; 18h: Movimento na Fotografia de Dan\u00e7a em Est\u00fadio &#8211; Primeiros Passos, por Alceu Bett.<\/li>\n<\/ul>\n\n\n\n<p>As inscri\u00e7\u00f5es s\u00e3o gratuitas, <a href=\"https:\/\/www.sympla.com.br\/evento\/ciclos-de-palestras-historia-da-arte-e-fotografia-nos-seculos-xx-e-xxi\/2365554?referrer=www.google.com\">via Sympla.<\/a><\/p>\n\n\n\n<h2 class=\"wp-block-heading\"><strong>2\u00aa Edi\u00e7\u00e3o do St Patrick&#8217;s Day<\/strong><\/h2>\n\n\n\n<p>O evento que celebra o Dia do Padroeiro da Irlanda, S\u00e3o Patr\u00edcio, reserva in\u00fameras atra\u00e7\u00f5es neste domingo, 24. A 2\u00aa edi\u00e7\u00e3o do St Patrick&#8217;s Day est\u00e1 confirmada para acontecer na Pra\u00e7a Dario Salles, das 11h \u00e0s 21h. Ter\u00e1 muitas op\u00e7\u00f5es de gastronomia, e chope, \u00e9 claro. Em homenagem \u00e0 tradi\u00e7\u00e3o, o chope verde \u00e9 uma das principais atra\u00e7\u00f5es. Entrada totalmente gratuita.<\/p>\n\n\n\n<p>Confira a programa\u00e7\u00e3o:<\/p>\n\n\n\n<ul>\n<li>11h: Dj Gerson Jr;<\/li>\n\n\n\n<li>12h: Banda Albann3z Rock Trio;<\/li>\n\n\n\n<li>14h: Banda Terra Celta Folk Rock;<\/li>\n\n\n\n<li>16h30: Banda Black Tainha;<\/li>\n\n\n\n<li>19h: Banda Suits Pop\/Rock.<\/li>\n<\/ul>\n\n\n\n<h2 class=\"wp-block-heading\"><strong>Trilha guiada<\/strong><\/h2>\n\n\n\n<p>Destinados aos radicais, neste s\u00e1bado, 23, no Baixo Quiriri, acontece a trilha guiada da Cachoeira Quiriri, das 8h \u00e0s13h, com uma dist\u00e2ncia de 7 km (ida e volta). O valor \u00e9 de R$75 por pessoa e a reserva deve ser feita pelo WhatsApp do Quiriri Eco Parque (47 99911-2332).<\/p>\n\n\n\n<h2 class=\"wp-block-heading\"><strong>Futebol americano<\/strong><\/h2>\n\n\n\n<p>Ap\u00f3s a derrota do time joinvilense contra o Coritiba Crocodiles, o Gladiators Futebol Americano pode se redimir neste final de semana. O time de Joinville enfrenta o Paran\u00e1 Saints, no s\u00e1bado, 23, a partir das 14h30, no Gr\u00eamio Whirlpool. A entrada \u00e9 gratuita para a popula\u00e7\u00e3o.<\/p>\n","protected":false},"excerpt":{"rendered":"<p>Neste fim de semana, 23 e 24 de mar\u00e7o, ocorrer\u00e3o v\u00e1rias atividades culturais na cidade. O destaque \u00e9 a P\u00e1scoa em Joinville, uma \u00f3tima op\u00e7\u00e3o para um passeio em fam\u00edlia. A Pra\u00e7a Lauro M\u00fcller, no Centro, estar\u00e1 toda decorada com a tem\u00e1tica de P\u00e1scoa. A programa\u00e7\u00e3o \u00e9 de atividades recreativas para as crian\u00e7as durante os [&hellip;]<\/p>\n","protected":false},"author":32,"featured_media":15198,"comment_status":"open","ping_status":"open","sticky":false,"template":"","format":"standard","meta":{"footnotes":""},"categories":[14,88,78],"tags":[],"_links":{"self":[{"href":"https:\/\/revidigital.ielusc.br\/index.php\/wp-json\/wp\/v2\/posts\/15181"}],"collection":[{"href":"https:\/\/revidigital.ielusc.br\/index.php\/wp-json\/wp\/v2\/posts"}],"about":[{"href":"https:\/\/revidigital.ielusc.br\/index.php\/wp-json\/wp\/v2\/types\/post"}],"author":[{"embeddable":true,"href":"https:\/\/revidigital.ielusc.br\/index.php\/wp-json\/wp\/v2\/users\/32"}],"replies":[{"embeddable":true,"href":"https:\/\/revidigital.ielusc.br\/index.php\/wp-json\/wp\/v2\/comments?post=15181"}],"version-history":[{"count":5,"href":"https:\/\/revidigital.ielusc.br\/index.php\/wp-json\/wp\/v2\/posts\/15181\/revisions"}],"predecessor-version":[{"id":15197,"href":"https:\/\/revidigital.ielusc.br\/index.php\/wp-json\/wp\/v2\/posts\/15181\/revisions\/15197"}],"wp:featuredmedia":[{"embeddable":true,"href":"https:\/\/revidigital.ielusc.br\/index.php\/wp-json\/wp\/v2\/media\/15198"}],"wp:attachment":[{"href":"https:\/\/revidigital.ielusc.br\/index.php\/wp-json\/wp\/v2\/media?parent=15181"}],"wp:term":[{"taxonomy":"category","embeddable":true,"href":"https:\/\/revidigital.ielusc.br\/index.php\/wp-json\/wp\/v2\/categories?post=15181"},{"taxonomy":"post_tag","embeddable":true,"href":"https:\/\/revidigital.ielusc.br\/index.php\/wp-json\/wp\/v2\/tags?post=15181"}],"curies":[{"name":"wp","href":"https:\/\/api.w.org\/{rel}","templated":true}]}}