{"id":15323,"date":"2024-04-22T15:28:46","date_gmt":"2024-04-22T18:28:46","guid":{"rendered":"https:\/\/revidigital.ielusc.br\/?p=15323"},"modified":"2024-10-08T16:42:29","modified_gmt":"2024-10-08T19:42:29","slug":"100-anos-da-resposta-historica-conheca-a-historia-que-colocou-o-vasco-como-pioneiro-na-luta-contra-o-racismo","status":"publish","type":"post","link":"https:\/\/revidigital.ielusc.br\/index.php\/2024\/04\/22\/100-anos-da-resposta-historica-conheca-a-historia-que-colocou-o-vasco-como-pioneiro-na-luta-contra-o-racismo\/","title":{"rendered":"100 anos da Resposta Hist\u00f3rica: conhe\u00e7a a hist\u00f3ria que colocou o Vasco como pioneiro na luta contra o racismo"},"content":{"rendered":"\n<p><strong><em>Por Vinicius Vigineski<\/em><\/strong><\/p>\n\n\n\n<p>A Resposta Hist\u00f3rica foi uma carta enviada por Luiz Augusto Prestes, presidente do Clube de Regatas Vasco da Gama, \u00e0 AMEA. Na carta, o Vasco se abdicava do direito de disputar uma nova liga criada por clubes da elite carioca e se recusava a excluir doze atletas negros e oper\u00e1rios de seu plantel.<\/p>\n\n\n\n<p>Campe\u00e3o carioca em 1923 com uma campanha avassaladora, com apenas uma derrota, o Vasco tinha em seu elenco jogadores negros e de origem pobre, vendo seu dom\u00ednio ser amea\u00e7ado por um novo clube, que n\u00e3o tinha tanta tradi\u00e7\u00e3o no esporte e nem o calibre monet\u00e1rio dos outros, os diretores de cinco clubes sendo eles Am\u00e9rica, Bangu, Botafogo, Fluminense e Flamengo, resolveram criar uma nova liga a Associa\u00e7\u00e3o Metropolitana de Esportes Ath\u00e9ticos (AMEA) para excluir o Vasco de suas competi\u00e7\u00f5es.<\/p>\n\n\n\n<figure class=\"wp-block-image size-full\"><img decoding=\"async\" loading=\"lazy\" width=\"1075\" height=\"630\" src=\"https:\/\/revidigital.ielusc.br\/wp-content\/uploads\/2024\/04\/I0025515-1-0-000630-001075-001994-003402.jpg\" alt=\"\" class=\"wp-image-15324\"\/><figcaption class=\"wp-element-caption\">credito: Arquivo do Vasco da Gama<\/figcaption><\/figure>\n\n\n\n<p><br>De acordo com informa\u00e7\u00f5es contidas no site oficial do time carioca, inicialmente a principal implic\u00e2ncia da nova liga foi a falta de um est\u00e1dio pr\u00f3prio, o que gerou a constru\u00e7\u00e3o de S\u00e3o Janu\u00e1rio, o maior est\u00e1dio da Am\u00e9rica Latina anos depois. Al\u00e9m disso os rivais pediam a exclus\u00e3o de doze jogadores, que por \u201cacaso\u201d eram todos negros ou brancos de origem oper\u00e1ria, onde segundo a pr\u00f3pria liga os jogadores \u201c estariam em desacordo com os padr\u00f5es morais necess\u00e1rios para a pratica do futebol\u201d.<\/p>\n\n\n\n<p>Diante destas condi\u00e7\u00f5es impostas pelos outros clubes, o presidente Prestes enviou uma carta para a liga desistindo se sua participa\u00e7\u00e3o, pois o clube n\u00e3o concordava com tais exig\u00eancias, fazendo com que o vasco voltasse a disputar ligas de menor express\u00e3o no Estado do Rio de Janeiro, sendo aceito novamente na liga anos depois, sem tais determina\u00e7\u00f5es ap\u00f3s uma press\u00e3o popular dos torcedores.<\/p>\n\n\n\n<h2 class=\"wp-block-heading\"><strong>Confira a carta na \u00edntegra:<\/strong><\/h2>\n\n\n\n<p><em>Rio de Janeiro, 7 de Abril de 1924.<\/em><\/p>\n\n\n\n<p><em>Officio No 261<\/em><\/p>\n\n\n\n<p><em>Exmo. Snr. Dr. Arnaldo Guinle, M. D. Presidente da Associa\u00e7\u00e3o Metropolitana de Esportes Athleticos.<\/em><\/p>\n\n\n\n<p><em>As resolu\u00e7\u00f5es divulgadas hoje pela Imprensa, tomadas em reuni\u00e3o de hontem pelos altos poderes da Associa\u00e7\u00e3o a que V. Exa. t\u00e3o dignamente preside, collocam o Club de Regatas Vasco da Gama numa tal situa\u00e7\u00e3o de inferioridade, que absolutamente n\u00e3o pode ser justificada, nem pelas defficiencias do nosso campo, nem pela simplicidade da nossa s\u00e9de, nem pela condi\u00e7\u00e3o modesta de grande numero dos nossos associados.<\/em><\/p>\n\n\n\n<p><em>Os previlegios concedidos aos cinco clubs fundadores da A.M.E.A., e a forma porque ser\u00e1 exercido o direito de discuss\u00e3o a voto, e feitas as futuras classifica\u00e7\u00f5es, obrigam-nos a lavrar o nosso protesto contra as citadas resolu\u00e7\u00f5es.<\/em><\/p>\n\n\n\n<p><em>Quanto \u00e1 condi\u00e7\u00e3o de eliminarmos doze dos nossos jogadores das nossas equipes, resolveu por unanimidade a Directoria do C.R. Vasco da Gama n\u00e3o a dever acceitar, por n\u00e3o se conformar com o processo porque foi feita a investiga\u00e7\u00e3o das posi\u00e7\u00f5es sociaes desses nossos consocios, investiga\u00e7\u00e3o levada a um tribunal onde n\u00e3o tiveram nem representa\u00e7\u00e3o nem defesa.<\/em><\/p>\n\n\n\n<p><em>Estamos certos que V. Exa. ser\u00e1 o primeiro a reconhecer que seria um acto pouco digno da nossa parte, sacrificar ao desejo de fazer parte da A.M.E.A., alguns dos que luctaram para que tivessemos entre outras victorias, a do Campeonato de Foot-Ball da Cidade do Rio de Janeiro de 1923.<\/em><\/p>\n\n\n\n<p><em>S\u00e3o esses doze jogadores, jovens, quasi todos brasileiros, no come\u00e7o de sua carreira, e o acto publico que os pode macular, nunca ser\u00e1 praticado com a solidariedade dos que dirigem a casa que os acolheu, nem sob o pavilh\u00e3o que elles com tanta galhardia cobriram de glorias.<\/em><\/p>\n\n\n\n<p><em>Nestes termos, sentimos ter que comunicar a V. Exa. que desistimos de fazer parte da A.M.E.A.<\/em><\/p>\n\n\n\n<p><em>Queira V. Exa. acceitar os protestos da maior considera\u00e7\u00e3o estima de quem tem a honra de subscrever<\/em><\/p>\n\n\n\n<p><em>De V. Exa. Atto Vnr., Obrigado.<\/em><\/p>\n\n\n\n<p><em>Jos\u00e9 Augusto Prestes<\/em><\/p>\n\n\n\n<p><em>Presidente.<\/em><\/p>\n\n\n\n<p>Para comemorar o centen\u00e1rio deste ato hist\u00f3rico, o Vasco organizou em seu museu uma exposi\u00e7\u00e3o com os documentos originais que s\u00e3o preservados pelo clube, al\u00e9m de diversos conte\u00fados em suas redes sociais contando com um v\u00eddeo em manifesto sobre a causa anti racista.<\/p>\n\n\n\n<figure class=\"wp-block-embed is-type-video is-provider-youtube wp-block-embed-youtube wp-embed-aspect-16-9 wp-has-aspect-ratio\"><div class=\"wp-block-embed__wrapper\">\n<iframe loading=\"lazy\" title=\"MANIFESTO CENTEN\u00c1RIO REPOSTA HIST\u00d3RICA | Coragem Pra Lutar\" width=\"800\" height=\"450\" src=\"https:\/\/www.youtube.com\/embed\/IH4llkOquSY?feature=oembed\" frameborder=\"0\" allow=\"accelerometer; autoplay; clipboard-write; encrypted-media; gyroscope; picture-in-picture; web-share\" referrerpolicy=\"strict-origin-when-cross-origin\" allowfullscreen><\/iframe>\n<\/div><\/figure>\n","protected":false},"excerpt":{"rendered":"<p>Por Vinicius Vigineski A Resposta Hist\u00f3rica foi uma carta enviada por Luiz Augusto Prestes, presidente do Clube de Regatas Vasco da Gama, \u00e0 AMEA. Na carta, o Vasco se abdicava do direito de disputar uma nova liga criada por clubes da elite carioca e se recusava a excluir doze atletas negros e oper\u00e1rios de seu [&hellip;]<\/p>\n","protected":false},"author":1,"featured_media":15328,"comment_status":"open","ping_status":"open","sticky":false,"template":"","format":"standard","meta":{"footnotes":""},"categories":[88,46,11],"tags":[],"_links":{"self":[{"href":"https:\/\/revidigital.ielusc.br\/index.php\/wp-json\/wp\/v2\/posts\/15323"}],"collection":[{"href":"https:\/\/revidigital.ielusc.br\/index.php\/wp-json\/wp\/v2\/posts"}],"about":[{"href":"https:\/\/revidigital.ielusc.br\/index.php\/wp-json\/wp\/v2\/types\/post"}],"author":[{"embeddable":true,"href":"https:\/\/revidigital.ielusc.br\/index.php\/wp-json\/wp\/v2\/users\/1"}],"replies":[{"embeddable":true,"href":"https:\/\/revidigital.ielusc.br\/index.php\/wp-json\/wp\/v2\/comments?post=15323"}],"version-history":[{"count":4,"href":"https:\/\/revidigital.ielusc.br\/index.php\/wp-json\/wp\/v2\/posts\/15323\/revisions"}],"predecessor-version":[{"id":15980,"href":"https:\/\/revidigital.ielusc.br\/index.php\/wp-json\/wp\/v2\/posts\/15323\/revisions\/15980"}],"wp:featuredmedia":[{"embeddable":true,"href":"https:\/\/revidigital.ielusc.br\/index.php\/wp-json\/wp\/v2\/media\/15328"}],"wp:attachment":[{"href":"https:\/\/revidigital.ielusc.br\/index.php\/wp-json\/wp\/v2\/media?parent=15323"}],"wp:term":[{"taxonomy":"category","embeddable":true,"href":"https:\/\/revidigital.ielusc.br\/index.php\/wp-json\/wp\/v2\/categories?post=15323"},{"taxonomy":"post_tag","embeddable":true,"href":"https:\/\/revidigital.ielusc.br\/index.php\/wp-json\/wp\/v2\/tags?post=15323"}],"curies":[{"name":"wp","href":"https:\/\/api.w.org\/{rel}","templated":true}]}}