{"id":15325,"date":"2024-04-22T19:04:13","date_gmt":"2024-04-22T22:04:13","guid":{"rendered":"https:\/\/revidigital.ielusc.br\/?p=15325"},"modified":"2024-04-22T19:04:14","modified_gmt":"2024-04-22T22:04:14","slug":"no-mes-de-conscientizacao-do-autismo-jornalista-lanca-documentario-sobre-diagnostico-tardio","status":"publish","type":"post","link":"https:\/\/revidigital.ielusc.br\/index.php\/2024\/04\/22\/no-mes-de-conscientizacao-do-autismo-jornalista-lanca-documentario-sobre-diagnostico-tardio\/","title":{"rendered":"No m\u00eas de conscientiza\u00e7\u00e3o do autismo, jornalista lan\u00e7a document\u00e1rio sobre diagn\u00f3stico tardio\u00a0"},"content":{"rendered":"\n<p><strong><em>Por Arthur Lincoln Ferreira&nbsp;<\/em><\/strong><\/p>\n\n\n\n<p>Desde 2007, 2 de abril \u00e9 considerado o Dia da Conscientiza\u00e7\u00e3o do Autismo pela ONU (Organiza\u00e7\u00e3o das Na\u00e7\u00f5es Unidas). O objetivo \u00e9 informar a popula\u00e7\u00e3o para quebrar discrimina\u00e7\u00f5es e preconceitos com as pessoas que possuem TEA (Transtorno do Espectro Autista). H\u00e1 quatro anos, entidades envolvidas com a campanha seguem com um tema \u00fanico nas redes sociais, esse ano foi #AutistaValorizeCapacidade. Essa campanha ocorre em outros lugares do mundo, iluminando de azul importantes monumentos, como o Empire State Building, nos EUA, a Torre Eiffel, na Fran\u00e7a, as pir\u00e2mides do Egito. No Brasil, a campanha \u00e9 realizada no Cristo Redentor.<\/p>\n\n\n\n<p>Em Santa Catarina, o jornalista e egresso da Faculdade IELUSC, Herison Shorr produziu um document\u00e1rio com o nome \u201cPerdidos na Floresta &#8211; A caminho do precip\u00edcio\u201d, na qual retrata as dificuldades dos jovens em estarem vivendo atualmente em um espa\u00e7o hostil sem uma representa\u00e7\u00e3o de confian\u00e7a.<\/p>\n\n\n\n<figure class=\"wp-block-embed is-type-video is-provider-youtube wp-block-embed-youtube wp-embed-aspect-16-9 wp-has-aspect-ratio\"><div class=\"wp-block-embed__wrapper\">\n<iframe loading=\"lazy\" title=\"Perdidos na Floresta - A caminho do precip\u00edcio\" width=\"800\" height=\"450\" src=\"https:\/\/www.youtube.com\/embed\/H8lHk9EMxBI?feature=oembed\" frameborder=\"0\" allow=\"accelerometer; autoplay; clipboard-write; encrypted-media; gyroscope; picture-in-picture; web-share\" referrerpolicy=\"strict-origin-when-cross-origin\" allowfullscreen><\/iframe>\n<\/div><\/figure>\n\n\n\n<p>Herisson foi diagnosticado com autismo na fase adulta. Quando recebeu o diagn\u00f3stico, num primeiro momento, sentiu tristeza extrema, pois chegou a conclus\u00e3o que alguns comportamentos que trouxe desde a inf\u00e2ncia n\u00e3o ir\u00e3o, de fato, desaparecer na fase adulta, por serem comportamentos que fazem parte da caracter\u00edstica de pessoas com TEA.<\/p>\n\n\n\n<blockquote class=\"wp-block-quote\">\n<p>\u201cReceber o diagn\u00f3stico de autista na fase adulta \u00e9, verdadeiramente, um turbilh\u00e3o de pensamentos. Eles s\u00e3o intensos e h\u00e1 necessidade de apoio psicol\u00f3gico para discerni-los\u201d, diz Herisson.<\/p>\n<\/blockquote>\n\n\n\n<p>Para Herisson h\u00e1 o sentimento de raiva, principalmente, dos pais, pois sentiu-se enganado por eles, depositando-os a culpa do diagn\u00f3stico tardio; posteriormente, houve o sentimento de remorso por ter culpado os pais pelo que nem eles e a sociedade em geral tinham conhecimento sobre a tem\u00e1tica autista.&nbsp;<\/p>\n\n\n\n<figure class=\"wp-block-image size-full\"><img decoding=\"async\" loading=\"lazy\" width=\"1280\" height=\"720\" src=\"https:\/\/revidigital.ielusc.br\/wp-content\/uploads\/2024\/04\/image-13.png\" alt=\"\" class=\"wp-image-15333\"\/><\/figure>\n\n\n\n<h2 class=\"wp-block-heading\"><strong>Sobre o autismo<\/strong><\/h2>\n\n\n\n<p>O TEA (Transtorno do Espectro Autista) pode desencadear dificuldades na comunica\u00e7\u00e3o, intera\u00e7\u00e3o social e comportamento do indiv\u00edduo. No Brasil, que conta com pouco mais de 207,7 milh\u00f5es de habitantes, conforme dados de 2021, do IBGE, se estima que aproximadamente dois milh\u00f5es de pessoas (0,96% da popula\u00e7\u00e3o) se enquadrem no espectro autista.<\/p>\n\n\n\n<p>Entre 2022 a 2023, no Brasil, o n\u00famero de crian\u00e7as e adolescentes com Transtorno do Espectro Autista (TEA) matriculados em salas de aula comuns&nbsp; aumentou 50%: saltou de 405.056 para 607.144, segundo dados do Censo de Educa\u00e7\u00e3o B\u00e1sica.<\/p>\n\n\n\n<p>No ensino superior os n\u00fameros caem, de acordo com o levantamento do Censo da Educa\u00e7\u00e3o Superior de 2022 que aponta 6.063 pessoas com o ainda denominado Transtorno Global do Desenvolvimento (TGD) ou seja, dentre elas as pessoas autistas, est\u00e3o matriculadas em institui\u00e7\u00f5es de ensino superior no Brasil. O TEA \u00e9 um dos cinco tipos do TGD. Sendo assim, todos aqueles que t\u00eam algum grau de TEA possuem um TGD.<\/p>\n\n\n\n<p>No Brasil, existe uma lei criada em 2012 chamada Lei Berenice que garante aos autistas o diagn\u00f3stico precoce, tratamento, terapias e medicamentos pelo Sistema \u00danico de Sa\u00fade (SUS), al\u00e9m do acesso \u00e0 educa\u00e7\u00e3o, prote\u00e7\u00e3o social e trabalho. Sendo assim, foi criada uma Pol\u00edtica Nacional de Prote\u00e7\u00e3o dos Direitos da Pessoa com Transtorno do Espectro Autista.<\/p>\n","protected":false},"excerpt":{"rendered":"<p>Por Arthur Lincoln Ferreira&nbsp; Desde 2007, 2 de abril \u00e9 considerado o Dia da Conscientiza\u00e7\u00e3o do Autismo pela ONU (Organiza\u00e7\u00e3o das Na\u00e7\u00f5es Unidas). O objetivo \u00e9 informar a popula\u00e7\u00e3o para quebrar discrimina\u00e7\u00f5es e preconceitos com as pessoas que possuem TEA (Transtorno do Espectro Autista). H\u00e1 quatro anos, entidades envolvidas com a campanha seguem com um [&hellip;]<\/p>\n","protected":false},"author":1,"featured_media":15334,"comment_status":"open","ping_status":"open","sticky":false,"template":"","format":"standard","meta":{"footnotes":""},"categories":[4,17,11],"tags":[1066,48],"_links":{"self":[{"href":"https:\/\/revidigital.ielusc.br\/index.php\/wp-json\/wp\/v2\/posts\/15325"}],"collection":[{"href":"https:\/\/revidigital.ielusc.br\/index.php\/wp-json\/wp\/v2\/posts"}],"about":[{"href":"https:\/\/revidigital.ielusc.br\/index.php\/wp-json\/wp\/v2\/types\/post"}],"author":[{"embeddable":true,"href":"https:\/\/revidigital.ielusc.br\/index.php\/wp-json\/wp\/v2\/users\/1"}],"replies":[{"embeddable":true,"href":"https:\/\/revidigital.ielusc.br\/index.php\/wp-json\/wp\/v2\/comments?post=15325"}],"version-history":[{"count":4,"href":"https:\/\/revidigital.ielusc.br\/index.php\/wp-json\/wp\/v2\/posts\/15325\/revisions"}],"predecessor-version":[{"id":15336,"href":"https:\/\/revidigital.ielusc.br\/index.php\/wp-json\/wp\/v2\/posts\/15325\/revisions\/15336"}],"wp:featuredmedia":[{"embeddable":true,"href":"https:\/\/revidigital.ielusc.br\/index.php\/wp-json\/wp\/v2\/media\/15334"}],"wp:attachment":[{"href":"https:\/\/revidigital.ielusc.br\/index.php\/wp-json\/wp\/v2\/media?parent=15325"}],"wp:term":[{"taxonomy":"category","embeddable":true,"href":"https:\/\/revidigital.ielusc.br\/index.php\/wp-json\/wp\/v2\/categories?post=15325"},{"taxonomy":"post_tag","embeddable":true,"href":"https:\/\/revidigital.ielusc.br\/index.php\/wp-json\/wp\/v2\/tags?post=15325"}],"curies":[{"name":"wp","href":"https:\/\/api.w.org\/{rel}","templated":true}]}}