{"id":15510,"date":"2024-06-18T17:25:11","date_gmt":"2024-06-18T20:25:11","guid":{"rendered":"https:\/\/revidigital.ielusc.br\/?p=15510"},"modified":"2024-06-18T17:25:13","modified_gmt":"2024-06-18T20:25:13","slug":"festival-de-cinema-exibe-60-filmes-ate-sabado","status":"publish","type":"post","link":"https:\/\/revidigital.ielusc.br\/index.php\/2024\/06\/18\/festival-de-cinema-exibe-60-filmes-ate-sabado\/","title":{"rendered":"Festival de Cinema exibe 60 filmes at\u00e9 s\u00e1bado"},"content":{"rendered":"\n<p><em><strong>Por Cau\u00e3 Vitor e Danielly Ketlyn Vieira<\/strong><\/em><\/p>\n\n\n\n<p>As atrizes Mel Lisboa e Carla Rodrigues participaram da abertura do Joinville Internacional Film Festival (JIFF) na noite de ontem (17),&nbsp; no GNC Cinemas do Shopping Mueller. Cerca de 60 filmes ser\u00e3o exibidos at\u00e9 dia 22.<\/p>\n\n\n\n<p>Considerado um dos maiores do sul do pa\u00eds, o festival est\u00e1 na quarta edi\u00e7\u00e3o. A programa\u00e7\u00e3o re\u00fane&nbsp; curtas e longas-metragens, anima\u00e7\u00f5es e document\u00e1rios, alguns in\u00e9ditos no cen\u00e1rio nacional. Oficinas, Mostra Filmdance e palestras tamb\u00e9m ocorrem em diversos pontos da cidade.<\/p>\n\n\n\n<p>Antes da cerim\u00f4nia de abertura, houve sess\u00e3o de fotos com as atrizes Mel Lisboa e Carla Rodrigues. As duas integram o elenco de \u201cForam os sussurros que me mataram\u201d, dirigido por Artur Tuoto. Segundo as atrizes, o filme \u00e9 um experimento de dramaturgia. \u201cO texto \u00e9 bem minimalista, embora tenha quase uma forma teatral, mas, ao mesmo tempo, desprovido de emo\u00e7\u00e3o\u201d, afirmou Mel Lisboa. Depois da exibi\u00e7\u00e3o do longa, as atrizes conversaram com o p\u00fablico.<\/p>\n\n\n\n<figure class=\"wp-block-image size-full\"><img decoding=\"async\" loading=\"lazy\" width=\"828\" height=\"1159\" src=\"https:\/\/revidigital.ielusc.br\/wp-content\/uploads\/2024\/06\/c54e1990-8a23-438c-95ff-e47ffae0a884.jpg\" alt=\"\" class=\"wp-image-15517\"\/><figcaption class=\"wp-element-caption\">Atriz Mel Lisboa. Reprodu\u00e7\u00e3o: Instagram @jiff.festival<\/figcaption><\/figure>\n\n\n\n<p>O secret\u00e1rio de Cultura e Turismo de Joinville, Guilherme Gassenferth, destacou a import\u00e2ncia do festival para o cen\u00e1rio cultural da cidade. Admiradores da s\u00e9tima arte, al\u00e9m de estudantes de teatro e cinema tamb\u00e9m prestigiaram o evento.<\/p>\n\n\n\n<p>O drama\/document\u00e1rio \u201cAs quatro irm\u00e3s\u201d, dirigido por Evaldo Mocarzel e estrelado por Vera Holtz \u00e9 o destaque da programa\u00e7\u00e3o nesta ter\u00e7a-feira, \u00e0s 19h30, no GNC do shopping Mueller. No filme, Vera Holtz tenta resgatar suas mem\u00f3rias e de sua fam\u00edlia, da \u00e9poca em que vivia em Tatu\u00ed, no interior de S\u00e3o Paulo. Ela enfrenta lapsos de mem\u00f3ria e transforma as irm\u00e3s em personas do seu ser, eterna fonte de inspira\u00e7\u00e3o para suas personagens.<\/p>\n\n\n\n<p>Os vencedores do festival, escolhidos por um j\u00fari formado por cinco especialistas, ser\u00e3o conhecidos no s\u00e1bado (22), \u00e0s&nbsp;19h, na Galeria 33 Arthouse.<\/p>\n\n\n\n<p>Para mais informa\u00e7\u00f5es sobre a programa\u00e7\u00e3o acesse o <a href=\"https:\/\/jisffestival.com.br\/festivals\/2024\">site.<\/a><\/p>\n","protected":false},"excerpt":{"rendered":"<p>Por Cau\u00e3 Vitor e Danielly Ketlyn Vieira As atrizes Mel Lisboa e Carla Rodrigues participaram da abertura do Joinville Internacional Film Festival (JIFF) na noite de ontem (17),&nbsp; no GNC Cinemas do Shopping Mueller. Cerca de 60 filmes ser\u00e3o exibidos at\u00e9 dia 22. Considerado um dos maiores do sul do pa\u00eds, o festival est\u00e1 na [&hellip;]<\/p>\n","protected":false},"author":1,"featured_media":15514,"comment_status":"open","ping_status":"open","sticky":false,"template":"","format":"standard","meta":{"footnotes":""},"categories":[88,78],"tags":[270,90,161,48],"_links":{"self":[{"href":"https:\/\/revidigital.ielusc.br\/index.php\/wp-json\/wp\/v2\/posts\/15510"}],"collection":[{"href":"https:\/\/revidigital.ielusc.br\/index.php\/wp-json\/wp\/v2\/posts"}],"about":[{"href":"https:\/\/revidigital.ielusc.br\/index.php\/wp-json\/wp\/v2\/types\/post"}],"author":[{"embeddable":true,"href":"https:\/\/revidigital.ielusc.br\/index.php\/wp-json\/wp\/v2\/users\/1"}],"replies":[{"embeddable":true,"href":"https:\/\/revidigital.ielusc.br\/index.php\/wp-json\/wp\/v2\/comments?post=15510"}],"version-history":[{"count":3,"href":"https:\/\/revidigital.ielusc.br\/index.php\/wp-json\/wp\/v2\/posts\/15510\/revisions"}],"predecessor-version":[{"id":15518,"href":"https:\/\/revidigital.ielusc.br\/index.php\/wp-json\/wp\/v2\/posts\/15510\/revisions\/15518"}],"wp:featuredmedia":[{"embeddable":true,"href":"https:\/\/revidigital.ielusc.br\/index.php\/wp-json\/wp\/v2\/media\/15514"}],"wp:attachment":[{"href":"https:\/\/revidigital.ielusc.br\/index.php\/wp-json\/wp\/v2\/media?parent=15510"}],"wp:term":[{"taxonomy":"category","embeddable":true,"href":"https:\/\/revidigital.ielusc.br\/index.php\/wp-json\/wp\/v2\/categories?post=15510"},{"taxonomy":"post_tag","embeddable":true,"href":"https:\/\/revidigital.ielusc.br\/index.php\/wp-json\/wp\/v2\/tags?post=15510"}],"curies":[{"name":"wp","href":"https:\/\/api.w.org\/{rel}","templated":true}]}}