{"id":15520,"date":"2024-06-19T15:05:53","date_gmt":"2024-06-19T18:05:53","guid":{"rendered":"https:\/\/revidigital.ielusc.br\/?p=15520"},"modified":"2024-10-08T17:19:11","modified_gmt":"2024-10-08T20:19:11","slug":"documentario-sobre-o-fazer-artistico-em-joinville-sera-lancado-nesta-quinta-feira-20","status":"publish","type":"post","link":"https:\/\/revidigital.ielusc.br\/index.php\/2024\/06\/19\/documentario-sobre-o-fazer-artistico-em-joinville-sera-lancado-nesta-quinta-feira-20\/","title":{"rendered":"Document\u00e1rio sobre o fazer art\u00edstico em Joinville ser\u00e1 lan\u00e7ado nesta quinta-feira, 20"},"content":{"rendered":"\n<p><em><strong>A produ\u00e7\u00e3o faz parte do Projeto Experimental da acad\u00eamica do curso de Jornalismo da Faculdade Ielusc<\/strong><\/em><\/p>\n\n\n\n<p>Na cidade industrial, o fazer art\u00edstico \u00e9 constantemente permeado por reflex\u00f5es e pensamentos que atravessam a popula\u00e7\u00e3o e os artistas locais. Pensando nisso, a acad\u00eamica da 7\u00aa fase do curso de jornalismo B\u00e1rbara Siementkowski produziu o document\u00e1rio \u201cNeste Palco Vemos Cores\u201d que ser\u00e1 lan\u00e7ado nesta quinta-feira, dia 20, \u00e0s 9h, no Youtube <a href=\"http:\/\/www.youtube.com\/@nestepalcovemoscores\">(clique aqui para acessar o canal).<\/a><\/p>\n\n\n\n<p>A acad\u00eamica explica que o nome \u201cNeste Palco Vemos Cores\u201d faz uma analogia ao clima de Joinville, conhecida como a cidade da chuva e dos dias nublados. Al\u00e9m disso, o t\u00edtulo referencia depoimentos comuns entre os artistas entrevistados, ressaltando o papel da arte em desconstruir a narrativa de que n\u00e3o h\u00e1 espa\u00e7o para arte de rua, independente e autoral em Joinville.<\/p>\n\n\n\n<figure class=\"wp-block-image size-full\"><img decoding=\"async\" loading=\"lazy\" width=\"1366\" height=\"768\" src=\"https:\/\/revidigital.ielusc.br\/wp-content\/uploads\/2024\/06\/Captura-de-tela-2024-06-19-143829.png\" alt=\"\" class=\"wp-image-15522\"\/><figcaption class=\"wp-element-caption\">Cr\u00e9ditos: B\u00e1rbara Siementkowski.<\/figcaption><\/figure>\n\n\n\n<p>O document\u00e1rio escutou seis artistas &#8211; MC, m\u00fasico, atriz, artista visual e muralista, multiartista e produtora cultural &#8211; que compartilharam suas hist\u00f3rias, dificuldades e motiva\u00e7\u00e3o de se fazer arte em Joinville. Al\u00e9m dos artistas, tamb\u00e9m foram ouvidos dois historiadores: Rhuan Carlos Fernandes, mestre em Patrim\u00f4nio Cultural e Sociedade e tamb\u00e9m produtor cultural, e Fernando Sossai, coordenador da pesquisa do Diagn\u00f3stico Cultural de Joinville.<\/p>\n\n\n\n<p>O document\u00e1rio, que conta com 33 minutos de dura\u00e7\u00e3o, teve como modo de produ\u00e7\u00e3o a constru\u00e7\u00e3o de uma narrativa sem locu\u00e7\u00e3o de narrador, mas sim a partir das entrevistas realizadas com as fontes. A acad\u00eamica, que teve a orienta\u00e7\u00e3o da professora Maiara Maduro, conta que o processo de produ\u00e7\u00e3o iniciado em mar\u00e7o teve desafios, mas que o aprendizado compensou o esfor\u00e7o. \u201cFoi um processo de aprendizado muito grande pra mim. Desde a etapa de produ\u00e7\u00e3o, entrar em contato com as fontes, agendar entrevistas, fazer a capta\u00e7\u00e3o das imagens, as entrevistas, at\u00e9 a edi\u00e7\u00e3o. Eu sinto que me desenvolvi muito nessa pr\u00e1tica do audiovisual.\u201d<\/p>\n\n\n\n<p>Temas como os territ\u00f3rios culturais de Joinville, mito fundador da cidade, discursos da cidade industrial e a arte como of\u00edcio s\u00e3o explorados na produ\u00e7\u00e3o. O objetivo \u00e9 trazer reflex\u00f5es que permeiam as narrativas de Joinville como cidade com voca\u00e7\u00e3o para o trabalho e para ind\u00fastria, e resgatar a produ\u00e7\u00e3o art\u00edstica e cultural como possibilidades reais de se existir em Joinville.<\/p>\n\n\n\n<figure class=\"wp-block-image size-full\"><img decoding=\"async\" loading=\"lazy\" width=\"1366\" height=\"768\" src=\"https:\/\/revidigital.ielusc.br\/wp-content\/uploads\/2024\/06\/Captura-de-tela-2024-06-19-143532.png\" alt=\"\" class=\"wp-image-15523\"\/><figcaption class=\"wp-element-caption\">Cr\u00e9ditos: B\u00e1rbara Siementkowski.<\/figcaption><\/figure>\n\n\n\n<p>Ficha T\u00e9cnica:<br>Produ\u00e7\u00e3o, roteiro e edi\u00e7\u00e3o: B\u00e1rbara Siementkowski<br>Capta\u00e7\u00e3o &#8211; imagens e som: B\u00e1rbara Siementkowski, Caio Delagnolli, Roger Bezerra Candido<br>Arte &#8220;Neste Palco Vemos Cores&#8221; e visual: Tatiana Ign\u00e1cio<br>Trilha sonora original: Jorge Siementkowski<br>Orienta\u00e7\u00e3o: Professora Maiara Maduro<br>Este trabalho foi desenvolvido como Projeto experimental para o Curso de Jornalismo da Faculdade Ielusc.<\/p>\n","protected":false},"excerpt":{"rendered":"<p>A produ\u00e7\u00e3o faz parte do Projeto Experimental da acad\u00eamica do curso de Jornalismo da Faculdade Ielusc Na cidade industrial, o fazer art\u00edstico \u00e9 constantemente permeado por reflex\u00f5es e pensamentos que atravessam a popula\u00e7\u00e3o e os artistas locais. Pensando nisso, a acad\u00eamica da 7\u00aa fase do curso de jornalismo B\u00e1rbara Siementkowski produziu o document\u00e1rio \u201cNeste Palco [&hellip;]<\/p>\n","protected":false},"author":1,"featured_media":15521,"comment_status":"open","ping_status":"open","sticky":false,"template":"","format":"standard","meta":{"footnotes":""},"categories":[24,26],"tags":[90,57,48,34,1576,39],"_links":{"self":[{"href":"https:\/\/revidigital.ielusc.br\/index.php\/wp-json\/wp\/v2\/posts\/15520"}],"collection":[{"href":"https:\/\/revidigital.ielusc.br\/index.php\/wp-json\/wp\/v2\/posts"}],"about":[{"href":"https:\/\/revidigital.ielusc.br\/index.php\/wp-json\/wp\/v2\/types\/post"}],"author":[{"embeddable":true,"href":"https:\/\/revidigital.ielusc.br\/index.php\/wp-json\/wp\/v2\/users\/1"}],"replies":[{"embeddable":true,"href":"https:\/\/revidigital.ielusc.br\/index.php\/wp-json\/wp\/v2\/comments?post=15520"}],"version-history":[{"count":2,"href":"https:\/\/revidigital.ielusc.br\/index.php\/wp-json\/wp\/v2\/posts\/15520\/revisions"}],"predecessor-version":[{"id":15525,"href":"https:\/\/revidigital.ielusc.br\/index.php\/wp-json\/wp\/v2\/posts\/15520\/revisions\/15525"}],"wp:featuredmedia":[{"embeddable":true,"href":"https:\/\/revidigital.ielusc.br\/index.php\/wp-json\/wp\/v2\/media\/15521"}],"wp:attachment":[{"href":"https:\/\/revidigital.ielusc.br\/index.php\/wp-json\/wp\/v2\/media?parent=15520"}],"wp:term":[{"taxonomy":"category","embeddable":true,"href":"https:\/\/revidigital.ielusc.br\/index.php\/wp-json\/wp\/v2\/categories?post=15520"},{"taxonomy":"post_tag","embeddable":true,"href":"https:\/\/revidigital.ielusc.br\/index.php\/wp-json\/wp\/v2\/tags?post=15520"}],"curies":[{"name":"wp","href":"https:\/\/api.w.org\/{rel}","templated":true}]}}