{"id":15526,"date":"2024-06-20T15:25:59","date_gmt":"2024-06-20T18:25:59","guid":{"rendered":"https:\/\/revidigital.ielusc.br\/?p=15526"},"modified":"2024-06-20T15:26:01","modified_gmt":"2024-06-20T18:26:01","slug":"preparatorio-gratuito-para-ingresso-em-pos-graduacao-e-o-novo-projeto-do-movimento-negro-maria-laura","status":"publish","type":"post","link":"https:\/\/revidigital.ielusc.br\/index.php\/2024\/06\/20\/preparatorio-gratuito-para-ingresso-em-pos-graduacao-e-o-novo-projeto-do-movimento-negro-maria-laura\/","title":{"rendered":"Preparat\u00f3rio gratuito para ingresso em p\u00f3s-gradua\u00e7\u00e3o \u00e9 o novo projeto do Movimento Negro Maria Laura"},"content":{"rendered":"\n<p><em><strong>Por Camilly Vitoria Antunes<\/strong><\/em><\/p>\n\n\n\n<p>O preparat\u00f3rio Pr\u00e9-p\u00f3s Inser\u00e7\u00e3o iniciou suas atividades em Joinville no m\u00eas de maio, com uma aula inaugural na ACE &#8211; Faculdade Guilherme Guimbala. Esse projeto \u00e9 idealizado pelo Movimento Negro Maria Laura e tem como objetivo a inclus\u00e3o de mulheres negras, pessoas de baixa renda, LGBTQIAP+ e ind\u00edgenas na p\u00f3s-gradua\u00e7\u00e3o.<\/p>\n\n\n\n<p>Leonardo Quintino, advogado, mestre em Filosofia pela Universidade Federal de Santa Catarina (UFSC), coordenador e orientador do Pr\u00e9-p\u00f3s Inser\u00e7\u00e3o, contou que o preparat\u00f3rio ir\u00e1 orientar a como interpretar editais, entender as linhas de pesquisa de cada universidade, escolha de orientador e como se portar na entrevista. \u201cS\u00e3o mais orienta\u00e7\u00f5es de como ingressar, do que propriamente a forma\u00e7\u00e3o da pessoa, porque isso ela vai conseguir depois\u201d, destaca o coordenador.&nbsp;<\/p>\n\n\n\n<p>Felipe Cardoso, formado em Publicidade e Propaganda pela Faculdade Ielusc, mestrando em Comunica\u00e7\u00e3o pela Universidade Federal do Paran\u00e1 (UFPR), militante do Movimento Negro Maria Laura e coordenador do preparat\u00f3rio conta que para os pr\u00f3ximos anos, eles pretendem iniciar com as novas turmas no per\u00edodo de fevereiro, porque a maioria dos processos seletivos para cursos de mestrado e doutorado acontecem na metade do ano.&nbsp;<\/p>\n\n\n\n<p>\u201cA gente quer que antes do processo seletivo come\u00e7ar, a pessoa j\u00e1 esteja com as documenta\u00e7\u00f5es reunidas, j\u00e1 esteja com o projeto pronto, e j\u00e1 esteja come\u00e7ando a estudar para a prova, quando tiver prova, ou j\u00e1 esteja com o memorial descritivo pronto\u201d, explicou o coordenador.<\/p>\n\n\n\n<p>A ideia para iniciar o projeto Pr\u00e9-p\u00f3s Inser\u00e7\u00e3o surgiu em 2017 atrav\u00e9s de provoca\u00e7\u00f5es da professora Jeruse Rom\u00e3o, da escola Afro Popular Leonor de Barros, para que houvesse mais pesquisa e escrita sobre a popula\u00e7\u00e3o negra em Joinville. Foi atrav\u00e9s disso e do apoio que Felipe recebeu durante o seu processo para ingressar no mestrado, que a tarefa de ajudar outras pessoas a passarem pelo mesmo processo deveria ser cumprida.&nbsp;<\/p>\n\n\n\n<p>Felipe relatou que quando o edital foi lan\u00e7ado e as inscri\u00e7\u00f5es abriram, eles tiveram como prioridade selecionar mulheres negras e LGBTQIA+, e quando essas pessoas j\u00e1 haviam sido selecionadas, foi por sequ\u00eancia de inscri\u00e7\u00e3o. Leonardo completou: \u201cComo \u00e9 um programa estruturado a partir do Movimento Negro Maria Laura, ele \u00e9 atravessado por essas quest\u00f5es de ra\u00e7a, classe, g\u00eanero e etnia. Ent\u00e3o esses eram os crit\u00e9rios principais.\u201d<\/p>\n\n\n\n<p>Leonardo destacou que a l\u00f3gica do Pr\u00e9-p\u00f3s Inser\u00e7\u00e3o \u00e9 que ap\u00f3s a forma\u00e7\u00e3o das pessoas, elas devolvam esse conhecimento \u00e0 pr\u00f3pria comunidade de onde elas partiram. Ele disse que \u00e9 um projeto coletivo que n\u00e3o permanece apenas como interesse pessoal. \u201cN\u00e3o s\u00f3 atuando profissionalmente, mas tamb\u00e9m refletindo sobre o mundo, trazendo perspectivas diferentes, trazendo um olhar cr\u00edtico sobre o mundo.\u201d complementou.&nbsp;<\/p>\n\n\n\n<figure class=\"wp-block-image size-full\"><img decoding=\"async\" loading=\"lazy\" width=\"1200\" height=\"1600\" src=\"https:\/\/revidigital.ielusc.br\/wp-content\/uploads\/2024\/06\/b1b20c70-a02a-41e5-b4c2-e70d2870093d.jpeg\" alt=\"\" class=\"wp-image-15527\" srcset=\"https:\/\/revidigital.ielusc.br\/wp-content\/uploads\/2024\/06\/b1b20c70-a02a-41e5-b4c2-e70d2870093d.jpeg 1200w, https:\/\/revidigital.ielusc.br\/wp-content\/uploads\/2024\/06\/b1b20c70-a02a-41e5-b4c2-e70d2870093d-1152x1536.jpeg 1152w\" sizes=\"(max-width: 1200px) 100vw, 1200px\" \/><figcaption class=\"wp-element-caption\">Cr\u00e9ditos: Andressa da Silva.<\/figcaption><\/figure>\n\n\n\n<p>A participante do preparat\u00f3rio, Andressa da Silva Maria (28), psic\u00f3loga e professora do ensino m\u00e9dio relatou que ficou sabendo do projeto atrav\u00e9s do Seneg\u00e3o, time de futebol idealizado pelo Movimento Negro Maria Laura, no qual ela joga no time feminino, o Senegronas. Ela relatou que seu interesse de escolher se inscrever para o Pr\u00e9-p\u00f3s foi porque gostaria de ingressar no mestrado. \u201cQuando apareceu a possibilidade do cursinho, eu achei uma ideia fant\u00e1stica, porque poderia ter essas trocas, tirar mais d\u00favidas e receber mais dicas\u201d. Andressa tamb\u00e9m contou que suas expectativas foram atendidas logo no primeiro encontro. \u201cO pessoal se ajudar, acho que isso diz muito sobre o Movimento Negro e a ideia do pr\u00f3prio curso\u201d.<\/p>\n\n\n\n<p>No in\u00edcio de junho ocorreu o segundo encontro virtualmente, onde foram realizadas orienta\u00e7\u00f5es para o processo de sele\u00e7\u00e3o dos programas de p\u00f3s-gradua\u00e7\u00e3o. Leonardo explicou que cada participante ser\u00e1 vinculado a um orientador ap\u00f3s o terceiro encontro, e assim ser\u00e3o orientados durante o processo de sele\u00e7\u00e3o nos programas de Mestrado, tirando d\u00favidas e recebendo o devido apoio.&nbsp;<\/p>\n","protected":false},"excerpt":{"rendered":"<p>Por Camilly Vitoria Antunes O preparat\u00f3rio Pr\u00e9-p\u00f3s Inser\u00e7\u00e3o iniciou suas atividades em Joinville no m\u00eas de maio, com uma aula inaugural na ACE &#8211; Faculdade Guilherme Guimbala. Esse projeto \u00e9 idealizado pelo Movimento Negro Maria Laura e tem como objetivo a inclus\u00e3o de mulheres negras, pessoas de baixa renda, LGBTQIAP+ e ind\u00edgenas na p\u00f3s-gradua\u00e7\u00e3o. Leonardo [&hellip;]<\/p>\n","protected":false},"author":1,"featured_media":15528,"comment_status":"open","ping_status":"open","sticky":false,"template":"","format":"standard","meta":{"footnotes":""},"categories":[4,11],"tags":[1726,108,48],"_links":{"self":[{"href":"https:\/\/revidigital.ielusc.br\/index.php\/wp-json\/wp\/v2\/posts\/15526"}],"collection":[{"href":"https:\/\/revidigital.ielusc.br\/index.php\/wp-json\/wp\/v2\/posts"}],"about":[{"href":"https:\/\/revidigital.ielusc.br\/index.php\/wp-json\/wp\/v2\/types\/post"}],"author":[{"embeddable":true,"href":"https:\/\/revidigital.ielusc.br\/index.php\/wp-json\/wp\/v2\/users\/1"}],"replies":[{"embeddable":true,"href":"https:\/\/revidigital.ielusc.br\/index.php\/wp-json\/wp\/v2\/comments?post=15526"}],"version-history":[{"count":1,"href":"https:\/\/revidigital.ielusc.br\/index.php\/wp-json\/wp\/v2\/posts\/15526\/revisions"}],"predecessor-version":[{"id":15529,"href":"https:\/\/revidigital.ielusc.br\/index.php\/wp-json\/wp\/v2\/posts\/15526\/revisions\/15529"}],"wp:featuredmedia":[{"embeddable":true,"href":"https:\/\/revidigital.ielusc.br\/index.php\/wp-json\/wp\/v2\/media\/15528"}],"wp:attachment":[{"href":"https:\/\/revidigital.ielusc.br\/index.php\/wp-json\/wp\/v2\/media?parent=15526"}],"wp:term":[{"taxonomy":"category","embeddable":true,"href":"https:\/\/revidigital.ielusc.br\/index.php\/wp-json\/wp\/v2\/categories?post=15526"},{"taxonomy":"post_tag","embeddable":true,"href":"https:\/\/revidigital.ielusc.br\/index.php\/wp-json\/wp\/v2\/tags?post=15526"}],"curies":[{"name":"wp","href":"https:\/\/api.w.org\/{rel}","templated":true}]}}