{"id":15805,"date":"2024-09-04T14:38:58","date_gmt":"2024-09-04T17:38:58","guid":{"rendered":"https:\/\/revidigital.ielusc.br\/?p=15805"},"modified":"2024-09-04T14:38:59","modified_gmt":"2024-09-04T17:38:59","slug":"grupo-cena-11-inicia-oficinas-gratuitas-em-joinville","status":"publish","type":"post","link":"https:\/\/revidigital.ielusc.br\/index.php\/2024\/09\/04\/grupo-cena-11-inicia-oficinas-gratuitas-em-joinville\/","title":{"rendered":"Grupo Cena 11 inicia oficinas gratuitas em Joinville"},"content":{"rendered":"\n<p><strong><em>Por Yasmin Luiza Rech<\/em><\/strong><\/p>\n\n\n\n<p>Nesta sexta-feira (6), o Grupo Cena 11 dar\u00e1 in\u00edcio a uma s\u00e9rie de oficinas gratuitas em Joinville, no Galp\u00e3o de Teatro AJOTE, \u00e0s 14h. As atividades fazem parte do projeto \u201cGrupo Cena 11 &#8211; 30 anos\u201d e t\u00eam como objetivo explorar a interse\u00e7\u00e3o entre arte, ci\u00eancia e tecnologia.&nbsp;<\/p>\n\n\n\n<p>Durante as oficinas, os participantes poder\u00e3o conhecer o funcionamento de uma companhia de dan\u00e7a profissional e explorar como arte e tecnologia se interconectam.&nbsp; Karin Serafin, membro da companhia,&nbsp; ressalta que o grupo est\u00e1 aberto a discuss\u00f5es sobre os temas, promovendo um ambiente de aprendizado e troca de ideias.<\/p>\n\n\n\n<p>Com o objetivo de compartilhar o conhecimento acumulado ao longo de sua trajet\u00f3ria, o Grupo Cena 11 explora a interse\u00e7\u00e3o entre dan\u00e7a, arte, ci\u00eancia e tecnologia. \u201cAs oficinas oferecer\u00e3o uma vis\u00e3o ampla sobre o nosso trabalho e compartilhar\u00e3o tanto nossas experi\u00eancias profissionais quanto as pesquisas mais recentes da companhia\u201d, destaca Serafin.<\/p>\n\n\n\n<p>As oficinas ser\u00e3o conduzidas por uma equipe diversificada do Grupo Cena 11. \u201cCada sess\u00e3o contar\u00e1 com a participa\u00e7\u00e3o de 3 a 4 pessoas especializadas em diferentes \u00e1reas\u201d, afirma Karin. Entre os participantes estar\u00e3o desde membros mais antigos, que compartilhar\u00e3o a hist\u00f3ria da companhia, at\u00e9 especialistas em ilumina\u00e7\u00e3o, som e profissionais da dan\u00e7a. Essa abordagem garantir\u00e1 que os participantes obtenham uma vis\u00e3o abrangente dos diversos aspectos da companhia.<\/p>\n\n\n\n<p>Embora n\u00e3o seja necess\u00e1rio trazer equipamentos espec\u00edficos, Serafin recomenda que os participantes levem papel, caneta e roupas confort\u00e1veis para as atividades pr\u00e1ticas.&nbsp; \u201cN\u00e3o precisa levar nada, mas aconselharia isso: alguma coisa para anotar e uma roupa que se sinta confort\u00e1vel.\u201d<\/p>\n\n\n\n<figure class=\"wp-block-image size-full\"><img decoding=\"async\" loading=\"lazy\" width=\"830\" height=\"830\" src=\"https:\/\/revidigital.ielusc.br\/wp-content\/uploads\/2024\/09\/IMG_8977.jpeg\" alt=\"\" class=\"wp-image-15806\" srcset=\"https:\/\/revidigital.ielusc.br\/wp-content\/uploads\/2024\/09\/IMG_8977.jpeg 830w, https:\/\/revidigital.ielusc.br\/wp-content\/uploads\/2024\/09\/IMG_8977-150x150.jpeg 150w\" sizes=\"(max-width: 830px) 100vw, 830px\" \/><figcaption class=\"wp-element-caption\">Cr\u00e9ditos: Reprodu\u00e7\u00e3o\/Instagram.<\/figcaption><\/figure>\n\n\n\n<p>Al\u00e9m de Joinville, a s\u00e9rie de oficinas do Grupo Cena 11 j\u00e1 passou por outras cidades de Santa Catarina, como Crici\u00fama, Blumenau, Joa\u00e7aba e Lages. Ap\u00f3s a sess\u00e3o em Joinville, o pr\u00f3ximo destino ser\u00e1 Florian\u00f3polis. O projeto busca oferecer uma compreens\u00e3o mais profunda das intera\u00e7\u00f5es na arte e poder\u00e1 fornecer um certificado de participa\u00e7\u00e3o para aqueles que solicitarem por e-mail.<\/p>\n\n\n\n<p>Serafin conclui que a iniciativa procura atingir n\u00e3o apenas profissionais da \u00e1rea, mas tamb\u00e9m o p\u00fablico em geral, incentivando uma maior aprecia\u00e7\u00e3o das din\u00e2micas envolvidas na cria\u00e7\u00e3o art\u00edstica contempor\u00e2nea.<\/p>\n\n\n\n<p>O formul\u00e1rio est\u00e1 aberto ainda para inscri\u00e7\u00f5es. <a href=\"https:\/\/docs.google.com\/forms\/d\/e\/1FAIpQLSdEJtjsRFRwHE1dCXMbkTJzeGu1E_40yl12-FZseToQH5pdNA\/viewform?usp=sharing\"><strong>Clique aqui<\/strong><\/a> para se inscrever.<\/p>\n","protected":false},"excerpt":{"rendered":"<p>Por Yasmin Luiza Rech Nesta sexta-feira (6), o Grupo Cena 11 dar\u00e1 in\u00edcio a uma s\u00e9rie de oficinas gratuitas em Joinville, no Galp\u00e3o de Teatro AJOTE, \u00e0s 14h. As atividades fazem parte do projeto \u201cGrupo Cena 11 &#8211; 30 anos\u201d e t\u00eam como objetivo explorar a interse\u00e7\u00e3o entre arte, ci\u00eancia e tecnologia.&nbsp; Durante as oficinas, [&hellip;]<\/p>\n","protected":false},"author":1,"featured_media":15807,"comment_status":"open","ping_status":"open","sticky":false,"template":"","format":"standard","meta":{"footnotes":""},"categories":[88],"tags":[90,48],"_links":{"self":[{"href":"https:\/\/revidigital.ielusc.br\/index.php\/wp-json\/wp\/v2\/posts\/15805"}],"collection":[{"href":"https:\/\/revidigital.ielusc.br\/index.php\/wp-json\/wp\/v2\/posts"}],"about":[{"href":"https:\/\/revidigital.ielusc.br\/index.php\/wp-json\/wp\/v2\/types\/post"}],"author":[{"embeddable":true,"href":"https:\/\/revidigital.ielusc.br\/index.php\/wp-json\/wp\/v2\/users\/1"}],"replies":[{"embeddable":true,"href":"https:\/\/revidigital.ielusc.br\/index.php\/wp-json\/wp\/v2\/comments?post=15805"}],"version-history":[{"count":2,"href":"https:\/\/revidigital.ielusc.br\/index.php\/wp-json\/wp\/v2\/posts\/15805\/revisions"}],"predecessor-version":[{"id":15809,"href":"https:\/\/revidigital.ielusc.br\/index.php\/wp-json\/wp\/v2\/posts\/15805\/revisions\/15809"}],"wp:featuredmedia":[{"embeddable":true,"href":"https:\/\/revidigital.ielusc.br\/index.php\/wp-json\/wp\/v2\/media\/15807"}],"wp:attachment":[{"href":"https:\/\/revidigital.ielusc.br\/index.php\/wp-json\/wp\/v2\/media?parent=15805"}],"wp:term":[{"taxonomy":"category","embeddable":true,"href":"https:\/\/revidigital.ielusc.br\/index.php\/wp-json\/wp\/v2\/categories?post=15805"},{"taxonomy":"post_tag","embeddable":true,"href":"https:\/\/revidigital.ielusc.br\/index.php\/wp-json\/wp\/v2\/tags?post=15805"}],"curies":[{"name":"wp","href":"https:\/\/api.w.org\/{rel}","templated":true}]}}