{"id":15814,"date":"2024-09-09T14:58:17","date_gmt":"2024-09-09T17:58:17","guid":{"rendered":"https:\/\/revidigital.ielusc.br\/?p=15814"},"modified":"2024-09-10T15:23:50","modified_gmt":"2024-09-10T18:23:50","slug":"cartao-postal-conheca-o-portico-de-joinville-pelas-lentes-do-jornalismo-literario","status":"publish","type":"post","link":"https:\/\/revidigital.ielusc.br\/index.php\/2024\/09\/09\/cartao-postal-conheca-o-portico-de-joinville-pelas-lentes-do-jornalismo-literario\/","title":{"rendered":"Cart\u00e3o postal: conhe\u00e7a o p\u00f3rtico de Joinville pelas lentes do jornalismo liter\u00e1rio"},"content":{"rendered":"\n<p>\u00c9 no cora\u00e7\u00e3o da cidade que encontramos o P\u00f3rtico de Joinville. Nosso cart\u00e3o postal est\u00e1 localizado na rua XV de Novembro, num lugar que pulsa a energia de sua popula\u00e7\u00e3o, al\u00e9m de ser o principal ponto de entrada da cidade, mostra tamb\u00e9m a riqueza de nossa hist\u00f3ria. Conhe\u00e7a um pouco mais do nosso ponto tur\u00edstico na produ\u00e7\u00e3o audiovisual de jornalismo liter\u00e1rio produzida pela acad\u00eamica de jornalismo\u00a0Stephanie\u00a0Dumke e Maiza Carvalho.<\/p>\n\n\n\n<figure class=\"wp-block-embed is-type-video is-provider-youtube wp-block-embed-youtube wp-embed-aspect-16-9 wp-has-aspect-ratio\"><div class=\"wp-block-embed__wrapper\">\n<iframe loading=\"lazy\" title=\"Cart\u00e3o postal: p\u00f3rtico de Joinville\" width=\"800\" height=\"450\" src=\"https:\/\/www.youtube.com\/embed\/hO5XjuWuprE?feature=oembed\" frameborder=\"0\" allow=\"accelerometer; autoplay; clipboard-write; encrypted-media; gyroscope; picture-in-picture; web-share\" referrerpolicy=\"strict-origin-when-cross-origin\" allowfullscreen><\/iframe>\n<\/div><\/figure>\n","protected":false},"excerpt":{"rendered":"<p>\u00c9 no cora\u00e7\u00e3o da cidade que encontramos o P\u00f3rtico de Joinville. Nosso cart\u00e3o postal est\u00e1 localizado na rua XV de Novembro, num lugar que pulsa a energia de sua popula\u00e7\u00e3o, al\u00e9m de ser o principal ponto de entrada da cidade, mostra tamb\u00e9m a riqueza de nossa hist\u00f3ria. Conhe\u00e7a um pouco mais do nosso ponto tur\u00edstico [&hellip;]<\/p>\n","protected":false},"author":1,"featured_media":15815,"comment_status":"open","ping_status":"open","sticky":false,"template":"","format":"standard","meta":{"footnotes":""},"categories":[88],"tags":[90,57,48,34],"_links":{"self":[{"href":"https:\/\/revidigital.ielusc.br\/index.php\/wp-json\/wp\/v2\/posts\/15814"}],"collection":[{"href":"https:\/\/revidigital.ielusc.br\/index.php\/wp-json\/wp\/v2\/posts"}],"about":[{"href":"https:\/\/revidigital.ielusc.br\/index.php\/wp-json\/wp\/v2\/types\/post"}],"author":[{"embeddable":true,"href":"https:\/\/revidigital.ielusc.br\/index.php\/wp-json\/wp\/v2\/users\/1"}],"replies":[{"embeddable":true,"href":"https:\/\/revidigital.ielusc.br\/index.php\/wp-json\/wp\/v2\/comments?post=15814"}],"version-history":[{"count":2,"href":"https:\/\/revidigital.ielusc.br\/index.php\/wp-json\/wp\/v2\/posts\/15814\/revisions"}],"predecessor-version":[{"id":15817,"href":"https:\/\/revidigital.ielusc.br\/index.php\/wp-json\/wp\/v2\/posts\/15814\/revisions\/15817"}],"wp:featuredmedia":[{"embeddable":true,"href":"https:\/\/revidigital.ielusc.br\/index.php\/wp-json\/wp\/v2\/media\/15815"}],"wp:attachment":[{"href":"https:\/\/revidigital.ielusc.br\/index.php\/wp-json\/wp\/v2\/media?parent=15814"}],"wp:term":[{"taxonomy":"category","embeddable":true,"href":"https:\/\/revidigital.ielusc.br\/index.php\/wp-json\/wp\/v2\/categories?post=15814"},{"taxonomy":"post_tag","embeddable":true,"href":"https:\/\/revidigital.ielusc.br\/index.php\/wp-json\/wp\/v2\/tags?post=15814"}],"curies":[{"name":"wp","href":"https:\/\/api.w.org\/{rel}","templated":true}]}}