{"id":15941,"date":"2024-10-02T16:22:03","date_gmt":"2024-10-02T19:22:03","guid":{"rendered":"https:\/\/revidigital.ielusc.br\/?p=15941"},"modified":"2024-10-02T16:22:05","modified_gmt":"2024-10-02T19:22:05","slug":"entrevista-com-sargento-lima-conheca-as-propostas-do-candidato-do-pl-para-a-prefeitura-de-joinville","status":"publish","type":"post","link":"https:\/\/revidigital.ielusc.br\/index.php\/2024\/10\/02\/entrevista-com-sargento-lima-conheca-as-propostas-do-candidato-do-pl-para-a-prefeitura-de-joinville\/","title":{"rendered":"Entrevista com Sargento Lima: conhe\u00e7a as propostas do candidato do PL para a Prefeitura de Joinville"},"content":{"rendered":"\n<p><strong><em>Por Hayana Ribas, Ana Pinto, Luiza Rodrigues e Cau\u00ea Claro<\/em><\/strong><\/p>\n\n\n\n<p>Carlos Henrique Lima, natural de Belo Horizonte, Minas Gerais, \u00e9 atualmente deputado estadual de Santa Catarina pelo Partido Liberal (PL). Ele construiu sua carreira com base em pouco mais de trinta anos de experi\u00eancia na \u00e1rea de seguran\u00e7a p\u00fablica.<\/p>\n\n\n\n<p>Lima \u00e9 formado em Processos Gerenciais<strong> <\/strong>e possui p\u00f3s-gradua\u00e7\u00e3o em Gest\u00e3o de Pessoas e Recursos Humanos. Foi eleito deputado estadual pela primeira vez em 2018 pelo PSL, e reeleito em 2022 pelo PL. Lima passou pela Pol\u00edcia Militar de Santa Catarina, onde ingressou aos 18 anos. Ele atuou por 30 anos na corpora\u00e7\u00e3o, principalmente no 8\u00ba Batalh\u00e3o de Pol\u00edcia Militar em Joinville e na Pol\u00edcia Militar Rodovi\u00e1ria.<\/p>\n\n\n\n<p>Al\u00e9m de sua carreira policial, Lima tamb\u00e9m trabalhou como t\u00e9cnico agropecu\u00e1rio, dedicando-se \u00e0 ovinocultura e doma\u00e7\u00e3o de cavalos. Participou de Conselhos de Seguran\u00e7a (Conseg) e \u00e9 instrutor de tiro.<\/p>\n\n\n\n<p>Lima iniciou sua carreira pol\u00edtica em 2018, eleito deputado estadual pelo PSL, seguiu como candidato a deputado estadual de SC pelo partido PL em 2022 e neste ano como candidato a prefeito de Joinville, partido PL.<\/p>\n\n\n\n<p>Possui como patrim\u00f4nio declarado um Autom\u00f3vel Hyundai Creta 2022 avaliado em R$ 94 mil e um im\u00f3vel situado em Joinville de R$ 350 mil, gerando um total de bens de R$ 444 mil.<\/p>\n\n\n\n<h2 class=\"wp-block-heading\"><strong>An\u00e1lise do Plano de Governo: Sargento Lima (PL<\/strong>)<\/h2>\n\n\n\n<p>O Partido Liberal (PL), lan\u00e7ou como candidato a prefeito de Joinville, o deputado estadual Sargento Lima, e para o cargo de vice-prefeita, Fabi Venera. Carlos Henrique de Lima, conhecido politicamente como Sargento Lima, tem 52 anos e est\u00e1 em seu segundo mandato consecutivo como deputado estadual. Em janeiro deste ano, Lima se licenciou do cargo para assumir a Secretaria de Seguran\u00e7a P\u00fablica de Santa Catarina. Por\u00e9m, deixou a fun\u00e7\u00e3o em maio para focar em sua candidatura \u00e0 prefeitura de Joinville. O Plano de Governo apresentado pelo candidato do PL consta com 139 propostas ao todo, com destaque para o setor de Infraestrutura e Mobilidade Urbana com 23 propostas e Educa\u00e7\u00e3o com 22.<\/p>\n\n\n\n<p><strong>Sa\u00fade: Controle de custos e terceiriza\u00e7\u00e3o de servi\u00e7os<\/strong><\/p>\n\n\n\n<p>Na sa\u00fade, uma das principais propostas de Sargento Lima \u00e9 a cria\u00e7\u00e3o de um centro de custo que promete melhorar a gest\u00e3o dos recursos financeiros destinados \u00e0 sa\u00fade. O candidato tamb\u00e9m pretende trabalhar com a telemedicina, ou seja, consultas online, por meio de conv\u00eanios com profissionais e institui\u00e7\u00f5es. Al\u00e9m disso, tamb\u00e9m ir\u00e1 incentivar \u00e0 preven\u00e7\u00e3o de doen\u00e7as como AVC, diabetes, obesidade, entre outros, em uma campanha chamada de \u201cPol\u00edtica do cidad\u00e3o saud\u00e1vel\u201d.<\/p>\n\n\n\n<p>De forma geral, as propostas para o setor da sa\u00fade do munic\u00edpio fazem sentido e podem trazer impactos positivos para a sa\u00fade local. Por\u00e9m, tem pouca \u00eanfase nos principais problemas enfrentados atualmente pela popula\u00e7\u00e3o joinvilense, que s\u00e3o a falta de hospitais e unidades de pronto atendimento, al\u00e9m da precariza\u00e7\u00e3o dos servi\u00e7os j\u00e1 dispon\u00edveis. Propostas como telemedicina tamb\u00e9m geram uma forte depend\u00eancia da terceiriza\u00e7\u00e3o dos servi\u00e7os de sa\u00fade, o que gera um alto custo para o munic\u00edpio, al\u00e9m do risco de precariza\u00e7\u00e3o na qualidade dos servi\u00e7os prestados.<\/p>\n\n\n\n<p><strong>Educa\u00e7\u00e3o: Fiscaliza\u00e7\u00e3o e patriotismo<\/strong><\/p>\n\n\n\n<p>No setor da Educa\u00e7\u00e3o, a primeira proposta apresentada no documento \u00e9 o combate \u00e0 doutrina\u00e7\u00e3o ideol\u00f3gica de g\u00eanero nas escolas. Seguindo as demais propostas, as quatro propostas seguintes abrangem incluir no curr\u00edculo escolar seguran\u00e7a p\u00fablica, defesa civil na escola, educa\u00e7\u00e3o no tr\u00e2nsito, educa\u00e7\u00e3o financeira e no\u00e7\u00f5es de civismo; Implanta\u00e7\u00e3o de escolas c\u00edvico-militar municipal em Joinville; Refor\u00e7ar nas escolas municipais os valores de cidadania, patriotismo e respeito \u00e0 autoridade e Restabelecer o retorno do Dia dos Pais e das M\u00e3es como data comemorativa nas escolas municipais, sem excluir o Dia da Fam\u00edlia. Tais propostas demonstram uma grande influ\u00eancia pol\u00edtica\/ideol\u00f3gica do candidato no setor da educa\u00e7\u00e3o, sendo prometidas a\u00e7\u00f5es para fortalecer o patriotismo, no\u00e7\u00f5es de hierarquia e combate a uma doutrina\u00e7\u00e3o que n\u00e3o h\u00e1 provas da exist\u00eancia, em detrimento de propostas que realmente demonstrem preocupa\u00e7\u00e3o com a qualidade do ensino do munic\u00edpio.<\/p>\n\n\n\n<p>Al\u00e9m disso, o candidato promete investir em equipamentos de fiscaliza\u00e7\u00e3o e seguran\u00e7a nas escolas municipais, melhorar o servi\u00e7o de transporte escolar, no caso incluir monitores nos \u00f4nibus escolares. Lima tamb\u00e9m promete investimentos para aumentar a presen\u00e7a do esporte nas escolas e projetos para o ensino de pessoas com Transtorno de Espectro Austista (TEA). Por fim, tamb\u00e9m cita o incentivo a programas de aux\u00edlio financeiro externo, como o programa Abrace uma Escola, no qual uma empresa privada mant\u00e9m um conv\u00eanio com o munic\u00edpio e investe em uma escola municipal e a permiss\u00e3o de ONG\u2019s e Associa\u00e7\u00f5es para uso das quadras das escolas, para o desenvolvimento de projetos sem fins lucrativos.<\/p>\n\n\n\n<p><strong>Infraestrutura e Mobilidade Urbana: PPPs e financiamento comunit\u00e1rio<\/strong><\/p>\n\n\n\n<p>Na infraestrutura urbana, o Plano de Governo do PL promete diversas obras que prometem melhorar a mobilidade urbana, como a constru\u00e7\u00e3o de viadutos, duplica\u00e7\u00e3o da Rua Dona Francisca em at\u00e9 o Parque Perini, duplica\u00e7\u00e3o de avenidas e a cria\u00e7\u00e3o do anel vi\u00e1rio Leste, que ir\u00e1 ligar o Eixo Sul, desde o bairro Itinga at\u00e9 a Avenida Santos Dumont e, assim, interligar a Estrada do Rio do Morro, distrito industrial do Paranaguamirim, ponte Joinville e a Beira Mangue, abrangendo os bairros Comasa, Jardim Iriri\u00fa e Aventureiro. Al\u00e9m disso, Lima tamb\u00e9m pretende criar o programa Joinville 100%, onde ir\u00e1 utilizar de financiamento comunit\u00e1rio para a pavimenta\u00e7\u00e3o de ruas.<\/p>\n\n\n\n<p>Outro ponto importante do plano do PL, \u00e9 a flexibiliza\u00e7\u00e3o das faixas de \u00f4nibus, que segundo o partido, ficam ociosas durante grande parte do dia. A viabilidade dessa proposta \u00e9 question\u00e1vel, pois al\u00e9m do risco de prejudicar o funcionamento das linhas de \u00f4nibus j\u00e1 existentes, o aumento da quantidade de itiner\u00e1rios \u00e9 um pedido frequente da popula\u00e7\u00e3o joinvilense, especialmente moradores de \u00e1reas perif\u00e9ricas. Portanto, a falta de foco no transporte p\u00fablico coletivo pode prejudicar ainda mais um sistema que j\u00e1 causa insatisfa\u00e7\u00e3o no munic\u00edpio.<\/p>\n\n\n\n<p>As PPPs, Parcerias P\u00fablico e Privado, tamb\u00e9m s\u00e3o citadas em diversas propostas do plano de governo, como a constru\u00e7\u00e3o da Arena Joinville, manuten\u00e7\u00e3o de parques e pra\u00e7as e ilumina\u00e7\u00e3o p\u00fablica. O uso excessivo de parcerias com o setor privado traz um risco, pois considerando o hist\u00f3rico do pa\u00eds e, em especial, do munic\u00edpio de Joinville, esses conv\u00eanios muitas vezes causam problemas como demora para finaliza\u00e7\u00e3o de licita\u00e7\u00f5es, superfaturamento, demora para a finaliza\u00e7\u00e3o de obras e precariza\u00e7\u00e3o da qualidade dos servi\u00e7os prestados.<\/p>\n\n\n\n<p><strong>Demais propostas<\/strong><\/p>\n\n\n\n<p>Nos demais setores, se destacam na cultura e lazer, a redu\u00e7\u00e3o da burocracia e facilitar o acesso aos editais do Sistema de incentivo a cultura, o SIMDEC, por\u00e9m com a proibi\u00e7\u00e3o de projetos que envolvem quest\u00f5es raciais, religiosas ou pol\u00edticas. O investimento do calend\u00e1rio de festas tradicionais, como a festa do Colono, Stammtisch, festa do Tiro Esportivo, entre outros eventos que refor\u00e7am a valoriza\u00e7\u00e3o do tradicionalismo de Joinville.<\/p>\n\n\n\n<p>Na economia, s\u00e3o apresentadas propostas como o aumento de parcerias com o setor privado e com o governo estadual e federal. E tamb\u00e9m o controle r\u00edgido de gastos, al\u00e9m de a\u00e7\u00f5es que prometem aumentar a transpar\u00eancia de gastos e redu\u00e7\u00e3o de custos sem perda de qualidade.<\/p>\n\n\n\n<p>Em a\u00e7\u00f5es sociais, Lima promete viabilizar o hor\u00e1rio estendido de funcionamento de creches, constru\u00e7\u00e3o de creches por meio de emendas parlamentares e cria\u00e7\u00e3o de locais de acolhimento para moradores de rua. Al\u00e9m de viabilizar a cria\u00e7\u00e3o do Mercado Popular, onde ser\u00e3o oferecidos produtos da cesta b\u00e1sica com pre\u00e7os subsidiados para popula\u00e7\u00e3o de baixa renda e risco social.<\/p>\n\n\n\n<p>Para a seguran\u00e7a, o candidato promete estudar a amplia\u00e7\u00e3o da Guarda Municipal, busca de recursos federais para a seguran\u00e7a p\u00fablica, gest\u00e3o junto ao governo Estadual para aumentar o efetivo de policiais militares e policiais civis em Joinville. E tamb\u00e9m criar o Projeto \u201cCidad\u00e3o Seguro\u201d, que ir\u00e1 incentivar a participa\u00e7\u00e3o do cidad\u00e3o na seguran\u00e7a da cidade e pessoal.<\/p>\n\n\n\n<p>Tamb\u00e9m \u00e9 citado no documento a amplia\u00e7\u00e3o das instala\u00e7\u00f5es da rede de esgoto e de \u00e1gua do munic\u00edpio, com o objetivo de atingir os \u00edndices previstos no Marco Temporal em coordena\u00e7\u00e3o com a Companhia \u00c1guas de Joinville.<\/p>\n\n\n\n<p><strong>An\u00e1lise do plano<\/strong><\/p>\n\n\n\n<p>O plano de governo do candidato Sargento Lima carrega uma forte identifica\u00e7\u00e3o com os valores conservadores do Partido Liberal. Foram apresentadas diversas quest\u00f5es ideol\u00f3gicas como o combate \u00e0 \u201cideologia de g\u00eanero\u201d, cria\u00e7\u00e3o de col\u00e9gios civil-militares e proibi\u00e7\u00e3o de projetos culturais que envolvam quest\u00f5es pol\u00edticas, religiosas ou raciais. Propostas essas que n\u00e3o s\u00e3o de interesse p\u00fablico, pois visam a satisfa\u00e7\u00e3o de uma parcela da popula\u00e7\u00e3o, que embora possa ser maioria, n\u00e3o representa a totalidade da popula\u00e7\u00e3o joinvilense. Al\u00e9m disso, o plano de governo de Lima apresenta uma forte depend\u00eancia de investimentos da pr\u00f3pria popula\u00e7\u00e3o e, principalmente, de parcerias com o setor privado e Governo Federal e Estadual, o que traz s\u00e9rios riscos em rela\u00e7\u00e3o \u00e0 viabiliza\u00e7\u00e3o destes projetos. Pois, apesar da proximidade do candidato com o Governador do estado de Santa Catarina, Jorginho Mello, n\u00e3o \u00e9 poss\u00edvel garantir o aumento de verbas estaduais para a realiza\u00e7\u00e3o dos projetos. Enquanto com o Governo Federal, o risco \u00e9 ainda maior, pois al\u00e9m das diferen\u00e7as ideol\u00f3gicas com o Governo do Presidente Lula, a economia Federal se encontra em um momento de altas d\u00edvidas externas, o que dificulta o aumento de novos investimentos.<\/p>\n\n\n\n<h2 class=\"wp-block-heading\"><strong>Entrevista com o candidato Sargento Lima<\/strong><\/h2>\n\n\n\n<p>Na tarde da \u00faltima quarta-feira, 18, o candidato a prefeito de Joinville, Sargento Lima, concedeu uma entrevista exclusiva \u00e0 Revi Digital, onde abordou suas propostas e vis\u00e3o para a cidade. Com uma trajet\u00f3ria marcada por sua atua\u00e7\u00e3o como deputado estadual e sua carreira militar, Lima destacou a import\u00e2ncia de envolver a popula\u00e7\u00e3o nas decis\u00f5es que impactam diretamente a comunidade.<\/p>\n\n\n\n<p><strong>Participa\u00e7\u00e3o popular e transpar\u00eancia<\/strong><\/p>\n\n\n\n<p>Ao ser questionado sobre como pretende envolver os joinvilenses nas decis\u00f5es importantes da cidade, Sargento Lima destacou o compromisso com a transpar\u00eancia e o di\u00e1logo, garantindo a cria\u00e7\u00e3o de audi\u00eancias p\u00fablicas como uma solu\u00e7\u00e3o que promete envolver a popula\u00e7\u00e3o e gerar mudan\u00e7as concretas para o munic\u00edpio.<\/p>\n\n\n\n<p><strong>Educa\u00e7\u00e3o p\u00fablica<\/strong><\/p>\n\n\n\n<p>Sobre a educa\u00e7\u00e3o, Lima listou a falta de professores da rede p\u00fablica de ensino como um dos principais problemas da \u00e1rea e revelou o que pretende fazer para mudar a atual situa\u00e7\u00e3o. &#8220;Hoje, das 162 escolas municipais que n\u00f3s temos em Joinville, 20 delas, segundo o pr\u00f3prio sindicato dos professores, faltam professores de mat\u00e9rias essenciais como matem\u00e1tica, geografia e portugu\u00eas. N\u00f3s vamos realizar concursos p\u00fablicos para suprir essas vagas\u201d, explicou.<\/p>\n\n\n\n<p><strong>Sa\u00fade e a quest\u00e3o das filas<\/strong><\/p>\n\n\n\n<p>Em rela\u00e7\u00e3o aos desafios enfrentados na sa\u00fade p\u00fablica, o candidato reconheceu as longas filas nos postos de sa\u00fade e hospitais municipais. \u201cEm nosso plano de governo est\u00e1 incluso o projeto \u2018Mutir\u00e3o dos exames e consultas\u2019. Hoje, 30 mil joinvilenses aguardam para fazer uma consulta e 20 mil pessoas aguardam para fazer um exame. N\u00f3s iremos fazer a distribui\u00e7\u00e3o desses exames e consultas de forma mais organizada, que isso realmente seja um direito de acesso do cidad\u00e3o. Vou trabalhar com hor\u00e1rio prolongado nos postos de sa\u00fade, oferecendo os profissionais de sa\u00fade, m\u00e9dico, enfermeiro, t\u00e9cnico de enfermagem e atendente\u201d, explicou.<\/p>\n\n\n\n<p><strong>Atra\u00e7\u00e3o de investimentos e gera\u00e7\u00e3o de empregos<\/strong><\/p>\n\n\n\n<p>O candidato tamb\u00e9m discutiu suas estrat\u00e9gias para atrair investimentos e gerar empregos em Joinville. &#8220;Primeiro a gente precisa parar de perder, antes de atrair. Existem \u2018ca\u00e7adores de oportunidades\u2019 pelo Brasil inteiro, quando ele v\u00ea que<\/p>\n\n\n\n<p>um munic\u00edpio est\u00e1 perdendo, ele tira aquele munic\u00edpio do radar, ou seja, ele j\u00e1 n\u00e3o vai mais buscar aquele local para poder investir porque ele v\u00ea uma movimenta\u00e7\u00e3o de migra\u00e7\u00e3o de dentro do munic\u00edpio para o munic\u00edpio vizinho&#8221;, destacou Lima.<\/p>\n\n\n\n<p>O deputado estadual tamb\u00e9m criticou as promessas de redu\u00e7\u00e3o de impostos de seus advers\u00e1rios. \u201cN\u00f3s temos que reter aqueles que est\u00e3o aqui, \u00e9 imposs\u00edvel trabalhar com as leis que j\u00e1 s\u00e3o sacramentadas quando se trata de arrecada\u00e7\u00e3o do munic\u00edpio, quem fala que vai diminuir impostos aqui dentro est\u00e1 mentindo. Na nossa administra\u00e7\u00e3o vamos oferecer as mesmas oportunidades e reter os bons neg\u00f3cios que n\u00f3s temos aqui.\u201d<\/p>\n\n\n\n<p><strong>Apoio \u00e0 popula\u00e7\u00e3o idosa e o programa \u201c70 Mais\u201d<\/strong><\/p>\n\n\n\n<p>Sargento Lima tamb\u00e9m se comprometeu a apoiar a popula\u00e7\u00e3o idosa atrav\u00e9s do programa \u201c70 Mais\u201d. \u201cA ideia \u00e9 criar um local de recrea\u00e7\u00e3o, entretenimento, de ocupa\u00e7\u00e3o do espa\u00e7o, como se fosse uma creche. Um lugar onde a gente pode aproveitar todos os estudantes da universidade gratuita que logo mais estar\u00e3o no mercado de trabalho e utiliz\u00e1-los, fisioterapeutas, fonoaudi\u00f3logas e toda uma gama de profissionais que conseguimos envolver sem custo nenhum para o munic\u00edpio.\u201d, explicou.<\/p>\n\n\n\n<p><strong>Combate \u00e0 doutrina\u00e7\u00e3o ideol\u00f3gica nas escolas<\/strong><\/p>\n\n\n\n<p>Um dos temas que mais polariza a sociedade atualmente est\u00e1 presente no plano de governo do candidato, o combate a doutrina\u00e7\u00e3o ideol\u00f3gica nas escolas. Ao ser questionado sobre como o candidato pretende tratar do tema nas escolas, Lima foi direto.<\/p>\n\n\n\n<p>\u201cPrimeiro conscientizando o jovem para ele deixar de ser uma massa de manobra na m\u00e3o das pessoas, a escolha da sexualidade do indiv\u00edduo n\u00e3o \u00e9 uma pauta, n\u00e3o \u00e9 uma bandeira. Quando voc\u00ea fala que est\u00e1 faltando professores dentro da sala de aula, voc\u00ea n\u00e3o pode suprir uma lacuna que ficou aberta que era para educa\u00e7\u00e3o com outras pautas. A crian\u00e7a tem que ir para escola para se preparar bem, principalmente no fundamental que \u00e9 quando o indiv\u00edduo ainda est\u00e1 se formando&#8221;, afirmou o candidato.<\/p>\n\n\n\n<p><strong>Estrat\u00e9gias para enfrentar o cen\u00e1rio pol\u00edtico nacional<\/strong><\/p>\n\n\n\n<p>Em um cen\u00e1rio pol\u00edtico nacional marcado pela presid\u00eancia do Partido Trabalhista, Sargento Lima foi questionado sobre como pretende lidar com o ambiente pol\u00edtico, considerando que seu partido, o PL, \u00e9 oposi\u00e7\u00e3o ao governo federal. &#8220;O Estado de Santa Catarina \u00e9 o quinto estado da federa\u00e7\u00e3o a enviar recursos para Bras\u00edlia e o vig\u00e9simo segundo a voltar para c\u00e1, minhas cr\u00edticas v\u00e3o em cima da esquerda, v\u00e3o em cima da direita, v\u00e3o em cima do centro e de qualquer um que n\u00e3o discuta o pacto federativo. Eu quero saber dos mais de quinhentos deputados que n\u00f3s temos, mais de oitenta senadores, qual deles est\u00e1 falando sobre<\/p>\n\n\n\n<p>o pacto federativo? Que \u00e9 tornar justa a distribui\u00e7\u00e3o, 25% daquilo que voc\u00ea manda voc\u00ea tem que receber de volta e n\u00f3s estamos recebendo muitas vezes menos que 10%. Independente de qualquer governo que esteja l\u00e1, eu vou bater na porta, e vou falar \u2018o dinheiro do catarinense tem que voltar para o Estado de Santa Catarina\u2019&#8221;, explicou.<\/p>\n\n\n\n<p><strong>Diferen\u00e7as em rela\u00e7\u00e3o \u00e0 gest\u00e3o atual<\/strong><\/p>\n\n\n\n<p>Quando perguntado sobre o que faria de diferente em rela\u00e7\u00e3o ao atual prefeito Adriano Silva, Lima foi direto. &#8220;Muitas coisas. A primeira delas seria trabalhando naquilo que a gente levantou durante a constru\u00e7\u00e3o do nosso plano de governo, feito totalmente em cima daquilo que a gente escuta nas ruas, nas associa\u00e7\u00f5es, com os vereadores, estudantes, com profissionais liberais, com empres\u00e1rios, etc, esta vai ser a diferen\u00e7a, fazer uma administra\u00e7\u00e3o participativa&#8221;, comentou.<\/p>\n\n\n\n<p>Al\u00e9m disso, o candidato condenou a aus\u00eancia de seguran\u00e7a na cidade e afirmou que, sendo eleito, essa ser\u00e1 uma quest\u00e3o resolvida. \u201cO que vai ter diferente da minha administra\u00e7\u00e3o e que voc\u00ea n\u00e3o vai andar pelo centro da cidade de Joinville e sentir pavor depois das 18h da noite, hoje voc\u00ea anda em um lugar abandonado, escuro, casas com telhado caindo, usu\u00e1rios de droga vindo de todas as partes do pa\u00eds sendo recebidos aqui e nenhuma a\u00e7\u00e3o mais contundente sendo feita em rela\u00e7\u00e3o a isso. Isso que vai ser feito de diferente no meu governo, voc\u00eas ter\u00e3o seguran\u00e7a em Joinville\u201d.<\/p>\n\n\n\n<p><strong>An\u00e1lise das pesquisas eleitorais<\/strong><\/p>\n\n\n\n<p>Por fim, Sargento Lima comentou sobre o cen\u00e1rio atual nas pesquisas eleitorais. \u201cFico extremamente otimista. Vamos voltar para 2018, eu n\u00e3o aparecia na pesquisa para candidato a deputado estadual, se eu pegava aquela pesquisa at\u00e9 me entristecia porque eu n\u00e3o tinha habilidade pol\u00edtica, elegemos dois deputados e eu era um deles. Nas elei\u00e7\u00f5es de 2022 eu estava atr\u00e1s de T\u00e2nia Larson e Maur\u00edcio Peixer e fui o quarto mais votado no estado. Em 2022, o meu governador, Jorginho Mello, tinha apenas 3.7% na pesquisa. Se diminuir meu n\u00famero (de porcentagem), isso s\u00f3 me d\u00e1 mais certeza de que eu terei mais votos\u201d, concluiu.<\/p>\n\n\n\n<p><a href=\"https:\/\/youtu.be\/aV0pkIAyZrI\">Link da entrevista no Youtube.<\/a><\/p>\n","protected":false},"excerpt":{"rendered":"<p>Por Hayana Ribas, Ana Pinto, Luiza Rodrigues e Cau\u00ea Claro Carlos Henrique Lima, natural de Belo Horizonte, Minas Gerais, \u00e9 atualmente deputado estadual de Santa Catarina pelo Partido Liberal (PL). Ele construiu sua carreira com base em pouco mais de trinta anos de experi\u00eancia na \u00e1rea de seguran\u00e7a p\u00fablica. Lima \u00e9 formado em Processos Gerenciais [&hellip;]<\/p>\n","protected":false},"author":1,"featured_media":15949,"comment_status":"open","ping_status":"open","sticky":false,"template":"","format":"standard","meta":{"footnotes":""},"categories":[188],"tags":[48,34],"_links":{"self":[{"href":"https:\/\/revidigital.ielusc.br\/index.php\/wp-json\/wp\/v2\/posts\/15941"}],"collection":[{"href":"https:\/\/revidigital.ielusc.br\/index.php\/wp-json\/wp\/v2\/posts"}],"about":[{"href":"https:\/\/revidigital.ielusc.br\/index.php\/wp-json\/wp\/v2\/types\/post"}],"author":[{"embeddable":true,"href":"https:\/\/revidigital.ielusc.br\/index.php\/wp-json\/wp\/v2\/users\/1"}],"replies":[{"embeddable":true,"href":"https:\/\/revidigital.ielusc.br\/index.php\/wp-json\/wp\/v2\/comments?post=15941"}],"version-history":[{"count":3,"href":"https:\/\/revidigital.ielusc.br\/index.php\/wp-json\/wp\/v2\/posts\/15941\/revisions"}],"predecessor-version":[{"id":15951,"href":"https:\/\/revidigital.ielusc.br\/index.php\/wp-json\/wp\/v2\/posts\/15941\/revisions\/15951"}],"wp:featuredmedia":[{"embeddable":true,"href":"https:\/\/revidigital.ielusc.br\/index.php\/wp-json\/wp\/v2\/media\/15949"}],"wp:attachment":[{"href":"https:\/\/revidigital.ielusc.br\/index.php\/wp-json\/wp\/v2\/media?parent=15941"}],"wp:term":[{"taxonomy":"category","embeddable":true,"href":"https:\/\/revidigital.ielusc.br\/index.php\/wp-json\/wp\/v2\/categories?post=15941"},{"taxonomy":"post_tag","embeddable":true,"href":"https:\/\/revidigital.ielusc.br\/index.php\/wp-json\/wp\/v2\/tags?post=15941"}],"curies":[{"name":"wp","href":"https:\/\/api.w.org\/{rel}","templated":true}]}}