{"id":16007,"date":"2024-10-17T13:54:10","date_gmt":"2024-10-17T16:54:10","guid":{"rendered":"https:\/\/revidigital.ielusc.br\/?p=16007"},"modified":"2024-10-17T17:17:42","modified_gmt":"2024-10-17T20:17:42","slug":"__trashed","status":"publish","type":"post","link":"https:\/\/revidigital.ielusc.br\/index.php\/2024\/10\/17\/__trashed\/","title":{"rendered":"Sa\u00fade da Mulher: um tema que vai al\u00e9m do Outubro Rosa"},"content":{"rendered":"\n<p><em><strong>Por Stephanie Pierri Dumke<\/strong><\/em><\/p>\n\n\n\n<p>As mulheres s\u00e3o maioria na popula\u00e7\u00e3o brasileira, somam cerca de 51,7% do total. Mesmo assim, a preocupa\u00e7\u00e3o com a sa\u00fade da mulher \u00e9 recente. A cria\u00e7\u00e3o de&nbsp; pol\u00edticas e protocolos relacionados \u00e0 sa\u00fade feminina tem pouco mais de tr\u00eas d\u00e9cadas.&nbsp;<\/p>\n\n\n\n<p>A aten\u00e7\u00e3o ao tema s\u00f3 surgiu ap\u00f3s a cria\u00e7\u00e3o do Programa de Assist\u00eancia Integral \u00e0 Sa\u00fade da Mulher (PAISM), criado em 1984 com a proposta de descentraliza\u00e7\u00e3o e regionaliza\u00e7\u00e3o de servi\u00e7os, incluindo a\u00e7\u00f5es educativas, preventivas, de diagn\u00f3stico, tratamento e recupera\u00e7\u00e3o de doen\u00e7as que afetam exclusivamente mulheres.<\/p>\n\n\n\n<p>Atualmente, a sa\u00fade feminina \u00e9 tema de diversas campanhas durante o ano, como o Mar\u00e7o Lil\u00e1s e Amarelo e o Outubro Rosa. Nestes meses fica evidenciada a necessidade de preven\u00e7\u00e3o de doen\u00e7as, por\u00e9m \u00e9 importante darmos aten\u00e7\u00e3o a este tema durante todo o ano, j\u00e1 que essas doen\u00e7as s\u00e3o causas de altos \u00edndices de mortalidade no pa\u00eds.<\/p>\n\n\n\n<p>Segundo o <a href=\"https:\/\/www.gov.br\/inca\/pt-br\">Instituto Nacional de C\u00e2ncer<\/a> (INCA), <strong>o c\u00e2ncer de mama \u00e9 a primeira causa de morte por c\u00e2ncer na popula\u00e7\u00e3o feminina no Brasil<\/strong>, exceto na regi\u00e3o Norte do pa\u00eds, onde o c\u00e2ncer do colo do \u00fatero ocupa o primeiro lugar. A taxa de mortalidade por c\u00e2ncer de mama em 2020 foi de 11,84 \u00f3bitos a cada 100.000 mulheres, com as maiores taxas nas regi\u00f5es Sudeste e Sul, com 12,64 e 12,79 \u00f3bitos a cada 100.000 mulheres, respectivamente.&nbsp;<\/p>\n\n\n\n<h2 class=\"wp-block-heading\"><strong>Campanhas de conscientiza\u00e7\u00e3o&nbsp;<\/strong><\/h2>\n\n\n\n<p>Em mar\u00e7o ocorrem duas campanhas voltadas para a sa\u00fade feminina: Mar\u00e7o Lil\u00e1s, que trata da preven\u00e7\u00e3o do c\u00e2ncer de colo do \u00fatero e o Mar\u00e7o Amarelo, criado para conscientizar a popula\u00e7\u00e3o sobre a realiza\u00e7\u00e3o de exames que ajudem a identificar pacientes com endometriose.<\/p>\n\n\n\n<p>A <a href=\"https:\/\/bvsms.saude.gov.br\/endometriose\/\">endometriose<\/a> \u00e9 uma doen\u00e7a inflamat\u00f3ria cr\u00f4nica que afeta de 10% a 15% das mulheres em idade reprodutiva. Segundo a Associa\u00e7\u00e3o Brasileira de <a href=\"https:\/\/sbendometriose.com.br\/\">Endometriose<\/a>, mais de 30% dos casos de endometriose levam \u00e0 infertilidade. Somente em 2021, mais de 26,4 mil atendimentos foram feitos no Sistema \u00danico de Sa\u00fade (SUS), e oito mil interna\u00e7\u00f5es para tratamento da doen\u00e7a foram registradas na rede p\u00fablica de sa\u00fade.<\/p>\n\n\n\n<p>Mais divulgado e tamb\u00e9m conhecido pela popula\u00e7\u00e3o, o Outubro Rosa \u00e9 uma campanha de conscientiza\u00e7\u00e3o para a preven\u00e7\u00e3o do c\u00e2ncer de mama, doen\u00e7a que atinge cerca de 60 mil mulheres ao ano no Brasil, segundo o INCA.<\/p>\n\n\n\n<p>O c\u00e2ncer de mama \u00e9 o tipo que mais acomete mulheres em todo o mundo, tanto em pa\u00edses em desenvolvimento quanto em pa\u00edses desenvolvidos. Cerca de 2,3 milh\u00f5es de casos novos foram estimados para o ano de 2020 em todo o mundo. Para o Brasil, foram estimados 66.280 casos novos de c\u00e2ncer de mama em 2021, com um risco de cerca de 61 casos a cada 100 mil mulheres. Para 2023, 17.010 casos novos s\u00e3o estimados.<\/p>\n\n\n\n<p>\u00c9 importante ressaltar que homens tamb\u00e9m desenvolvem c\u00e2ncer de mama, mas estima-se que a incid\u00eancia nesse grupo representa apenas 1% de todos os casos da doen\u00e7a.&nbsp;<\/p>\n\n\n\n<p>Para Marilda Maestri, enfermeira da Rede Feminina de Combate ao C\u00e2ncer de Joinville, a melhor forma de preven\u00e7\u00e3o \u00e9 a realiza\u00e7\u00e3o do exame periodicamente. \u201cPodemos detectar precocemente les\u00f5es e fazer o diagn\u00f3stico da doen\u00e7a antes mesmo dos sintomas aparecerem\u201d, afirma ela.<\/p>\n\n\n\n<h2 class=\"wp-block-heading\"><strong>Rede Feminina de Combate ao C\u00e2ncer de Joinville<\/strong><\/h2>\n\n\n\n<figure class=\"wp-block-image size-full\"><img decoding=\"async\" loading=\"lazy\" width=\"800\" height=\"348\" src=\"https:\/\/revidigital.ielusc.br\/wp-content\/uploads\/2024\/10\/79236740_742796779566076_2670163459773038592_o-800x348-1.webp\" alt=\"\" class=\"wp-image-16013\"\/><figcaption class=\"wp-element-caption\">Cr\u00e9ditos: Rede Feminina de Combate ao C\u00e2ncer\/Divulga\u00e7\u00e3o.<\/figcaption><\/figure>\n\n\n\n<p>Durante as campanhas de conscientiza\u00e7\u00e3o, as institui\u00e7\u00f5es de sa\u00fade p\u00fablica e privada promovem a\u00e7\u00f5es para mobilizar a popula\u00e7\u00e3o sobre os riscos das doen\u00e7as que acometem as mulheres, os sintomas e a melhor forma de se prevenir. As a\u00e7\u00f5es acontecem de formas distintas, mas todas possuem o mesmo objetivo: reduzir o n\u00famero de mortes e promover a preven\u00e7\u00e3o desde cedo.<\/p>\n\n\n\n<p>Neste sentido, o trabalho desenvolvido na <a href=\"https:\/\/redefemininajoinville.com.br\/\">Rede Feminina de Combate ao C\u00e2ncer<\/a> tem um papel fundamental na preven\u00e7\u00e3o das doen\u00e7as e na conscientiza\u00e7\u00e3o das mulheres quanto aos cuidados com a sa\u00fade. Atualmente a Rede trabalha com a\u00e7\u00f5es de preven\u00e7\u00e3o e&nbsp; de assist\u00eancia e tratamento de doen\u00e7as relacionadas unicamente \u00e0s mulheres.<\/p>\n\n\n\n<p>O diagn\u00f3stico precoce \u00e9 fundamental para o tratamento eficaz do c\u00e2ncer de mama. Por isso, \u00e9 importante que as mulheres realizem regularmente o autoexame das mamas e consultem um m\u00e9dico em caso de qualquer altera\u00e7\u00e3o.&nbsp;<\/p>\n\n\n\n<p>Para Andr\u00e9a Dumke, o <a href=\"https:\/\/eurofarma.com.br\/artigos\/como-realizar-o-autoexame-das-mamas#:~:text=O%20autoexame%20pode%20ser%20feito,abaixados%20e%20m%C3%A3os%20na%20cintura.\">autoexame<\/a> foi essencial para o diagn\u00f3stico precoce do C\u00e2ncer de Mama. Ap\u00f3s identificar um n\u00f3dulo, buscou um especialista e conseguiu identificar e tratar o c\u00e2ncer rapidamente. \u201cEu fui atendida rapidamente no SUS, realizei o tratamento com quimioterapia diretamente no Hospital S\u00e3o Jos\u00e9 de Joinville, e ap\u00f3s sete sess\u00f5es, consegui o agendamento da cirurgia\u201d, conta ela. \u201cMeu tratamento foi r\u00e1pido, durou cerca de 4 meses.\u201d<\/p>\n\n\n\n<p>Al\u00e9m disso, a mamografia \u00e9 uma ferramenta importante para a detec\u00e7\u00e3o precoce da doen\u00e7a e deve ser realizada regularmente conforme orienta\u00e7\u00e3o m\u00e9dica.<\/p>\n","protected":false},"excerpt":{"rendered":"<p>Por Stephanie Pierri Dumke As mulheres s\u00e3o maioria na popula\u00e7\u00e3o brasileira, somam cerca de 51,7% do total. Mesmo assim, a preocupa\u00e7\u00e3o com a sa\u00fade da mulher \u00e9 recente. A cria\u00e7\u00e3o de&nbsp; pol\u00edticas e protocolos relacionados \u00e0 sa\u00fade feminina tem pouco mais de tr\u00eas d\u00e9cadas.&nbsp; A aten\u00e7\u00e3o ao tema s\u00f3 surgiu ap\u00f3s a cria\u00e7\u00e3o do Programa [&hellip;]<\/p>\n","protected":false},"author":1,"featured_media":16014,"comment_status":"open","ping_status":"open","sticky":false,"template":"","format":"standard","meta":{"footnotes":""},"categories":[17],"tags":[48,18,1667],"_links":{"self":[{"href":"https:\/\/revidigital.ielusc.br\/index.php\/wp-json\/wp\/v2\/posts\/16007"}],"collection":[{"href":"https:\/\/revidigital.ielusc.br\/index.php\/wp-json\/wp\/v2\/posts"}],"about":[{"href":"https:\/\/revidigital.ielusc.br\/index.php\/wp-json\/wp\/v2\/types\/post"}],"author":[{"embeddable":true,"href":"https:\/\/revidigital.ielusc.br\/index.php\/wp-json\/wp\/v2\/users\/1"}],"replies":[{"embeddable":true,"href":"https:\/\/revidigital.ielusc.br\/index.php\/wp-json\/wp\/v2\/comments?post=16007"}],"version-history":[{"count":4,"href":"https:\/\/revidigital.ielusc.br\/index.php\/wp-json\/wp\/v2\/posts\/16007\/revisions"}],"predecessor-version":[{"id":16015,"href":"https:\/\/revidigital.ielusc.br\/index.php\/wp-json\/wp\/v2\/posts\/16007\/revisions\/16015"}],"wp:featuredmedia":[{"embeddable":true,"href":"https:\/\/revidigital.ielusc.br\/index.php\/wp-json\/wp\/v2\/media\/16014"}],"wp:attachment":[{"href":"https:\/\/revidigital.ielusc.br\/index.php\/wp-json\/wp\/v2\/media?parent=16007"}],"wp:term":[{"taxonomy":"category","embeddable":true,"href":"https:\/\/revidigital.ielusc.br\/index.php\/wp-json\/wp\/v2\/categories?post=16007"},{"taxonomy":"post_tag","embeddable":true,"href":"https:\/\/revidigital.ielusc.br\/index.php\/wp-json\/wp\/v2\/tags?post=16007"}],"curies":[{"name":"wp","href":"https:\/\/api.w.org\/{rel}","templated":true}]}}