{"id":16047,"date":"2024-10-21T19:41:21","date_gmt":"2024-10-21T22:41:21","guid":{"rendered":"https:\/\/revidigital.ielusc.br\/?p=16047"},"modified":"2024-10-21T19:41:23","modified_gmt":"2024-10-21T22:41:23","slug":"semana-lixo-zero-academicos-de-jornalismo-produzem-webserie-sobre-o-ciclo-da-reciclagem","status":"publish","type":"post","link":"https:\/\/revidigital.ielusc.br\/index.php\/2024\/10\/21\/semana-lixo-zero-academicos-de-jornalismo-produzem-webserie-sobre-o-ciclo-da-reciclagem\/","title":{"rendered":"Semana Lixo Zero: acad\u00eamicos de jornalismo produzem webs\u00e9rie sobre o ciclo da reciclagem\u00a0"},"content":{"rendered":"\n<p>A webs\u00e9rie EcoCiclo, composta por quatro epis\u00f3dios, traz \u00e0 tona hist\u00f3rias inspiradoras de pessoas e entidades que est\u00e3o transformando a forma como lidamos com os res\u00edduos s\u00f3lidos e org\u00e2nicos e promovendo uma cultura de sustentabilidade. Com o objetivo de sensibilizar a sociedade sobre a import\u00e2ncia de a\u00e7\u00f5es concretas rumo a um mundo Lixo Zero, a s\u00e9rie destaca l\u00edderes que est\u00e3o \u00e0 frente de iniciativas que impactam diretamente o meio ambiente e suas comunidades.&nbsp;<\/p>\n\n\n\n<p>A webs\u00e9rie foi produzida pelos acad\u00eamicos da 4\u00aa fase do curso de Jornalismo da Faculdade IELUSC, como atividade da disciplina Produ\u00e7\u00e3o Audiovisual II. A produ\u00e7\u00e3o foi feita em parceria com o <a href=\"https:\/\/www.semanalixozero.eco.br\/joinville\" data-type=\"link\" data-id=\"https:\/\/www.semanalixozero.eco.br\/joinville\">Coletivo Lixo Zero<\/a>. Os epis\u00f3dios v\u00e3o ao ar a partir desta ter\u00e7a-feira, 22, no Instagram da <a href=\"https:\/\/www.instagram.com\/revidigital.ielusc\/\" data-type=\"link\" data-id=\"https:\/\/www.instagram.com\/revidigital.ielusc\/\">Revi Digital<\/a>, do <a href=\"https:\/\/www.instagram.com\/jornalismoielusc\/\" data-type=\"link\" data-id=\"https:\/\/www.instagram.com\/jornalismoielusc\/\">curso de Jornalismo <\/a>e do <a href=\"https:\/\/www.instagram.com\/joinville.lixozero\/\">Coletivo Lixo Zero<\/a>. A iniciativa \u00e9 uma das a\u00e7\u00f5es em prol da Semana Lixo Zero, que acontece at\u00e9 o dia 27 de outubro. Cada epis\u00f3dio aborda um aspecto essencial para a constru\u00e7\u00e3o de uma economia mais consciente e respons\u00e1vel.<\/p>\n\n\n\n<p>A estreia da webs\u00e9rie apresenta<strong> <\/strong>Vanessa Speckhahn, nutricionista e volunt\u00e1ria do Coletivo Lixo Zero h\u00e1 quase 10 anos. Vanessa compartilha sua jornada na luta pela redu\u00e7\u00e3o de res\u00edduos e como pequenas mudan\u00e7as di\u00e1rias podem fazer a diferen\u00e7a na preserva\u00e7\u00e3o ambiental. Sua hist\u00f3ria mostra o poder da transforma\u00e7\u00e3o individual como ferramenta de mobiliza\u00e7\u00e3o coletiva.<br><strong><br> <\/strong>No segundo epis\u00f3dio, que ser\u00e1 exibido na quarta-feira, 23, conhecemos Luana Anderlone Braz, fundadora do Naturanda Compostagem, uma iniciativa que promove a compostagem como alternativa para a gest\u00e3o adequada de res\u00edduos org\u00e2nicos. Luana revela como pr\u00e1ticas simples e acess\u00edveis podem reduzir a quantidade de lixo encaminhada aos aterros sanit\u00e1rios e transformar o descarte em recursos valiosos.<\/p>\n\n\n\n<figure class=\"wp-block-image size-full\"><img decoding=\"async\" loading=\"lazy\" width=\"917\" height=\"1296\" src=\"https:\/\/revidigital.ielusc.br\/wp-content\/uploads\/2024\/10\/WhatsApp-Image-2024-10-21-at-19.26.58.jpeg\" alt=\"\" class=\"wp-image-16048\"\/><\/figure>\n\n\n\n<p>No terceiro epis\u00f3dio, que ser\u00e1 publicado na quinta-feira, 24, a webs\u00e9rie d\u00e1 voz a Em\u00edlia Tavares, coordenadora administrativa do ASSECREJO &#8211; Cooperativa de Reciclagem do Aventureiro. A cooperativa \u00e9 um exemplo de como a uni\u00e3o da comunidade pode criar solu\u00e7\u00f5es para o problema do lixo. Em\u00edlia compartilha os desafios e conquistas da cooperativa, destacando o impacto positivo gerado pela reciclagem no bairro Aventureiro e al\u00e9m.<\/p>\n\n\n\n<figure class=\"wp-block-image size-full\"><img decoding=\"async\" loading=\"lazy\" width=\"828\" height=\"828\" src=\"https:\/\/revidigital.ielusc.br\/wp-content\/uploads\/2024\/10\/WhatsApp-Image-2024-10-21-at-19.40.29.jpeg\" alt=\"\" class=\"wp-image-16052\" srcset=\"https:\/\/revidigital.ielusc.br\/wp-content\/uploads\/2024\/10\/WhatsApp-Image-2024-10-21-at-19.40.29.jpeg 828w, https:\/\/revidigital.ielusc.br\/wp-content\/uploads\/2024\/10\/WhatsApp-Image-2024-10-21-at-19.40.29-150x150.jpeg 150w\" sizes=\"(max-width: 828px) 100vw, 828px\" \/><\/figure>\n\n\n\n<p><strong><br> <\/strong>Fechando a webs\u00e9rie, na sexta-feira, 25, Joanildo Gon\u00e7alves da Luz, da empresa Termot\u00e9cnica,\u00a0 aborda a import\u00e2ncia de empresas e ind\u00fastrias adotarem pr\u00e1ticas sustent\u00e1veis. Joanildo, al\u00e9m de comprador de uma empresa externa, \u00e9 o respons\u00e1vel por dar palestras ajudando as pessoas a compreenderem melhor o que \u00e9 feito na empresa.<\/p>\n\n\n\n<figure class=\"wp-block-image size-full is-style-default\"><img decoding=\"async\" loading=\"lazy\" width=\"911\" height=\"1288\" src=\"https:\/\/revidigital.ielusc.br\/wp-content\/uploads\/2024\/10\/WhatsApp-Image-2024-10-21-at-19.26.58-2.jpeg\" alt=\"\" class=\"wp-image-16050\"\/><\/figure>\n","protected":false},"excerpt":{"rendered":"<p>A webs\u00e9rie EcoCiclo, composta por quatro epis\u00f3dios, traz \u00e0 tona hist\u00f3rias inspiradoras de pessoas e entidades que est\u00e3o transformando a forma como lidamos com os res\u00edduos s\u00f3lidos e org\u00e2nicos e promovendo uma cultura de sustentabilidade. Com o objetivo de sensibilizar a sociedade sobre a import\u00e2ncia de a\u00e7\u00f5es concretas rumo a um mundo Lixo Zero, a [&hellip;]<\/p>\n","protected":false},"author":1,"featured_media":16049,"comment_status":"open","ping_status":"open","sticky":false,"template":"","format":"standard","meta":{"footnotes":""},"categories":[97,20,852,24,26],"tags":[1840,48,1841,942,734],"_links":{"self":[{"href":"https:\/\/revidigital.ielusc.br\/index.php\/wp-json\/wp\/v2\/posts\/16047"}],"collection":[{"href":"https:\/\/revidigital.ielusc.br\/index.php\/wp-json\/wp\/v2\/posts"}],"about":[{"href":"https:\/\/revidigital.ielusc.br\/index.php\/wp-json\/wp\/v2\/types\/post"}],"author":[{"embeddable":true,"href":"https:\/\/revidigital.ielusc.br\/index.php\/wp-json\/wp\/v2\/users\/1"}],"replies":[{"embeddable":true,"href":"https:\/\/revidigital.ielusc.br\/index.php\/wp-json\/wp\/v2\/comments?post=16047"}],"version-history":[{"count":2,"href":"https:\/\/revidigital.ielusc.br\/index.php\/wp-json\/wp\/v2\/posts\/16047\/revisions"}],"predecessor-version":[{"id":16053,"href":"https:\/\/revidigital.ielusc.br\/index.php\/wp-json\/wp\/v2\/posts\/16047\/revisions\/16053"}],"wp:featuredmedia":[{"embeddable":true,"href":"https:\/\/revidigital.ielusc.br\/index.php\/wp-json\/wp\/v2\/media\/16049"}],"wp:attachment":[{"href":"https:\/\/revidigital.ielusc.br\/index.php\/wp-json\/wp\/v2\/media?parent=16047"}],"wp:term":[{"taxonomy":"category","embeddable":true,"href":"https:\/\/revidigital.ielusc.br\/index.php\/wp-json\/wp\/v2\/categories?post=16047"},{"taxonomy":"post_tag","embeddable":true,"href":"https:\/\/revidigital.ielusc.br\/index.php\/wp-json\/wp\/v2\/tags?post=16047"}],"curies":[{"name":"wp","href":"https:\/\/api.w.org\/{rel}","templated":true}]}}