{"id":16058,"date":"2024-10-22T17:47:37","date_gmt":"2024-10-22T20:47:37","guid":{"rendered":"https:\/\/revidigital.ielusc.br\/?p=16058"},"modified":"2024-10-22T17:47:39","modified_gmt":"2024-10-22T20:47:39","slug":"projeto-sustentavel-ganha-destaque-com-mais-de-100-mil-tampinhas-arrecadadas","status":"publish","type":"post","link":"https:\/\/revidigital.ielusc.br\/index.php\/2024\/10\/22\/projeto-sustentavel-ganha-destaque-com-mais-de-100-mil-tampinhas-arrecadadas\/","title":{"rendered":"Projeto sustent\u00e1vel ganha destaque com mais de 100 mil tampinhas arrecadadas"},"content":{"rendered":"\n<p>Por Luana Maia<\/p>\n\n\n\n<p>A campanha envolveu 670 alunos e promoveu empatia e solidariedade na comunidade de Jaragu\u00e1 do Sul.<\/p>\n\n\n\n<p>A sustentabilidade vem ganhando for\u00e7a nos mais diversificados setores. A maneira de consumir, o descarte correto do lixo e a preocupa\u00e7\u00e3o com h\u00e1bitos sustent\u00e1veis s\u00e3o pequenas a\u00e7\u00f5es que v\u00eam se transformando. Tampinhas de embalagens como refrigerantes, xampus e amaciantes s\u00e3o muito valorizadas na reciclagem e podem servir de moeda de troca em a\u00e7\u00f5es solid\u00e1rias.<\/p>\n\n\n\n<p>Pensando nisso, os alunos da Escola Municipal de Educa\u00e7\u00e3o B\u00e1sica Vitor Meirelles, de Jaragu\u00e1 do Sul, se uniram para criar o projeto \u201cTampinhas do Bem\u201d. O objetivo da a\u00e7\u00e3o \u00e9 arrecadar tampinhas pl\u00e1sticas e trocar por fraldas para o Hospital S\u00e3o Jos\u00e9, tamb\u00e9m na regi\u00e3o. A engenheira ambiental Mariana Emmerich destaca sobre a import\u00e2ncia do projeto para a conscientiza\u00e7\u00e3o e qualidade de vida do planeta. \u201cAcho que \u00e9 uma excelente iniciativa, pois envolve a pessoa no seu dia a dia, em casa. Acredito que \u00e9 a partir de a\u00e7\u00f5es como esta que conseguimos promover a participa\u00e7\u00e3o da sociedade na mudan\u00e7a que gostar\u00edamos de ver no mundo.\u201d<\/p>\n\n\n\n<p>Rosangela Aparecida Ramalds, diretora da escola, relata que a ideia surgiu durante uma reuni\u00e3o pedag\u00f3gica, os professores perceberam que muitas garrafas pl\u00e1sticas estavam sendo descartadas sem a devida reutiliza\u00e7\u00e3o. \u201cA coordenadora Maria do Carmo comentou que existia o projeto Tampinhas do Bem e pensamos em como ensinar que aquela tampinha poderia impactar a vida de algu\u00e9m\u201d, destacou.<\/p>\n\n\n\n<p>Essa \u00e9 uma a\u00e7\u00e3o que visa conscientizar a popula\u00e7\u00e3o sobre a import\u00e2ncia da reciclagem e do voluntariado. Rosangela destacou a import\u00e2ncia de ensinar desde cedo aos alunos o valor de pequenas a\u00e7\u00f5es que podem alcan\u00e7ar grandes feitos. \u201cEnsinar a reciclar e mostrar que n\u00e3o se pode jogar tampinhas em qualquer lugar \u00e9 essencial. Qualquer tipo de tampinha pode ser destinada a uma empresa que reutiliza esse pl\u00e1stico para fazer fraldas\u201d, avaliou.<\/p>\n\n\n\n<p>A partir dessa defini\u00e7\u00e3o, as pedagogas sugeriram fazer uma competi\u00e7\u00e3o em que cada turma arrecadaria tampinhas. Ao todo, 670 alunos participaram da campanha, reunindo cerca de 100 mil tampinhas. A pequena Lav\u00ednia Pavaneli, 7, foi uma das alunas mais engajadas. \u201cMeu av\u00f4 est\u00e1 no hospital e tamb\u00e9m precisa usar fraldas. Eu aprendi que podemos cuidar das pessoas, e ao mesmo tempo, continuar ajudando o meio ambiente\u201d, contou a aluna.<\/p>\n\n\n\n<p>De acordo com a diretora, ao iniciar a campanha, n\u00e3o se esperava que tomasse uma propor\u00e7\u00e3o t\u00e3o significativa. \u201cOs pais chegavam \u00e0 escola com caixas cheias de tampas de diversos tipos. Eles contavam que seus filhos haviam explicado a import\u00e2ncia e o prop\u00f3sito do projeto, ficamos encantados\u201d, refor\u00e7ou.<\/p>\n\n\n\n<p>Durante meses de arrecada\u00e7\u00e3o, os alunos aprenderam n\u00e3o apenas sobre reciclagem e sustentabilidade, mas tamb\u00e9m sobre empatia e solidariedade. A cada semana, novas metas eram estabelecidas, incentivando as crian\u00e7as a se superarem e a envolverem suas fam\u00edlias e amigos na coleta das tampinhas.<\/p>\n\n\n\n<h2 class=\"wp-block-heading\">Transformando o lixo em cuidado<\/h2>\n\n\n\n<p>Segundo o site Tampinhas Solid\u00e1rias, cerca de quatrocentas tampinhas pl\u00e1sticas de refrigerante s\u00e3o equivalentes a 1kg. Para comprar uma  fralda geri\u00e1trica \u00e9 necess\u00e1rio 1kg de tampinhas.<\/p>\n\n\n\n<p>As tampinhas foram entregues \u00e0 Casa S\u00e3o Jos\u00e9, que as vende para uma empresa especializada em reciclagem. Essa empresa paga R$ 2,70 por quilo de tampinhas pl\u00e1sticas, e o valor arrecadado \u00e9 destinado \u00e0 produ\u00e7\u00e3o de fraldas para os pacientes do Hospital S\u00e3o Jos\u00e9, que enfrentava problemas devido \u00e0 falta desse item de higiene pessoal.<\/p>\n\n\n\n<p>Nairo Diniz Andrade, assistente administrativo do Hospital S\u00e3o Jos\u00e9, enfatizou a import\u00e2ncia da iniciativa. \u201cO benef\u00edcio \u00e9 muito grande, pois ajuda a comunidade e os pacientes a manterem a esperan\u00e7a. Qualquer pessoa na UTI vai usar fralda e isso evita a preocupa\u00e7\u00e3o da fam\u00edlia\u201d, comentou. <\/p>\n\n\n\n<p>A falta de fraldas no hospital \u00e9 um problema recorrente e a campanha das tampinhas veio em um momento crucial. \u201cRecebemos mensalmente essas fraldas e isso faz uma enorme diferen\u00e7a para nossos pacientes e suas fam\u00edlias\u201d, explicou Nairo.<\/p>\n\n\n\n<p>As professoras destacam a dedica\u00e7\u00e3o dos estudantes, que j\u00e1 realizaram grandes gestos para a localidade. A iniciativa comprova que o agir local gera impactos significativos. Mariana Emmerich, engenheira ambiental, explica que \u201ca sustentabilidade \u00e9 essencial para a manuten\u00e7\u00e3o da vida humana na terra. Precisamos, como sociedade, compreender que nossas atividades influenciam diretamente na qualidade de vida no planeta. Se desejarmos pensar no futuro, precisamos agir no presente. Por isso, considero de extrema import\u00e2ncia falar sobre, conscientizar a popula\u00e7\u00e3o, tomarmos atitudes mais respons\u00e1veis na maneira como consumimos e nossos h\u00e1bitos\u201d.<\/p>\n","protected":false},"excerpt":{"rendered":"<p>Por Luana Maia A campanha envolveu 670 alunos e promoveu empatia e solidariedade na comunidade de Jaragu\u00e1 do Sul. A sustentabilidade vem ganhando for\u00e7a nos mais diversificados setores. A maneira de consumir, o descarte correto do lixo e a preocupa\u00e7\u00e3o com h\u00e1bitos sustent\u00e1veis s\u00e3o pequenas a\u00e7\u00f5es que v\u00eam se transformando. Tampinhas de embalagens como refrigerantes, [&hellip;]<\/p>\n","protected":false},"author":1,"featured_media":16060,"comment_status":"open","ping_status":"open","sticky":false,"template":"","format":"standard","meta":{"footnotes":""},"categories":[852,1837],"tags":[57,34],"_links":{"self":[{"href":"https:\/\/revidigital.ielusc.br\/index.php\/wp-json\/wp\/v2\/posts\/16058"}],"collection":[{"href":"https:\/\/revidigital.ielusc.br\/index.php\/wp-json\/wp\/v2\/posts"}],"about":[{"href":"https:\/\/revidigital.ielusc.br\/index.php\/wp-json\/wp\/v2\/types\/post"}],"author":[{"embeddable":true,"href":"https:\/\/revidigital.ielusc.br\/index.php\/wp-json\/wp\/v2\/users\/1"}],"replies":[{"embeddable":true,"href":"https:\/\/revidigital.ielusc.br\/index.php\/wp-json\/wp\/v2\/comments?post=16058"}],"version-history":[{"count":1,"href":"https:\/\/revidigital.ielusc.br\/index.php\/wp-json\/wp\/v2\/posts\/16058\/revisions"}],"predecessor-version":[{"id":16059,"href":"https:\/\/revidigital.ielusc.br\/index.php\/wp-json\/wp\/v2\/posts\/16058\/revisions\/16059"}],"wp:featuredmedia":[{"embeddable":true,"href":"https:\/\/revidigital.ielusc.br\/index.php\/wp-json\/wp\/v2\/media\/16060"}],"wp:attachment":[{"href":"https:\/\/revidigital.ielusc.br\/index.php\/wp-json\/wp\/v2\/media?parent=16058"}],"wp:term":[{"taxonomy":"category","embeddable":true,"href":"https:\/\/revidigital.ielusc.br\/index.php\/wp-json\/wp\/v2\/categories?post=16058"},{"taxonomy":"post_tag","embeddable":true,"href":"https:\/\/revidigital.ielusc.br\/index.php\/wp-json\/wp\/v2\/tags?post=16058"}],"curies":[{"name":"wp","href":"https:\/\/api.w.org\/{rel}","templated":true}]}}