{"id":16107,"date":"2024-11-06T17:12:29","date_gmt":"2024-11-06T20:12:29","guid":{"rendered":"https:\/\/revidigital.ielusc.br\/?p=16107"},"modified":"2024-11-06T17:12:30","modified_gmt":"2024-11-06T20:12:30","slug":"quem-vai-levar-confira-as-apostas-do-grammy-awards-2025","status":"publish","type":"post","link":"https:\/\/revidigital.ielusc.br\/index.php\/2024\/11\/06\/quem-vai-levar-confira-as-apostas-do-grammy-awards-2025\/","title":{"rendered":"Quem vai levar? Confira as apostas do Grammy Awards 2025"},"content":{"rendered":"\n<p><strong><em>Por Luiza Helena da Rocha<\/em><\/strong><\/p>\n\n\n\n<p>A contagem regressiva para a 67\u00aa edi\u00e7\u00e3o do Grammy Awards est\u00e1 a todo vapor, com a revela\u00e7\u00e3o dos indicados programada para esta sexta-feira, dia 8 de novembro. A divulga\u00e7\u00e3o acontecer\u00e1 por meio de uma livestream no site do evento, no endere\u00e7o live.GRAMMY.com, e tamb\u00e9m no canal oficial do Youtube.<\/p>\n\n\n\n<p>Os an\u00fancios come\u00e7ar\u00e3o \u00e0s 12h45, no hor\u00e1rio de Bras\u00edlia. Dessa maneira, ser\u00e3o divulgados os selecionados \u00e0s 94 categorias da premia\u00e7\u00e3o, como \u201c\u00c1lbum do Ano\u201d, \u201cGrava\u00e7\u00e3o do Ano\u201d, \u201cM\u00fasica do Ano\u201d, \u201cArtista Revela\u00e7\u00e3o\u201d e muitas outras.<br><br>Vale lembrar que a premia\u00e7\u00e3o reconhecer\u00e1 as melhores grava\u00e7\u00f5es, composi\u00e7\u00f5es e artistas do ano de elegibilidade, de 16 de setembro de 2023 a 30 de agosto de 2024, conforme determinado pelos membros da Academia de Grava\u00e7\u00e3o. O evento ser\u00e1 realizado no dia 2 de fevereiro de 2025, na Crypto.com Arena, em Los Angeles, Calif\u00f3rnia, nos Estados Unidos. A cerim\u00f4nia ser\u00e1 transmitida na CBS e estar\u00e1 dispon\u00edvel para streaming na Paramount+.<\/p>\n\n\n\n<h2 class=\"wp-block-heading\">Quem pode levar indica\u00e7\u00f5es no famoso Big 4?<\/h2>\n\n\n\n<p>Embora a lista oficial ainda seja segredo, as especula\u00e7\u00f5es sobre os poss\u00edveis indicados (e vencedores) j\u00e1 entraram em debate durante todo o ano. O famoso &#8220;Big 4\u201d representa os pr\u00eamios mais prestigiados e importantes da cerim\u00f4nia, sendo:<\/p>\n\n\n\n<ul>\n<li><strong>\u00c1lbum do Ano:<\/strong> concedido ao artista, compositor(es) e equipe de produ\u00e7\u00e3o de um \u00e1lbum completo.<\/li>\n\n\n\n<li><strong>Grava\u00e7\u00e3o do Ano:<\/strong> concedido ao artista e \u00e0 equipe de produ\u00e7\u00e3o de uma \u00fanica m\u00fasica.<\/li>\n\n\n\n<li><strong>M\u00fasica do Ano:<\/strong> concedida ao(s) compositor(es) de uma \u00fanica m\u00fasica.<\/li>\n\n\n\n<li><strong>Artista Revela\u00e7\u00e3o:<\/strong> concedido a um artista promissor, que lan\u00e7ou naquele ano a primeira grava\u00e7\u00e3o que fez um maior sucesso ao p\u00fablico (n\u00e3o sendo necess\u00e1rio ser o seu primeiro lan\u00e7amento).<\/li>\n<\/ul>\n\n\n\n<figure class=\"wp-block-image size-full\"><img decoding=\"async\" loading=\"lazy\" width=\"1200\" height=\"630\" src=\"https:\/\/revidigital.ielusc.br\/wp-content\/uploads\/2024\/11\/grammy-trofeu.webp\" alt=\"\" class=\"wp-image-16110\"\/><\/figure>\n\n\n\n<p>Confira as principais apostas para as categorias principais:<\/p>\n\n\n\n<h3 class=\"wp-block-heading\">\u00c1lbum do Ano<\/h3>\n\n\n\n<p>Beyonc\u00e9 \u2013 \u201cCowboy Carter\u201d<\/p>\n\n\n\n<p>Sabrina Carpenter \u2013 \u201cShort N\u2019 Sweet\u201d<\/p>\n\n\n\n<p>Billie Eilish \u2013 \u201cHit Me Hard and Soft\u201d<\/p>\n\n\n\n<p>Ariana Grande \u2013 \u201cEternal Sunshine\u201d<\/p>\n\n\n\n<p>Chappell Roan \u2013 \u201cThe Rise and Fall of a Midwest Princess\u201d<\/p>\n\n\n\n<p>Chris Stapleton \u2013 \u201cHigher\u201d<\/p>\n\n\n\n<p>Taylor Swift \u2013 \u201cThe Tortured Poets Department\u201d<\/p>\n\n\n\n<p>Tyla \u2013 \u201cTyla\u201d<\/p>\n\n\n\n<h3 class=\"wp-block-heading\">Grava\u00e7\u00e3o do Ano<\/h3>\n\n\n\n<p>Beyonc\u00e9 \u2013 \u201cTexas Hold \u2019Em\u201d<\/p>\n\n\n\n<p>Benson Boone \u2013 \u201cBeautiful Things\u201d<\/p>\n\n\n\n<p>Sabrina Carpenter \u2013 \u201cEspresso\u201d<\/p>\n\n\n\n<p>Billie Eilish \u2013 \u201cLunch\u201d<\/p>\n\n\n\n<p>Ariana Grande \u2013 \u201cWe Can\u2019t Be Friends (Wait for Your Love)\u201d<\/p>\n\n\n\n<p>Hozier \u2013 \u201cToo Sweet\u201d<\/p>\n\n\n\n<p>Kendrick Lamar \u2013 \u201cNot Like Us\u201d<\/p>\n\n\n\n<p>Chappell Roan \u2013 \u201cGood Luck, Babe!\u201d<\/p>\n\n\n\n<h3 class=\"wp-block-heading\">M\u00fasica do Ano<\/h3>\n\n\n\n<p>\u201cBeautiful Things\u201d (Benson Boone, Jack LaFrantz, Evan Blair)<\/p>\n\n\n\n<p>\u201cEspresso\u201d (Sabrina Carpenter, Amy Allen, Julian Bunetta, Steph Jones)<\/p>\n\n\n\n<p>\u201cFortnight\u201d (Taylor Swift, Post Malone, Jack Antonoff)<\/p>\n\n\n\n<p>\u201cGood Luck, Babe!\u201d (Chappell Roan, Justin Tranter, Daniel Nigro)<\/p>\n\n\n\n<p>\u201cLunch\u201d (Billie \u00adEilish, FINNEAS)<\/p>\n\n\n\n<p>\u201cNot Like Us\u201d (Kendrick Lamar)<\/p>\n\n\n\n<p>\u201cTexas Hold \u2019Em\u201d (Beyonc\u00e9, Brian Bates, Nathan Ferraro, Raphael Saadiq, Elizabeth Lowell Boland, Megan B\u00fclow)<\/p>\n\n\n\n<p>\u201cWe Can\u2019t Be Friends (Wait for Your Love)\u201d (Ariana Grande, Max Martin, ILYA)<\/p>\n\n\n\n<p>Ressalto que a diferen\u00e7a entre a Grava\u00e7\u00e3o do Ano e a M\u00fasica do Ano \u00e9 que a primeira categoria considera todo o processo de produ\u00e7\u00e3o de uma m\u00fasica. J\u00e1 a M\u00fasica do Ano considera apenas a composi\u00e7\u00e3o. Contudo, n\u00e3o \u00e9 incomum que os vencedores dessas categorias sejam o mesmo artista\/m\u00fasica.<\/p>\n\n\n\n<h3 class=\"wp-block-heading\">Artista Revela\u00e7\u00e3o<\/h3>\n\n\n\n<p>Benson Boone<\/p>\n\n\n\n<p>Sabrina Carpenter<\/p>\n\n\n\n<p>Megan Moroney<\/p>\n\n\n\n<p>Chappell Roan<\/p>\n\n\n\n<p>Sexyy Red<\/p>\n\n\n\n<p>Shaboozey<\/p>\n\n\n\n<p>Teddy Swims<\/p>\n\n\n\n<h2 class=\"wp-block-heading\">Beyonc\u00e9 finalmente levar\u00e1 o pr\u00eamio principal?<\/h2>\n\n\n\n<p>Como sempre, o ponto alto do Grammy sempre gira em torno dela, Beyonc\u00e9, que possivelmente estar\u00e1 na disputa pelo \u00c1lbum do Ano com o seu \u00faltimo lan\u00e7amento, \u201cCowboy Carter&#8221;. A pergunta que eu fa\u00e7o \u00e9: ser\u00e1 que o Grammy finalmente far\u00e1 jus \u00e0 genialidade de Beyonc\u00e9? \u00c9 inevit\u00e1vel lembrar das in\u00fameras vezes em que ela foi injusti\u00e7ada nas principais categorias da premia\u00e7\u00e3o &#8211; um hist\u00f3rico que apenas refor\u00e7a as in\u00fameras cr\u00edticas de racismo que rondam o evento.<br><br>Como alguns sabem, eu sou uma grande cr\u00edtica da premia\u00e7\u00e3o por conta de todas as pol\u00eamicas que a cercam. N\u00e3o foi \u00e0 toa que fiz um levantamento sobre a superficialidade da representa\u00e7\u00e3o negra no Grammy. Voc\u00ea pode conferir aqui: <a href=\"https:\/\/grammy-awards-o-ruido-do-silencio.vercel.app\/\"><u>https:\/\/grammy-awards-o-ruido-do-silencio.vercel.app\/<\/u><\/a> (dados atualizados at\u00e9 2023)<\/p>\n\n\n\n<p>Pois bem, por j\u00e1 entender como funciona a premia\u00e7\u00e3o, posso dizer que, por mais inovador e super bem produzido que Cowboy Carter tenha sido, ele n\u00e3o foi sequer indicado no Country Music Awards deste ano, uma exclus\u00e3o que j\u00e1 me acendeu alertas sobre poss\u00edveis &#8220;esquecimentos estrat\u00e9gicos&#8221; para o Grammy.<\/p>\n\n\n\n<p>Negar que Beyonc\u00e9 \u00e9 um \u00edcone absoluto da m\u00fasica \u00e9 imposs\u00edvel, mas a ind\u00fastria ainda parece relutar em premi\u00e1-la nas categorias principais. Ainda mais quando lembramos que Beyonc\u00e9 se tornou a artista mais premiada na hist\u00f3ria do Grammy, com um total de 32 pr\u00eamios em 88 nomea\u00e7\u00f5es, por\u00e9m, \u00e9 importante notar que, dentre esses pr\u00eamios, apenas um foi conquistado na categoria principal, quando &#8220;Single Ladies&#8221; ganhou o pr\u00eamio de M\u00fasica do Ano em 2010. Os demais pr\u00eamios foram distribu\u00eddos em categorias de R&amp;B, Rap ou Duo &#8211; g\u00eaneros que, curiosamente, historicamente foram menosprezados pela sociedade.<br><br>Ou seja, para mim, ainda n\u00e3o ser\u00e1 dessa vez. At\u00e9 mesmo porque as queridinhas da ind\u00fastria estar\u00e3o, provavelmente, concorrendo com Beyonc\u00e9. Contudo, como a esperan\u00e7a \u00e9 a \u00faltima que morre, vale ressaltar que, ao receber um pr\u00eamio honor\u00e1rio na cerim\u00f4nia de 2024, Jay-Z enfrentou essa quest\u00e3o de frente. \u201cN\u00e3o quero envergonhar esta jovem (Blue Ivy), mas ela (Beyonc\u00e9) tem mais Grammys do que todos e nunca ganhou o \u00e1lbum do ano, ent\u00e3o mesmo pelas suas pr\u00f3prias m\u00e9tricas, isso n\u00e3o funciona&#8221;, disse. Ent\u00e3o, talvez &#8211; bem talvez mesmo &#8211; esse discurso surja algum efeito\u2026 veremos!<\/p>\n\n\n\n<figure class=\"wp-block-image size-full\"><img decoding=\"async\" loading=\"lazy\" width=\"1644\" height=\"925\" src=\"https:\/\/revidigital.ielusc.br\/wp-content\/uploads\/2024\/11\/beyonce.png\" alt=\"\" class=\"wp-image-16109\" srcset=\"https:\/\/revidigital.ielusc.br\/wp-content\/uploads\/2024\/11\/beyonce.png 1644w, https:\/\/revidigital.ielusc.br\/wp-content\/uploads\/2024\/11\/beyonce-1536x864.png 1536w\" sizes=\"(max-width: 1644px) 100vw, 1644px\" \/><\/figure>\n\n\n\n<h2 class=\"wp-block-heading\">Liniker ser\u00e1 uma das representantes do Brasil no Grammy 2025?<\/h2>\n\n\n\n<p>Liniker submeteu seu \u00e1lbum \u201cCaju\u201d nas categorias Melhor \u00c1lbum de M\u00fasica Global e Melhor \u00c1lbum de Engenharia, N\u00e3o Cl\u00e1ssico. S\u00f3 saberemos se ela, de fato, vai concorrer ao Grammy quando for revelada a lista nesta sexta-feira.<br><br>Ela j\u00e1 fez hist\u00f3ria ao ser a primeira artista transg\u00eanero a ganhar um Grammy Latino na categoria de Melhor \u00c1lbum de M\u00fasica Popular Brasileira, com \u201cIndigo Borboleta Anil&#8221;, em 2022. Agora, Liniker pode retornar ainda mais forte \u00e0 disputa internacional com uma obra muito aclamada no Brasil.<\/p>\n\n\n\n<p>Com faixas como Veludo Marrom e So Special (em parceria com Tropkillaz), Liniker tamb\u00e9m se inscreveu para Melhor Performance Musical Global e Melhor Grava\u00e7\u00e3o Dance Pop. N\u00e3o h\u00e1 d\u00favida de que o impacto e a singularidade de \u201cCaju\u201d t\u00eam potencial para coloc\u00e1-la no radar internacional e, quem sabe, ela possa se tornar mais uma brasileira a levar um gramofone para casa.<\/p>\n","protected":false},"excerpt":{"rendered":"<p>Por Luiza Helena da Rocha A contagem regressiva para a 67\u00aa edi\u00e7\u00e3o do Grammy Awards est\u00e1 a todo vapor, com a revela\u00e7\u00e3o dos indicados programada para esta sexta-feira, dia 8 de novembro. A divulga\u00e7\u00e3o acontecer\u00e1 por meio de uma livestream no site do evento, no endere\u00e7o live.GRAMMY.com, e tamb\u00e9m no canal oficial do Youtube. Os [&hellip;]<\/p>\n","protected":false},"author":1,"featured_media":16108,"comment_status":"open","ping_status":"open","sticky":false,"template":"","format":"standard","meta":{"footnotes":""},"categories":[1580,1598],"tags":[1630,1753,1853,1368,90,1852,143,1581,1309],"_links":{"self":[{"href":"https:\/\/revidigital.ielusc.br\/index.php\/wp-json\/wp\/v2\/posts\/16107"}],"collection":[{"href":"https:\/\/revidigital.ielusc.br\/index.php\/wp-json\/wp\/v2\/posts"}],"about":[{"href":"https:\/\/revidigital.ielusc.br\/index.php\/wp-json\/wp\/v2\/types\/post"}],"author":[{"embeddable":true,"href":"https:\/\/revidigital.ielusc.br\/index.php\/wp-json\/wp\/v2\/users\/1"}],"replies":[{"embeddable":true,"href":"https:\/\/revidigital.ielusc.br\/index.php\/wp-json\/wp\/v2\/comments?post=16107"}],"version-history":[{"count":2,"href":"https:\/\/revidigital.ielusc.br\/index.php\/wp-json\/wp\/v2\/posts\/16107\/revisions"}],"predecessor-version":[{"id":16112,"href":"https:\/\/revidigital.ielusc.br\/index.php\/wp-json\/wp\/v2\/posts\/16107\/revisions\/16112"}],"wp:featuredmedia":[{"embeddable":true,"href":"https:\/\/revidigital.ielusc.br\/index.php\/wp-json\/wp\/v2\/media\/16108"}],"wp:attachment":[{"href":"https:\/\/revidigital.ielusc.br\/index.php\/wp-json\/wp\/v2\/media?parent=16107"}],"wp:term":[{"taxonomy":"category","embeddable":true,"href":"https:\/\/revidigital.ielusc.br\/index.php\/wp-json\/wp\/v2\/categories?post=16107"},{"taxonomy":"post_tag","embeddable":true,"href":"https:\/\/revidigital.ielusc.br\/index.php\/wp-json\/wp\/v2\/tags?post=16107"}],"curies":[{"name":"wp","href":"https:\/\/api.w.org\/{rel}","templated":true}]}}