{"id":16141,"date":"2024-11-14T16:17:58","date_gmt":"2024-11-14T19:17:58","guid":{"rendered":"https:\/\/revidigital.ielusc.br\/?p=16141"},"modified":"2024-11-14T16:19:43","modified_gmt":"2024-11-14T19:19:43","slug":"schutzenfest-de-jaragua-do-sul-traz-novidades-em-2024","status":"publish","type":"post","link":"https:\/\/revidigital.ielusc.br\/index.php\/2024\/11\/14\/schutzenfest-de-jaragua-do-sul-traz-novidades-em-2024\/","title":{"rendered":"Sch\u00fctzenfest de Jaragu\u00e1 do Sul traz novidades em 2024"},"content":{"rendered":"\n<p><em>Uma celebra\u00e7\u00e3o de cultura, tradi\u00e7\u00e3o e muita divers\u00e3o que conquista todos os visitantes<\/em><\/p>\n\n\n\n<p><em><strong>Por Luana Maia<\/strong><\/em><\/p>\n\n\n\n<p>A Sch\u00fctzenfest, tradicional Festa dos Atiradores de Jaragu\u00e1 do Sul, re\u00fane milhares de pessoas com muita cultura, divers\u00e3o, comida t\u00edpica e claro, aquele chope bem gelado. Na sua 34\u00ba edi\u00e7\u00e3o, que inicia nesta quinta-feira (7) e vai at\u00e9 o dia 17 de novembro, a Comiss\u00e3o Central Organizadora (CCO) divulgou uma nova atra\u00e7\u00e3o que promete dar um toque ainda mais especial \u00e0 essa celebra\u00e7\u00e3o: uma roda-gigante. Outra novidade \u00e9 a climatiza\u00e7\u00e3o do pavilh\u00e3o \u201cA\u201d, onde ocorrem os bailes durante todo o evento. E para alegrar o p\u00fablico infantil ter\u00e1 a \u201cCasa do Wilfried\u201d, querido mascote da Sch\u00fctzenfest.<\/p>\n\n\n\n<p>A ideia de trazer a roda-gigante \u00e9 garantir mais uma op\u00e7\u00e3o de brincadeira para as crian\u00e7as, al\u00e9m de um amplo Espa\u00e7o Kids. \u201cA Sch\u00fctzen caiu no gosto da crian\u00e7ada, ent\u00e3o j\u00e1 organizamos os atrativos da festa pensando em algo especial para elas\u201d, salienta o presidente da CCO, Alcides Pavanello. O brinquedo ser\u00e1 instalado aos fundos do Parque Municipal de Eventos e ter\u00e1 acesso gratuito.<\/p>\n\n\n\n<p>No ano passado, a Sch\u00fctzenfest organizou uma estrutura com cerca de 200 metros quadrados de pura divers\u00e3o para os pequenos. A organiza\u00e7\u00e3o do evento resolveu, al\u00e9m de manter o Espa\u00e7o Kids, iniciativa que tanto agradou o p\u00fablico em 2023, trazer ainda mais entretenimento com a instala\u00e7\u00e3o da roda-gigante. \u201cNovamente teremos uma \u00e1rea dedicada especialmente \u00e0s crian\u00e7as, com v\u00e1rias op\u00e7\u00f5es de brinquedos e acompanhamento de monitores\u201d, explica Alcides. No local haver\u00e1 mesas e bancos, para comodidade das fam\u00edlias.<\/p>\n\n\n\n<p>Pensando na inova\u00e7\u00e3o do local, a decis\u00e3o de climatizar o pavilh\u00e3o \u201cA\u201d veio atrav\u00e9s do apelo popular. \u201cTodos os anos procuramos inovar e uma das novidades nesta edi\u00e7\u00e3o \u00e9 a climatiza\u00e7\u00e3o de 100% do principal ambiente da festa. Trata-se de uma reivindica\u00e7\u00e3o dos frequentadores em dias de grande movimenta\u00e7\u00e3o no Pavilh\u00e3o &#8220;A&#8221;, e neste ano vamos conseguir atender\u201d, compartilha o presidente Pavanello.<\/p>\n\n\n\n<p>Para a alegria das crian\u00e7as a \u201cCasa do Wilfried\u201d, \u00e9 mais uma novidade na 34\u00ba edi\u00e7\u00e3o da Festa dos Atiradores. Localizada pr\u00f3ximo ao estande de tiro, o espa\u00e7o foi projetado para que os pais e respons\u00e1veis \u200b\u200blevem seus filhos para interagir com o mascote oficial da festa, proporcionando momentos de divers\u00e3o e mem\u00f3rias familiares.<\/p>\n\n\n\n<figure class=\"wp-block-image size-full is-resized\"><img decoding=\"async\" loading=\"lazy\" src=\"https:\/\/revidigital.ielusc.br\/wp-content\/uploads\/2024\/11\/a140e925-6484-486d-bfa6-8dcda45e0f99.jpg\" alt=\"\" class=\"wp-image-16161\" style=\"width:840px;height:837px\" width=\"840\" height=\"837\" srcset=\"https:\/\/revidigital.ielusc.br\/wp-content\/uploads\/2024\/11\/a140e925-6484-486d-bfa6-8dcda45e0f99.jpg 1290w, https:\/\/revidigital.ielusc.br\/wp-content\/uploads\/2024\/11\/a140e925-6484-486d-bfa6-8dcda45e0f99-150x150.jpg 150w\" sizes=\"(max-width: 840px) 100vw, 840px\" \/><figcaption class=\"wp-element-caption\">A festa dos atiradores \u00e9 uma tradi\u00e7\u00e3o que iniciou na Alemanha. Cr\u00e9ditos: Instagram: Schutzenfest.<\/figcaption><\/figure>\n\n\n\n<h2 class=\"wp-block-heading\"><strong>Realeza que marca tradi\u00e7\u00e3o e cultura<\/strong><\/h2>\n\n\n\n<p>A Sch\u00fctzenfest \u00e9 marcada pela cultura germ\u00e2nica. Pensando nisso, a realeza tem o poder de representar as mem\u00f3rias dos imigrantes alem\u00e3es. Julia Emmend\u00f6rfer Regis, 20, que \u00e9 a primeira princesa desta edi\u00e7\u00e3o relata: \u201c\u00e9 um sonho poder representar a maior Festa de Atiradores do Brasil, e assim manter viva a cultura e as tradi\u00e7\u00f5es de meus ancestrais. Sou muito grata pela oportunidade e honrarei com muita responsabilidade e alegria\u201d.&nbsp;<\/p>\n\n\n\n<p>O concurso realizado em todas as edi\u00e7\u00f5es \u00e9 uma tradi\u00e7\u00e3o que garante o sucesso . Durante a programa\u00e7\u00e3o, as tr\u00eas jovens s\u00e3o escolhidas para representar a Sch\u00fctzenfest no ano seguinte, ou seja, a realeza de 2024 foi escolhida em 2023. O evento movimenta as 17 sociedades integrantes da festa, que indicam suas realezas para concorrer ao t\u00edtulo.<\/p>\n\n\n\n<p>Desde a decis\u00e3o no ano anterior, os preparativos para atuar na Sch\u00fctzenfest ficam intensos. Entre os requisitos para se tornarem a realeza \u00e9 preciso ter uma boa orat\u00f3ria, saber da cultura e das tradi\u00e7\u00f5es alem\u00e3s. \u201cVenho me preparando desde o ano passado. Representar a Sch\u00fctzenfest \u00e9 uma das minhas prioridades, mantenho o foco nos eventos e cuido da minha sa\u00fade f\u00edsica e mental\u201d, explica Julia.<\/p>\n\n\n\n<p>No decorrer do evento, a rainha e as princesas marcam presen\u00e7a com sua simpatia e graciosidade. Rafael Koerich, coordenador da realeza, destaca que \u201celas nos representam muito bem por onde passam, al\u00e9m da beleza natural, elas s\u00e3o muito simp\u00e1ticas e atenciosas com todo tipo de p\u00fablico, eu ajudo com essas posturas e com certeza acompanho esse sonho de colocar os seus nomes na hist\u00f3ria da festa.\u201d<\/p>\n\n\n\n<p>Os desfiles s\u00e3o uma oportunidade de socializa\u00e7\u00e3o entre a popula\u00e7\u00e3o, com elementos da cultura germ\u00e2nica, esse momento resgata a hist\u00f3ria dos alem\u00e3es. A apari\u00e7\u00e3o e o contato com a realeza s\u00e3o esperados por todo o p\u00fablico. \u201cA melhor parte \u00e9 o momento dos desfiles, onde estamos junto com as pessoas de nossa cidade e regi\u00e3o. Nestes momentos o cora\u00e7\u00e3o enche de alegria pois recebemos muito carinho, principalmente das crian\u00e7as\u201d, relata Julia.<\/p>\n\n\n\n<figure class=\"wp-block-image size-full\"><img decoding=\"async\" loading=\"lazy\" width=\"1271\" height=\"1271\" src=\"https:\/\/revidigital.ielusc.br\/wp-content\/uploads\/2024\/11\/c83018c5-d790-47ee-bdb2-549eede7577a.jpg\" alt=\"\" class=\"wp-image-16162\" srcset=\"https:\/\/revidigital.ielusc.br\/wp-content\/uploads\/2024\/11\/c83018c5-d790-47ee-bdb2-549eede7577a.jpg 1271w, https:\/\/revidigital.ielusc.br\/wp-content\/uploads\/2024\/11\/c83018c5-d790-47ee-bdb2-549eede7577a-150x150.jpg 150w\" sizes=\"(max-width: 1271px) 100vw, 1271px\" \/><figcaption class=\"wp-element-caption\">Cr\u00e9ditos: Instagram: Schutzenfest.<\/figcaption><\/figure>\n","protected":false},"excerpt":{"rendered":"<p>Uma celebra\u00e7\u00e3o de cultura, tradi\u00e7\u00e3o e muita divers\u00e3o que conquista todos os visitantes Por Luana Maia A Sch\u00fctzenfest, tradicional Festa dos Atiradores de Jaragu\u00e1 do Sul, re\u00fane milhares de pessoas com muita cultura, divers\u00e3o, comida t\u00edpica e claro, aquele chope bem gelado. Na sua 34\u00ba edi\u00e7\u00e3o, que inicia nesta quinta-feira (7) e vai at\u00e9 o [&hellip;]<\/p>\n","protected":false},"author":1,"featured_media":16161,"comment_status":"open","ping_status":"open","sticky":false,"template":"","format":"standard","meta":{"footnotes":""},"categories":[88,1837],"tags":[90,1880,330,1878,698,1879,991],"_links":{"self":[{"href":"https:\/\/revidigital.ielusc.br\/index.php\/wp-json\/wp\/v2\/posts\/16141"}],"collection":[{"href":"https:\/\/revidigital.ielusc.br\/index.php\/wp-json\/wp\/v2\/posts"}],"about":[{"href":"https:\/\/revidigital.ielusc.br\/index.php\/wp-json\/wp\/v2\/types\/post"}],"author":[{"embeddable":true,"href":"https:\/\/revidigital.ielusc.br\/index.php\/wp-json\/wp\/v2\/users\/1"}],"replies":[{"embeddable":true,"href":"https:\/\/revidigital.ielusc.br\/index.php\/wp-json\/wp\/v2\/comments?post=16141"}],"version-history":[{"count":3,"href":"https:\/\/revidigital.ielusc.br\/index.php\/wp-json\/wp\/v2\/posts\/16141\/revisions"}],"predecessor-version":[{"id":16164,"href":"https:\/\/revidigital.ielusc.br\/index.php\/wp-json\/wp\/v2\/posts\/16141\/revisions\/16164"}],"wp:featuredmedia":[{"embeddable":true,"href":"https:\/\/revidigital.ielusc.br\/index.php\/wp-json\/wp\/v2\/media\/16161"}],"wp:attachment":[{"href":"https:\/\/revidigital.ielusc.br\/index.php\/wp-json\/wp\/v2\/media?parent=16141"}],"wp:term":[{"taxonomy":"category","embeddable":true,"href":"https:\/\/revidigital.ielusc.br\/index.php\/wp-json\/wp\/v2\/categories?post=16141"},{"taxonomy":"post_tag","embeddable":true,"href":"https:\/\/revidigital.ielusc.br\/index.php\/wp-json\/wp\/v2\/tags?post=16141"}],"curies":[{"name":"wp","href":"https:\/\/api.w.org\/{rel}","templated":true}]}}