{"id":16201,"date":"2024-11-29T16:29:27","date_gmt":"2024-11-29T19:29:27","guid":{"rendered":"https:\/\/revidigital.ielusc.br\/?p=16201"},"modified":"2024-11-29T16:29:29","modified_gmt":"2024-11-29T19:29:29","slug":"aumento-da-criminalidade-desafia-seguranca-publica-em-joinville","status":"publish","type":"post","link":"https:\/\/revidigital.ielusc.br\/index.php\/2024\/11\/29\/aumento-da-criminalidade-desafia-seguranca-publica-em-joinville\/","title":{"rendered":"Aumento da criminalidade desafia seguran\u00e7a p\u00fablica em Joinville"},"content":{"rendered":"\n<p><em><strong>Por Stefani Junge <\/strong><\/em><\/p>\n\n\n\n<p>Joinville enfrenta uma mudan\u00e7a preocupante no cen\u00e1rio de seguran\u00e7a. Nos primeiros nove meses de 2024, a cidade registrou 28 homic\u00eddios, tornando-se o munic\u00edpio com a maior taxa do crime em Santa Catarina. Embora Joinville ainda seja considerada segura, conforme o Anu\u00e1rio 2023 do IBGE, o aumento da criminalidade indica a necessidade urgente de estrat\u00e9gias de preven\u00e7\u00e3o mais eficazes.<\/p>\n\n\n\n<p>Um caso ocorrido em maio ilustra essa nova realidade: um casal do bairro Pirabeiraba assassinou seu inquilino ap\u00f3s um desentendimento sobre o im\u00f3vel. Al\u00e9m disso, casos em que o criminoso tem uma rela\u00e7\u00e3o com a v\u00edtima complicam a preven\u00e7\u00e3o e dificultam investiga\u00e7\u00f5es eficazes. Especialistas sugerem a instala\u00e7\u00e3o de c\u00e2meras de monitoramento em \u00e1reas vulner\u00e1veis para melhorar a resposta e o controle da viol\u00eancia.<\/p>\n\n\n\n<p>O delegado Eduardo Franco Defaveri, da Pol\u00edcia Civil de Santa Catarina, que atua na comarca de Joinville, enfatiza a import\u00e2ncia da participa\u00e7\u00e3o da comunidade na preven\u00e7\u00e3o ao crime. \u201c\u00c9 fundamental que a popula\u00e7\u00e3o permane\u00e7a vigilante e reporte qualquer atividade suspeita\u201d, orienta. Ele tamb\u00e9m alerta sobre o aumento de golpes digitais, ressaltando que \u201cquando algo parece bom demais para ser verdade, geralmente \u00e9\u201d.<\/p>\n\n\n\n<p>Al\u00e9m dos homic\u00eddios, Joinville tamb\u00e9m registra aumento em outros crimes. Em outubro, uma loja de bal\u00f5es no centro da cidade foi furtada duas vezes no mesmo dia, destacando a fragilidade da seguran\u00e7a local. C\u00e2meras de seguran\u00e7a registraram as invas\u00f5es, com dois suspeitos diferentes levando itens valiosos.<\/p>\n\n\n\n<h2 class=\"wp-block-heading\"><strong>Prote\u00e7\u00e3o como prioridade<\/strong><\/h2>\n\n\n\n<p>A Secretaria de Seguran\u00e7a P\u00fablica de Santa Catarina, em nota, reconhece os n\u00fameros preocupantes, mas aponta que, em compara\u00e7\u00e3o com anos anteriores, os \u00edndices de 2024 ainda s\u00e3o inferiores aos de 2021 e 2022. At\u00e9 setembro, 433 pessoas foram assassinadas no estado. Ainda em nota, a Secretaria ressalta que cerca de 50% das v\u00edtimas de latroc\u00ednio s\u00e3o idosos, o que os torna alvos vulner\u00e1veis. Outro fator \u00e9 que muitos desses crimes t\u00eam ocorrido em pequenos munic\u00edpios, refletindo um deslocamento da criminalidade para \u00e1reas com menos estrutura de seguran\u00e7a.<\/p>\n\n\n\n<p>Apesar dos dados, 72% dos autores de latroc\u00ednios est\u00e3o presos, segundo a Secretaria. No entanto, ainda existem lacunas a serem preenchidas. O delegado Defaveri reafirma a necessidade de mais c\u00e2meras de monitoramento, especialmente nas \u00e1reas perif\u00e9ricas de Joinville, para auxiliar na preven\u00e7\u00e3o e nas investiga\u00e7\u00f5es. \u201cPrecisamos de mais c\u00e2meras para dar \u00e0 popula\u00e7\u00e3o uma sensa\u00e7\u00e3o de seguran\u00e7a e para que possamos conseguir agir rapidamente em situa\u00e7\u00f5es suspeitas\u201d, afirma.<\/p>\n\n\n\n<p>Diante dessa situa\u00e7\u00e3o, \u00e9 essencial um fortalecimento das pol\u00edticas de seguran\u00e7a e um compromisso cont\u00ednuo para prevenir o aumento da criminalidade em Joinville. \u201cO crime est\u00e1 sempre evoluindo, e precisamos focar mais na preven\u00e7\u00e3o e na educa\u00e7\u00e3o para enfrentar os desafios futuros\u201d, conclui Defaveri.<\/p>\n","protected":false},"excerpt":{"rendered":"<p>Por Stefani Junge Joinville enfrenta uma mudan\u00e7a preocupante no cen\u00e1rio de seguran\u00e7a. Nos primeiros nove meses de 2024, a cidade registrou 28 homic\u00eddios, tornando-se o munic\u00edpio com a maior taxa do crime em Santa Catarina. Embora Joinville ainda seja considerada segura, conforme o Anu\u00e1rio 2023 do IBGE, o aumento da criminalidade indica a necessidade urgente [&hellip;]<\/p>\n","protected":false},"author":1,"featured_media":16202,"comment_status":"open","ping_status":"open","sticky":false,"template":"","format":"standard","meta":{"footnotes":""},"categories":[1837,30],"tags":[1905,1906,1904,48,1903,1907,602],"_links":{"self":[{"href":"https:\/\/revidigital.ielusc.br\/index.php\/wp-json\/wp\/v2\/posts\/16201"}],"collection":[{"href":"https:\/\/revidigital.ielusc.br\/index.php\/wp-json\/wp\/v2\/posts"}],"about":[{"href":"https:\/\/revidigital.ielusc.br\/index.php\/wp-json\/wp\/v2\/types\/post"}],"author":[{"embeddable":true,"href":"https:\/\/revidigital.ielusc.br\/index.php\/wp-json\/wp\/v2\/users\/1"}],"replies":[{"embeddable":true,"href":"https:\/\/revidigital.ielusc.br\/index.php\/wp-json\/wp\/v2\/comments?post=16201"}],"version-history":[{"count":1,"href":"https:\/\/revidigital.ielusc.br\/index.php\/wp-json\/wp\/v2\/posts\/16201\/revisions"}],"predecessor-version":[{"id":16203,"href":"https:\/\/revidigital.ielusc.br\/index.php\/wp-json\/wp\/v2\/posts\/16201\/revisions\/16203"}],"wp:featuredmedia":[{"embeddable":true,"href":"https:\/\/revidigital.ielusc.br\/index.php\/wp-json\/wp\/v2\/media\/16202"}],"wp:attachment":[{"href":"https:\/\/revidigital.ielusc.br\/index.php\/wp-json\/wp\/v2\/media?parent=16201"}],"wp:term":[{"taxonomy":"category","embeddable":true,"href":"https:\/\/revidigital.ielusc.br\/index.php\/wp-json\/wp\/v2\/categories?post=16201"},{"taxonomy":"post_tag","embeddable":true,"href":"https:\/\/revidigital.ielusc.br\/index.php\/wp-json\/wp\/v2\/tags?post=16201"}],"curies":[{"name":"wp","href":"https:\/\/api.w.org\/{rel}","templated":true}]}}