{"id":16210,"date":"2024-11-22T16:33:09","date_gmt":"2024-11-22T19:33:09","guid":{"rendered":"https:\/\/revidigital.ielusc.br\/?p=16210"},"modified":"2024-11-22T16:33:10","modified_gmt":"2024-11-22T19:33:10","slug":"dia-mundial-da-adocao-reforca-debate-em-joinville","status":"publish","type":"post","link":"https:\/\/revidigital.ielusc.br\/index.php\/2024\/11\/22\/dia-mundial-da-adocao-reforca-debate-em-joinville\/","title":{"rendered":"Dia Mundial da Ado\u00e7\u00e3o refor\u00e7a debate em Joinville"},"content":{"rendered":"\n<p><em>Grupo de apoio em Joinville oferece assist\u00eancia para fam\u00edlias que desejam receber crian\u00e7as e adolescentes<\/em><\/p>\n\n\n\n<p><strong><em>Henrique Duarte<\/em><\/strong><\/p>\n\n\n\n<p>No Dia Mundial da Ado\u00e7\u00e3o, comemorado em 9 de novembro, o Grupo de Estudos e Apoio \u00e0 Ado\u00e7\u00e3o de Joinville (GEAAJ) refor\u00e7a o trabalho de conscientiza\u00e7\u00e3o e apoio cont\u00ednuo \u00e0s fam\u00edlias cadastradas. Com 25 anos de atua\u00e7\u00e3o, a entidade atua para desmistificar o processo legal, combatendo preconceitos e oferecendo suporte a quem deseja abrir seu lar para crian\u00e7as e adolescentes.<\/p>\n\n\n\n<p>No Brasil, o processo \u00e9 rigoroso, com diversas etapas que visam assegurar o bem-estar da crian\u00e7a e preparar os pais. Em Joinville, Fernando Pires, presidente do GEAAJ, afirma que a situa\u00e7\u00e3o \u00e9 semelhante \u00e0 de outras cidades, com uma burocracia necess\u00e1ria para garantir a prote\u00e7\u00e3o das crian\u00e7as e a responsabilidade das fam\u00edlias. \u201cCada etapa, desde a habilita\u00e7\u00e3o at\u00e9 o acompanhamento psicol\u00f3gico e social, \u00e9 pensada para que a perfilha\u00e7\u00e3o ocorra de forma segura e respons\u00e1vel\u201d, explica Fernando.<\/p>\n\n\n\n<p>Apesar de mais de 420 fam\u00edlias estarem habilitadas na cidade, crian\u00e7as fora do perfil desejado ainda enfrentam desafios. A maioria dos pretendentes busca crian\u00e7as pequenas, de at\u00e9 sete anos, especialmente beb\u00eas. No entanto, a realidade do sistema revela que a demanda por crian\u00e7as mais velhas e adolescentes \u00e9 menor, o que resulta em um n\u00famero significativo de jovens que ficam mais tempo em abrigos, esperando por uma fam\u00edlia.<\/p>\n\n\n\n<p>Para o GEAAJ, um dos maiores obst\u00e1culos \u00e9 a desconstru\u00e7\u00e3o de preconceitos, especialmente no que diz respeito \u00e0s crian\u00e7as mais velhas e adolescentes, bem como aquelas com necessidades especiais. Fernando Pires enfatiza que o acolhimento deve ser visto como um processo consciente de forma\u00e7\u00e3o de v\u00ednculos, e n\u00e3o como um simples ato de caridade. \u201cQueremos que a sociedade entenda que ado\u00e7\u00e3o \u00e9 uma escolha de amor, n\u00e3o de piedade. Precisamos mudar a percep\u00e7\u00e3o de que \u00e9 mais f\u00e1cil adotar beb\u00eas do que crian\u00e7as mais velhas\u201d, destaca.<\/p>\n\n\n\n<p>Um exemplo \u00e9 a hist\u00f3ria do advogado Jo\u00e3o Carlos Pedri, pai n\u00e3o biol\u00f3gico de Tiago, de 14 anos. Jo\u00e3o compartilha que a ajuda recebida foi essencial para a adapta\u00e7\u00e3o de sua fam\u00edlia. &#8220;Aos poucos, fomos compreendendo que acolher um adolescente exige muito mais paci\u00eancia e abertura para entender o passado da crian\u00e7a. O apoio de profissionais foi fundamental para que nossa rela\u00e7\u00e3o se estabelecesse de maneira saud\u00e1vel e positiva&#8221;, relata.<\/p>\n\n\n\n<p>Al\u00e9m das reuni\u00f5es de orienta\u00e7\u00e3o e palestras educativas abertas ao p\u00fablico, o GEAAJ tem se empenhado em sensibilizar a comunidade sobre a import\u00e2ncia da ado\u00e7\u00e3o de crian\u00e7as mais velhas e com necessidades especiais. As a\u00e7\u00f5es buscam n\u00e3o apenas desmistificar o processo, mas tamb\u00e9m criar uma nova perspectiva sobre o termo, destacando que crian\u00e7as de todas as idades podem ser acolhidas com amor.<\/p>\n\n\n\n<h2 class=\"wp-block-heading\"><strong>GEAAJ apoia fam\u00edlias durante adapta\u00e7\u00e3o das crian\u00e7as<\/strong><\/h2>\n\n\n\n<p>O GEAAJ tamb\u00e9m oferece apoio cont\u00ednuo \u00e0s fam\u00edlias durante o processo de amparo, com eventos de integra\u00e7\u00e3o que ajudam na adapta\u00e7\u00e3o das novas estruturas familiares. Para Fernando, a prepara\u00e7\u00e3o das fam\u00edlias \u00e9 essencial para garantir que estejam bem estruturadas e conscientes das responsabilidades envolvidas. \u201cQueremos que esses lares estejam preparados para acolher e compreender as particularidades de cada crian\u00e7a\u201d, afirma o presidente do GEAAJ.<\/p>\n\n\n\n<p>Uma das a\u00e7\u00f5es mais importantes do GEAAJ \u00e9 a realiza\u00e7\u00e3o de encontros em grupo, quando fam\u00edlias podem compartilhar suas viv\u00eancias, desafios e aprendizados. Esses momentos de troca fortalecem a rede de apoio e ajudam os pais a se sentirem acolhidos em um ambiente onde todos enfrentam os mesmos desafios.<\/p>\n\n\n\n<p>A psic\u00f3loga Luisa Dotto, especializada em terapia familiar, destaca a import\u00e2ncia de programas como os realizados pelo GEAAJ para a prepara\u00e7\u00e3o emocional das fam\u00edlias. &#8220;Esses programas s\u00e3o fundamentais, pois preparam os pais para os desafios emocionais e comportamentais que podem surgir durante o processo de. A troca de experi\u00eancias e a orienta\u00e7\u00e3o psicol\u00f3gica s\u00e3o essenciais para criar v\u00ednculos saud\u00e1veis e ajudar tanto os pais quanto as crian\u00e7as a lidarem com as quest\u00f5es do passado e as expectativas do futuro&#8221;, afirma a especialista.<\/p>\n\n\n\n<p>Em um cen\u00e1rio em que a ado\u00e7\u00e3o enfrenta mitos e desinforma\u00e7\u00e3o, o GEAAJ realiza campanhas peri\u00f3dicas nas redes sociais e promove eventos comunit\u00e1rios com o objetivo de aproximar a popula\u00e7\u00e3o da realidade das crian\u00e7as e adolescentes que aguardam por um lar. O GEAAJ garante que mais crian\u00e7as e adolescentes encontrem lares amorosos, preparados para receb\u00ea-los e oferecer um futuro digno e cheio de possibilidades. As fam\u00edlias interessadas podem encontrar apoio e informa\u00e7\u00f5es com o grupo, que conta com uma equipe preparada para orientar e esclarecer d\u00favidas sobre o processo.<\/p>\n","protected":false},"excerpt":{"rendered":"<p>Grupo de apoio em Joinville oferece assist\u00eancia para fam\u00edlias que desejam receber crian\u00e7as e adolescentes Henrique Duarte No Dia Mundial da Ado\u00e7\u00e3o, comemorado em 9 de novembro, o Grupo de Estudos e Apoio \u00e0 Ado\u00e7\u00e3o de Joinville (GEAAJ) refor\u00e7a o trabalho de conscientiza\u00e7\u00e3o e apoio cont\u00ednuo \u00e0s fam\u00edlias cadastradas. Com 25 anos de atua\u00e7\u00e3o, a [&hellip;]<\/p>\n","protected":false},"author":1,"featured_media":16211,"comment_status":"open","ping_status":"open","sticky":false,"template":"","format":"standard","meta":{"footnotes":""},"categories":[97,1837],"tags":[1918,61,1920,1577,111,1916,1919,1917,48],"_links":{"self":[{"href":"https:\/\/revidigital.ielusc.br\/index.php\/wp-json\/wp\/v2\/posts\/16210"}],"collection":[{"href":"https:\/\/revidigital.ielusc.br\/index.php\/wp-json\/wp\/v2\/posts"}],"about":[{"href":"https:\/\/revidigital.ielusc.br\/index.php\/wp-json\/wp\/v2\/types\/post"}],"author":[{"embeddable":true,"href":"https:\/\/revidigital.ielusc.br\/index.php\/wp-json\/wp\/v2\/users\/1"}],"replies":[{"embeddable":true,"href":"https:\/\/revidigital.ielusc.br\/index.php\/wp-json\/wp\/v2\/comments?post=16210"}],"version-history":[{"count":1,"href":"https:\/\/revidigital.ielusc.br\/index.php\/wp-json\/wp\/v2\/posts\/16210\/revisions"}],"predecessor-version":[{"id":16212,"href":"https:\/\/revidigital.ielusc.br\/index.php\/wp-json\/wp\/v2\/posts\/16210\/revisions\/16212"}],"wp:featuredmedia":[{"embeddable":true,"href":"https:\/\/revidigital.ielusc.br\/index.php\/wp-json\/wp\/v2\/media\/16211"}],"wp:attachment":[{"href":"https:\/\/revidigital.ielusc.br\/index.php\/wp-json\/wp\/v2\/media?parent=16210"}],"wp:term":[{"taxonomy":"category","embeddable":true,"href":"https:\/\/revidigital.ielusc.br\/index.php\/wp-json\/wp\/v2\/categories?post=16210"},{"taxonomy":"post_tag","embeddable":true,"href":"https:\/\/revidigital.ielusc.br\/index.php\/wp-json\/wp\/v2\/tags?post=16210"}],"curies":[{"name":"wp","href":"https:\/\/api.w.org\/{rel}","templated":true}]}}