{"id":16229,"date":"2024-11-29T17:31:52","date_gmt":"2024-11-29T20:31:52","guid":{"rendered":"https:\/\/revidigital.ielusc.br\/?p=16229"},"modified":"2024-11-29T19:37:07","modified_gmt":"2024-11-29T22:37:07","slug":"role-da-revi-confira-a-agenda-do-fim-de-semana-31","status":"publish","type":"post","link":"https:\/\/revidigital.ielusc.br\/index.php\/2024\/11\/29\/role-da-revi-confira-a-agenda-do-fim-de-semana-31\/","title":{"rendered":"Rol\u00ea da Revi: confira a agenda do fim de semana"},"content":{"rendered":"\n<h2 class=\"wp-block-heading\"><strong>Trenzinho Solid\u00e1rio do Shopping Mueller<\/strong><\/h2>\n\n\n\n<p>O&nbsp; trenzinho que leva o p\u00fablico a um passeio pelo Centro de Joinville, j\u00e1 est\u00e1 em opera\u00e7\u00e3o. At\u00e9 23 de dezembro, far\u00e1 passeios das 12h \u00e0s 21h30 e intervalos entre 18h e 19h; no dia 24 de dezembro das 10h \u00e0s 13h. O embarque e o desembarque s\u00e3o realizados em frente \u00e0 entrada de acesso \u00e0 Cassol. O valor do ingresso \u00e9 de R$ 10,00 (adultos e crian\u00e7as), e poder\u00e3o ser adquiridos no Caixa Solid\u00e1rio, no primeiro piso, pr\u00f3ximo \u00e0 decora\u00e7\u00e3o. Crian\u00e7as de at\u00e9 dois anos est\u00e3o isentas de pagamento e crian\u00e7as menores de 12 precisam ser acompanhadas dos pais. Neste ano o trenzinho far\u00e1 uma parada na Pra\u00e7a da Bandeira, sempre \u00e0s 19h30, para pegar e deixar passageiros.<\/p>\n\n\n\n<h2 class=\"wp-block-heading\"><strong>Feira de Arte e Natal<\/strong><\/h2>\n\n\n\n<p>Entre os dias 30 de novembro e 8 de dezembro, ocorre a Feira de Arte e Natal &#8220;Arte para Ser&#8221;. O evento ser\u00e1 na Galeria 33 e reunir\u00e1 arte, artesanato, apresenta\u00e7\u00f5es, \u00e1rea kids e atra\u00e7\u00f5es culturais.<\/p>\n\n\n\n<p><strong>Confira os hor\u00e1rios:<\/strong><\/p>\n\n\n\n<ul>\n<li>Ter\u00e7a-feira a sexta-feira: 14h \u00e0s 21h<\/li>\n\n\n\n<li>S\u00e1bado: 10h \u00e0s 20h<\/li>\n\n\n\n<li>Domingo: 10h \u00e0s 18h<\/li>\n<\/ul>\n\n\n\n<h2 class=\"wp-block-heading\"><strong>Conta\u00e7\u00e3o de hist\u00f3rias&nbsp;<\/strong><\/h2>\n\n\n\n<p>O evento promovido pela Livrarias Curitiba ocorre todos os s\u00e1bados, \u00e0s 15h. Com a inten\u00e7\u00e3o de promover atividades educativas para as crian\u00e7as e estimular a leitura. A Hora do Conto acontece neste s\u00e1bado (30), no Shopping Garten, sendo totalmente gratuita.<\/p>\n","protected":false},"excerpt":{"rendered":"<p>Trenzinho Solid\u00e1rio do Shopping Mueller O&nbsp; trenzinho que leva o p\u00fablico a um passeio pelo Centro de Joinville, j\u00e1 est\u00e1 em opera\u00e7\u00e3o. At\u00e9 23 de dezembro, far\u00e1 passeios das 12h \u00e0s 21h30 e intervalos entre 18h e 19h; no dia 24 de dezembro das 10h \u00e0s 13h. O embarque e o desembarque s\u00e3o realizados em [&hellip;]<\/p>\n","protected":false},"author":32,"featured_media":15198,"comment_status":"open","ping_status":"open","sticky":false,"template":"","format":"standard","meta":{"footnotes":""},"categories":[14],"tags":[162,1862,48,331],"_links":{"self":[{"href":"https:\/\/revidigital.ielusc.br\/index.php\/wp-json\/wp\/v2\/posts\/16229"}],"collection":[{"href":"https:\/\/revidigital.ielusc.br\/index.php\/wp-json\/wp\/v2\/posts"}],"about":[{"href":"https:\/\/revidigital.ielusc.br\/index.php\/wp-json\/wp\/v2\/types\/post"}],"author":[{"embeddable":true,"href":"https:\/\/revidigital.ielusc.br\/index.php\/wp-json\/wp\/v2\/users\/32"}],"replies":[{"embeddable":true,"href":"https:\/\/revidigital.ielusc.br\/index.php\/wp-json\/wp\/v2\/comments?post=16229"}],"version-history":[{"count":2,"href":"https:\/\/revidigital.ielusc.br\/index.php\/wp-json\/wp\/v2\/posts\/16229\/revisions"}],"predecessor-version":[{"id":16231,"href":"https:\/\/revidigital.ielusc.br\/index.php\/wp-json\/wp\/v2\/posts\/16229\/revisions\/16231"}],"wp:featuredmedia":[{"embeddable":true,"href":"https:\/\/revidigital.ielusc.br\/index.php\/wp-json\/wp\/v2\/media\/15198"}],"wp:attachment":[{"href":"https:\/\/revidigital.ielusc.br\/index.php\/wp-json\/wp\/v2\/media?parent=16229"}],"wp:term":[{"taxonomy":"category","embeddable":true,"href":"https:\/\/revidigital.ielusc.br\/index.php\/wp-json\/wp\/v2\/categories?post=16229"},{"taxonomy":"post_tag","embeddable":true,"href":"https:\/\/revidigital.ielusc.br\/index.php\/wp-json\/wp\/v2\/tags?post=16229"}],"curies":[{"name":"wp","href":"https:\/\/api.w.org\/{rel}","templated":true}]}}